{"id":35258,"date":"2023-09-24T20:34:51","date_gmt":"2023-09-24T23:34:51","guid":{"rendered":"https:\/\/radiorevelacionfm.cl\/?p=35258"},"modified":"2023-09-24T20:40:17","modified_gmt":"2023-09-24T23:40:17","slug":"diputado-alinco-mostro-disposicion-a-trabajar-y-legislar-en-temas-de-salud-pero-llama-a-evitar-despidos-post-pandemia-que-afectaran-al-sector-salud","status":"publish","type":"post","link":"https:\/\/radiorevelacionfm.cl\/?p=35258","title":{"rendered":"Diputado Alinco mostr\u00f3 disposici\u00f3n a trabajar y legislar en temas de Salud, pero llama a evitar despidos post pandemia que afectar\u00e1 finalmente a las comunidades"},"content":{"rendered":"<div class=\"flex_column av_one_full  flex_column_div av-zero-column-padding first  avia-builder-el-0  el_before_av_one_full  avia-builder-el-first  \" style='border-radius:0px; '><div  class='avia-image-container  av-styling-    avia-builder-el-1  avia-builder-el-no-sibling  avia-align-center '  itemprop=\"image\" itemscope=\"itemscope\" itemtype=\"https:\/\/schema.org\/ImageObject\"  ><div class='avia-image-container-inner'><div class='avia-image-overlay-wrap'><img decoding=\"async\" class='wp-image-35259 avia-img-lazy-loading-not-35259 avia_image' src=\"https:\/\/radiorevelacionfm.cl\/wp-content\/uploads\/2023\/09\/WhatsApp-Image-2023-09-24-at-12.35.13-PM-1-1.jpeg\" alt='' title='WhatsApp Image 2023-09-24 at 12.35.13 PM (1) (1)' height=\"600\" width=\"1340\"  itemprop=\"thumbnailUrl\" srcset=\"https:\/\/radiorevelacionfm.cl\/wp-content\/uploads\/2023\/09\/WhatsApp-Image-2023-09-24-at-12.35.13-PM-1-1.jpeg 1340w, https:\/\/radiorevelacionfm.cl\/wp-content\/uploads\/2023\/09\/WhatsApp-Image-2023-09-24-at-12.35.13-PM-1-1-300x134.jpeg 300w, https:\/\/radiorevelacionfm.cl\/wp-content\/uploads\/2023\/09\/WhatsApp-Image-2023-09-24-at-12.35.13-PM-1-1-1030x461.jpeg 1030w, https:\/\/radiorevelacionfm.cl\/wp-content\/uploads\/2023\/09\/WhatsApp-Image-2023-09-24-at-12.35.13-PM-1-1-768x344.jpeg 768w, https:\/\/radiorevelacionfm.cl\/wp-content\/uploads\/2023\/09\/WhatsApp-Image-2023-09-24-at-12.35.13-PM-1-1-705x316.jpeg 705w, https:\/\/radiorevelacionfm.cl\/wp-content\/uploads\/2023\/09\/WhatsApp-Image-2023-09-24-at-12.35.13-PM-1-1-450x201.jpeg 450w, https:\/\/radiorevelacionfm.cl\/wp-content\/uploads\/2023\/09\/WhatsApp-Image-2023-09-24-at-12.35.13-PM-1-1-600x269.jpeg 600w\" sizes=\"(max-width: 1340px) 100vw, 1340px\" \/><\/div><\/div><\/div><\/div>\n<div class=\"flex_column av_one_full  flex_column_div av-zero-column-padding first  avia-builder-el-2  el_after_av_one_full  el_before_av_one_full  column-top-margin\" style='border-radius:0px; '><section class=\"av_textblock_section \"  itemscope=\"itemscope\" itemtype=\"https:\/\/schema.org\/BlogPosting\" itemprop=\"blogPost\" ><div class='avia_textblock  '   itemprop=\"text\" ><p style=\"text-align: center;\"><strong><span style=\"font-size: 18pt;\">Diputado Alinco mostr\u00f3 disposici\u00f3n a trabajar y legislar en temas de Salud, pero llama a evitar despidos post pandemia que afectar\u00e1 finalmente a las comunidades<\/span><\/strong><\/p>\n<div id=\"gtx-trans\" style=\"position: absolute; left: -50px; top: 4.31534px;\">\n<div class=\"gtx-trans-icon\"><\/div>\n<\/div>\n<\/div><\/section><\/div><div class=\"flex_column av_one_full  flex_column_div av-zero-column-padding first  avia-builder-el-4  el_after_av_one_full  el_before_av_hr  column-top-margin\" style='border-radius:0px; '><section class=\"av_textblock_section \"  itemscope=\"itemscope\" itemtype=\"https:\/\/schema.org\/BlogPosting\" itemprop=\"blogPost\" ><div class='avia_textblock  '   itemprop=\"text\" ><p style=\"text-align: justify;\">En reuni\u00f3n realizada este viernes con representantes del Servicio de Salud, gremios de funcionarios, autoridades pol\u00edticas y parlamentarios, se llev\u00f3 a cabo una jornada de trabajo para analizar un conjunto de proyectos e iniciativas destinadas a mejorar los servicios de atenci\u00f3n de salud en la regi\u00f3n.<\/p>\n<p style=\"text-align: justify;\">Durante este encuentro, el Diputado Ren\u00e9 Alinco mostr\u00f3 su disposici\u00f3n a trabajar en conjunto con autoridades sectoriales desde su acci\u00f3n parlamentaria, no obstante, planteo en primer t\u00e9rmino la denuncia levantada por vecinos de Puerto Gaviota, quienes en carta abierta muestran su preocupaci\u00f3n por informaci\u00f3n p\u00fablica que detallan posibles reducciones de personal de salud post pandemia Covid-19 en esa localidad.<\/p>\n<p style=\"text-align: justify;\">El diputado Alinco se sum\u00f3 a la preocupaci\u00f3n de los isle\u00f1os, indicando las dificultades del asilamiento de esa comunidad y el problema sanitario de eliminar dos cupos destinados a param\u00e9dicos locales, decisi\u00f3n, de llevarse a cabo, tendr\u00eda un impacto significativo en la salud y seguridad de los habitantes de la isla.<\/p>\n<p style=\"text-align: justify;\">Finalmente Alinco expres\u00f3 su preocupaci\u00f3n ante la posibilidad de desvincular aproximadamente 235 funcionarios de salud post pandemia Covid-19 propuesta a nivel regional, medida que claramente no apunta a mejorar la salud p\u00fablica y que afectar\u00e1n directamente a las comunidades que depende de estos servicios m\u00e9dicos y acceso r\u00e1pido a atenci\u00f3n m\u00e9dica de emergencia.<\/p>\n<\/div><\/section><\/div><\/p>\n<div  style='height:50px' class='hr hr-invisible   avia-builder-el-6  el_after_av_one_full  el_before_av_social_share '><span class='hr-inner ' ><span class='hr-inner-style'><\/span><\/span><\/div>\n<div  class='av-social-sharing-box  avia-builder-el-7  el_after_av_hr  el_before_av_hr  '><div class='av-share-box'><h5 class='av-share-link-description av-no-toc '>Compartir esta noticia<\/h5><ul class='av-share-box-list noLightbox'><li class='av-share-link av-social-link-facebook' ><a target=\"_blank\" aria-label=\"Compartir en Facebook\" href='https:\/\/www.facebook.com\/sharer.php?u=https:\/\/radiorevelacionfm.cl\/?p=35258&#038;t=Diputado%20Alinco%20mostr%C3%B3%20disposici%C3%B3n%20a%20trabajar%20y%20legislar%20en%20temas%20de%20Salud%2C%20pero%20llama%20a%20evitar%20despidos%20post%20pandemia%20que%20afectar%C3%A1%20finalmente%20a%20las%20comunidades' aria-hidden='false' data-av_icon='\ue8f3' data-av_iconfont='entypo-fontello' title='' data-avia-related-tooltip='Compartir en Facebook' rel=\"noopener\"><span class='avia_hidden_link_text'>Compartir en Facebook<\/span><\/a><\/li><li class='av-share-link av-social-link-twitter' ><a target=\"_blank\" aria-label=\"Compartir en Twitter\" href='https:\/\/twitter.com\/share?text=Diputado%20Alinco%20mostr%C3%B3%20disposici%C3%B3n%20a%20trabajar%20y%20legislar%20en%20temas%20de%20Salud%2C%20pero%20llama%20a%20evitar%20despidos%20post%20pandemia%20que%20afectar%C3%A1%20finalmente%20a%20las%20comunidades&#038;url=https:\/\/radiorevelacionfm.cl\/?p=35258' aria-hidden='false' data-av_icon='\ue8f1' data-av_iconfont='entypo-fontello' title='' data-avia-related-tooltip='Compartir en Twitter' rel=\"noopener\"><span class='avia_hidden_link_text'>Compartir en Twitter<\/span><\/a><\/li><li class='av-share-link av-social-link-whatsapp' ><a target=\"_blank\" aria-label=\"Compartir en Whatsapp\" href='https:\/\/api.whatsapp.com\/send?text=https:\/\/radiorevelacionfm.cl\/?p=35258' aria-hidden='false' data-av_icon='\uf232' data-av_iconfont='entypo-fontello' title='' data-avia-related-tooltip='Compartir en Whatsapp' rel=\"noopener\"><span class='avia_hidden_link_text'>Compartir en Whatsapp<\/span><\/a><\/li><li class='av-share-link av-social-link-linkedin' ><a target=\"_blank\" aria-label=\"Compartir en LinkedIn\" href='https:\/\/linkedin.com\/shareArticle?mini=true&#038;title=Diputado%20Alinco%20mostr%C3%B3%20disposici%C3%B3n%20a%20trabajar%20y%20legislar%20en%20temas%20de%20Salud%2C%20pero%20llama%20a%20evitar%20despidos%20post%20pandemia%20que%20afectar%C3%A1%20finalmente%20a%20las%20comunidades&#038;url=https:\/\/radiorevelacionfm.cl\/?p=35258' aria-hidden='false' data-av_icon='\ue8fc' data-av_iconfont='entypo-fontello' title='' data-avia-related-tooltip='Compartir en LinkedIn' rel=\"noopener\"><span class='avia_hidden_link_text'>Compartir en LinkedIn<\/span><\/a><\/li><li class='av-share-link av-social-link-mail' ><a  aria-label=\"Compartir por correo\" href='mailto:?subject=Diputado%20Alinco%20mostr%C3%B3%20disposici%C3%B3n%20a%20trabajar%20y%20legislar%20en%20temas%20de%20Salud%2C%20pero%20llama%20a%20evitar%20despidos%20post%20pandemia%20que%20afectar%C3%A1%20finalmente%20a%20las%20comunidades&#038;body=https:\/\/radiorevelacionfm.cl\/?p=35258' aria-hidden='false' data-av_icon='\ue805' data-av_iconfont='entypo-fontello' title='' data-avia-related-tooltip='Compartir por correo'><span class='avia_hidden_link_text'>Compartir por correo<\/span><\/a><\/li><\/ul><\/div><\/div>\n<div  style='height:50px' class='hr hr-invisible   avia-builder-el-8  el_after_av_social_share  el_before_av_comments_list '><span class='hr-inner ' ><span class='hr-inner-style'><\/span><\/span><\/div>\n<div  class='av-buildercomment  av-blog-meta-html-info-disabled av-blog-meta-tag-disabled  '><\/div>\n","protected":false},"excerpt":{"rendered":"","protected":false},"author":1,"featured_media":35259,"comment_status":"open","ping_status":"open","sticky":false,"template":"","format":"standard","meta":{"footnotes":""},"categories":[35],"tags":[],"class_list":["post-35258","post","type-post","status-publish","format-standard","has-post-thumbnail","hentry","category-politica"],"jetpack_featured_media_url":"https:\/\/radiorevelacionfm.cl\/wp-content\/uploads\/2023\/09\/WhatsApp-Image-2023-09-24-at-12.35.13-PM-1-1.jpeg","_links":{"self":[{"href":"https:\/\/radiorevelacionfm.cl\/index.php?rest_route=\/wp\/v2\/posts\/35258","targetHints":{"allow":["GET"]}}],"collection":[{"href":"https:\/\/radiorevelacionfm.cl\/index.php?rest_route=\/wp\/v2\/posts"}],"about":[{"href":"https:\/\/radiorevelacionfm.cl\/index.php?rest_route=\/wp\/v2\/types\/post"}],"author":[{"embeddable":true,"href":"https:\/\/radiorevelacionfm.cl\/index.php?rest_route=\/wp\/v2\/users\/1"}],"replies":[{"embeddable":true,"href":"https:\/\/radiorevelacionfm.cl\/index.php?rest_route=%2Fwp%2Fv2%2Fcomments&post=35258"}],"version-history":[{"count":3,"href":"https:\/\/radiorevelacionfm.cl\/index.php?rest_route=\/wp\/v2\/posts\/35258\/revisions"}],"predecessor-version":[{"id":35262,"href":"https:\/\/radiorevelacionfm.cl\/index.php?rest_route=\/wp\/v2\/posts\/35258\/revisions\/35262"}],"wp:featuredmedia":[{"embeddable":true,"href":"https:\/\/radiorevelacionfm.cl\/index.php?rest_route=\/wp\/v2\/media\/35259"}],"wp:attachment":[{"href":"https:\/\/radiorevelacionfm.cl\/index.php?rest_route=%2Fwp%2Fv2%2Fmedia&parent=35258"}],"wp:term":[{"taxonomy":"category","embeddable":true,"href":"https:\/\/radiorevelacionfm.cl\/index.php?rest_route=%2Fwp%2Fv2%2Fcategories&post=35258"},{"taxonomy":"post_tag","embeddable":true,"href":"https:\/\/radiorevelacionfm.cl\/index.php?rest_route=%2Fwp%2Fv2%2Ftags&post=35258"}],"curies":[{"name":"wp","href":"https:\/\/api.w.org\/{rel}","templated":true}]}}