{"id":35255,"date":"2023-09-24T21:15:39","date_gmt":"2023-09-25T00:15:39","guid":{"rendered":"https:\/\/radiorevelacionfm.cl\/?p=35255"},"modified":"2023-09-24T21:15:39","modified_gmt":"2023-09-25T00:15:39","slug":"con-operativo-medico-se-inicia-en-cochrane-la-ronda-de-especialidades-en-hospitales-comunitarios-de-la-region-de-aysen","status":"publish","type":"post","link":"https:\/\/radiorevelacionfm.cl\/?p=35255","title":{"rendered":"Con operativo m\u00e9dico se inicia en Cochrane la ronda de especialidades en hospitales comunitarios de la regi\u00f3n de Ays\u00e9n"},"content":{"rendered":"<div class=\"flex_column av_one_full  flex_column_div av-zero-column-padding first  avia-builder-el-0  el_before_av_one_full  avia-builder-el-first  \" style='border-radius:0px; '><div  class='avia-image-container  av-styling-    avia-builder-el-1  avia-builder-el-no-sibling  avia-align-center '  itemprop=\"image\" itemscope=\"itemscope\" itemtype=\"https:\/\/schema.org\/ImageObject\"  ><div class='avia-image-container-inner'><div class='avia-image-overlay-wrap'><img decoding=\"async\" class='wp-image-35256 avia-img-lazy-loading-not-35256 avia_image' src=\"https:\/\/radiorevelacionfm.cl\/wp-content\/uploads\/2023\/09\/HOSPITAL-COCHRANE-2-1-1-1.jpg\" alt='' title='HOSPITAL COCHRANE (2) (1) (1) (1)' height=\"600\" width=\"800\"  itemprop=\"thumbnailUrl\" srcset=\"https:\/\/radiorevelacionfm.cl\/wp-content\/uploads\/2023\/09\/HOSPITAL-COCHRANE-2-1-1-1.jpg 800w, https:\/\/radiorevelacionfm.cl\/wp-content\/uploads\/2023\/09\/HOSPITAL-COCHRANE-2-1-1-1-300x225.jpg 300w, https:\/\/radiorevelacionfm.cl\/wp-content\/uploads\/2023\/09\/HOSPITAL-COCHRANE-2-1-1-1-768x576.jpg 768w, https:\/\/radiorevelacionfm.cl\/wp-content\/uploads\/2023\/09\/HOSPITAL-COCHRANE-2-1-1-1-705x529.jpg 705w, https:\/\/radiorevelacionfm.cl\/wp-content\/uploads\/2023\/09\/HOSPITAL-COCHRANE-2-1-1-1-450x338.jpg 450w, https:\/\/radiorevelacionfm.cl\/wp-content\/uploads\/2023\/09\/HOSPITAL-COCHRANE-2-1-1-1-600x450.jpg 600w\" sizes=\"(max-width: 800px) 100vw, 800px\" \/><\/div><\/div><\/div><\/div>\n<div class=\"flex_column av_one_full  flex_column_div av-zero-column-padding first  avia-builder-el-2  el_after_av_one_full  el_before_av_one_full  column-top-margin\" style='border-radius:0px; '><section class=\"av_textblock_section \"  itemscope=\"itemscope\" itemtype=\"https:\/\/schema.org\/BlogPosting\" itemprop=\"blogPost\" ><div class='avia_textblock  '   itemprop=\"text\" ><p style=\"font-weight: 400; text-align: center;\"><span style=\"font-size: 18pt;\"><strong>Con operativo m\u00e9dico se inicia en Cochrane la ronda de especialidades en hospitales comunitarios de la regi\u00f3n de Ays\u00e9n<\/strong><\/span><\/p>\n<div id=\"gtx-trans\" style=\"position: absolute; left: -50px; top: 4.31534px;\">\n<div class=\"gtx-trans-icon\"><\/div>\n<\/div>\n<\/div><\/section><\/div><div class=\"flex_column av_one_full  flex_column_div av-zero-column-padding first  avia-builder-el-4  el_after_av_one_full  el_before_av_hr  column-top-margin\" style='border-radius:0px; '><section class=\"av_textblock_section \"  itemscope=\"itemscope\" itemtype=\"https:\/\/schema.org\/BlogPosting\" itemprop=\"blogPost\" ><div class='avia_textblock  '   itemprop=\"text\" ><p style=\"text-align: justify;\">Este lunes, 25 de septiembre, cuatro especialistas se trasladar\u00e1n al Hospital de Cochrane para realizar un operativo destinado a disminuir la lista de espera en la provincia de Capit\u00e1n Prat de urolog\u00eda, otorrinolaringolog\u00eda, cirug\u00eda infantil y medicina familiar.<\/p>\n<p style=\"text-align: justify;\">Est\u00e1s atenciones iniciar\u00e1n la estrategia del Servicio de Salud Ays\u00e9n (SSA) denominada Ronda de Especialidades M\u00e9dicas, que busca mantener de manera peri\u00f3dica la presencia de especialistas recorriendo los hospitales comunitarios de la regi\u00f3n de Ays\u00e9n.<\/p>\n<p style=\"text-align: justify;\">\u201cComenzamos con un nuevo proyecto que involucra a toda la regi\u00f3n en lo que respecta desde el punto de vista de atenciones con especialistas, ya sea m\u00e9dico u odont\u00f3logos. Este programa no solo considera operativos, como el que se inicia este lunes con la presencia de varios profesionales, adem\u00e1s contempla rondas, es decir, cada semana un especialista estar\u00e1 en el hospital comunitario realizando atenciones para toda la provincia\u201d, indic\u00f3 el subdirector de Gesti\u00f3n Asistencial del SSA, Dr. Rodrigo Verdugo Cofr\u00e9.<\/p>\n<p style=\"text-align: justify;\">Esta estrategia comenzar\u00e1 en el Hospital de Cochrane entre el 25 y el 28 de septiembre y luego, en octubre, continuar\u00e1 con la modalidad de Ronda.<\/p>\n<p style=\"text-align: justify;\">\u201cAc\u00e1 en la regi\u00f3n somos cinco cirujanos infantiles, yo soy uno de ellos y voy a ir al operativo de especialidades en el Hospital de Cochrane. La misi\u00f3n que yo tengo es poder acercar mi especialidad a todos los pacientes que lo requieran y en particular para poder disminuir la lista de espera\u201d, explic\u00f3 la Dra. Constanza S\u00e1nchez del Hospital Regional Coyhaique.<\/p>\n<p style=\"text-align: justify;\">En este operativo no solo se ha considerado a m\u00e9dicos sino tambi\u00e9n el traslado de otros profesionales de la Salud y equipamiento para poder brindar mayores prestaciones a la comunidad.<\/p>\n<p style=\"text-align: justify;\">El Dr. Camilo \u00cd\u00f1iguez, otorrinolaring\u00f3logo, coment\u00f3 que \u201cparticipar\u00e9 del operativo en la ciudad de Cochrane para poder acercar mi especialidad a esta localidad tan alejada de la capital regional, ayudar as\u00ed a reducir la lista de espera y poder acercarnos nosotros a ustedes para que no tengan que viajar a Coyhaique\u201d.<\/p>\n<p style=\"text-align: justify;\">Este tipo de iniciativas apunta a consolidar la visi\u00f3n de Red de los establecimientos dependientes del Servicio de Salud Ays\u00e9n, logrando con ello atenciones m\u00e1s dignas, accesibles y oportunas para las personas, sin importar el lugar donde vivan.<\/p>\n<p style=\"text-align: justify;\">\u201cUno de los objetivos del Servicio de Salud Ays\u00e9n es ir mejorando, permanentemente, la capacidad resolutiva en relaci\u00f3n con prestaciones de salud en todo el territorio. Esto es posible porque contamos con m\u00e1s especialistas, que llegaron este a\u00f1o, y tambi\u00e9n por la vocaci\u00f3n de servicio que tienen las y los m\u00e9dicos especialistas para acudir al territorio y evidentemente lograr que haya menos gastos para las personas y que puedan acudir a las consultas con estas especialidades\u201d, destac\u00f3 el delegado presidencial regional, Rodrigo Araya Morales.<\/p>\n<p style=\"text-align: justify;\">Tanto el operativo como las rondas de especialidades se replicar\u00e1n a fines de octubre en el Hospital de Cisnes y durante la \u00faltima semana de noviembre en el Hospital Dr. Leopoldo Ortega Rodr\u00edguez de Chile Chico.<\/p>\n<\/div><\/section><\/div><\/p>\n<div  style='height:50px' class='hr hr-invisible   avia-builder-el-6  el_after_av_one_full  el_before_av_social_share '><span class='hr-inner ' ><span class='hr-inner-style'><\/span><\/span><\/div>\n<div  class='av-social-sharing-box  avia-builder-el-7  el_after_av_hr  el_before_av_hr  '><div class='av-share-box'><h5 class='av-share-link-description av-no-toc '>Compartir esta noticia<\/h5><ul class='av-share-box-list noLightbox'><li class='av-share-link av-social-link-facebook' ><a target=\"_blank\" aria-label=\"Compartir en Facebook\" href='https:\/\/www.facebook.com\/sharer.php?u=https:\/\/radiorevelacionfm.cl\/?p=35255&#038;t=Con%20operativo%20m%C3%A9dico%20se%20inicia%20en%20Cochrane%20la%20ronda%20de%20especialidades%20en%20hospitales%20comunitarios%20de%20la%20regi%C3%B3n%20de%20Ays%C3%A9n' aria-hidden='false' data-av_icon='\ue8f3' data-av_iconfont='entypo-fontello' title='' data-avia-related-tooltip='Compartir en Facebook' rel=\"noopener\"><span class='avia_hidden_link_text'>Compartir en Facebook<\/span><\/a><\/li><li class='av-share-link av-social-link-twitter' ><a target=\"_blank\" aria-label=\"Compartir en Twitter\" href='https:\/\/twitter.com\/share?text=Con%20operativo%20m%C3%A9dico%20se%20inicia%20en%20Cochrane%20la%20ronda%20de%20especialidades%20en%20hospitales%20comunitarios%20de%20la%20regi%C3%B3n%20de%20Ays%C3%A9n&#038;url=https:\/\/radiorevelacionfm.cl\/?p=35255' aria-hidden='false' data-av_icon='\ue8f1' data-av_iconfont='entypo-fontello' title='' data-avia-related-tooltip='Compartir en Twitter' rel=\"noopener\"><span class='avia_hidden_link_text'>Compartir en Twitter<\/span><\/a><\/li><li class='av-share-link av-social-link-whatsapp' ><a target=\"_blank\" aria-label=\"Compartir en Whatsapp\" href='https:\/\/api.whatsapp.com\/send?text=https:\/\/radiorevelacionfm.cl\/?p=35255' aria-hidden='false' data-av_icon='\uf232' data-av_iconfont='entypo-fontello' title='' data-avia-related-tooltip='Compartir en Whatsapp' rel=\"noopener\"><span class='avia_hidden_link_text'>Compartir en Whatsapp<\/span><\/a><\/li><li class='av-share-link av-social-link-linkedin' ><a target=\"_blank\" aria-label=\"Compartir en LinkedIn\" href='https:\/\/linkedin.com\/shareArticle?mini=true&#038;title=Con%20operativo%20m%C3%A9dico%20se%20inicia%20en%20Cochrane%20la%20ronda%20de%20especialidades%20en%20hospitales%20comunitarios%20de%20la%20regi%C3%B3n%20de%20Ays%C3%A9n&#038;url=https:\/\/radiorevelacionfm.cl\/?p=35255' aria-hidden='false' data-av_icon='\ue8fc' data-av_iconfont='entypo-fontello' title='' data-avia-related-tooltip='Compartir en LinkedIn' rel=\"noopener\"><span class='avia_hidden_link_text'>Compartir en LinkedIn<\/span><\/a><\/li><li class='av-share-link av-social-link-mail' ><a  aria-label=\"Compartir por correo\" href='mailto:?subject=Con%20operativo%20m%C3%A9dico%20se%20inicia%20en%20Cochrane%20la%20ronda%20de%20especialidades%20en%20hospitales%20comunitarios%20de%20la%20regi%C3%B3n%20de%20Ays%C3%A9n&#038;body=https:\/\/radiorevelacionfm.cl\/?p=35255' aria-hidden='false' data-av_icon='\ue805' data-av_iconfont='entypo-fontello' title='' data-avia-related-tooltip='Compartir por correo'><span class='avia_hidden_link_text'>Compartir por correo<\/span><\/a><\/li><\/ul><\/div><\/div>\n<div  style='height:50px' class='hr hr-invisible   avia-builder-el-8  el_after_av_social_share  el_before_av_comments_list '><span class='hr-inner ' ><span class='hr-inner-style'><\/span><\/span><\/div>\n<div  class='av-buildercomment  av-blog-meta-html-info-disabled av-blog-meta-tag-disabled  '><\/div>\n","protected":false},"excerpt":{"rendered":"","protected":false},"author":1,"featured_media":35256,"comment_status":"open","ping_status":"open","sticky":false,"template":"","format":"standard","meta":{"footnotes":""},"categories":[46],"tags":[],"class_list":["post-35255","post","type-post","status-publish","format-standard","has-post-thumbnail","hentry","category-salud"],"jetpack_featured_media_url":"https:\/\/radiorevelacionfm.cl\/wp-content\/uploads\/2023\/09\/HOSPITAL-COCHRANE-2-1-1-1.jpg","_links":{"self":[{"href":"https:\/\/radiorevelacionfm.cl\/index.php?rest_route=\/wp\/v2\/posts\/35255","targetHints":{"allow":["GET"]}}],"collection":[{"href":"https:\/\/radiorevelacionfm.cl\/index.php?rest_route=\/wp\/v2\/posts"}],"about":[{"href":"https:\/\/radiorevelacionfm.cl\/index.php?rest_route=\/wp\/v2\/types\/post"}],"author":[{"embeddable":true,"href":"https:\/\/radiorevelacionfm.cl\/index.php?rest_route=\/wp\/v2\/users\/1"}],"replies":[{"embeddable":true,"href":"https:\/\/radiorevelacionfm.cl\/index.php?rest_route=%2Fwp%2Fv2%2Fcomments&post=35255"}],"version-history":[{"count":2,"href":"https:\/\/radiorevelacionfm.cl\/index.php?rest_route=\/wp\/v2\/posts\/35255\/revisions"}],"predecessor-version":[{"id":35266,"href":"https:\/\/radiorevelacionfm.cl\/index.php?rest_route=\/wp\/v2\/posts\/35255\/revisions\/35266"}],"wp:featuredmedia":[{"embeddable":true,"href":"https:\/\/radiorevelacionfm.cl\/index.php?rest_route=\/wp\/v2\/media\/35256"}],"wp:attachment":[{"href":"https:\/\/radiorevelacionfm.cl\/index.php?rest_route=%2Fwp%2Fv2%2Fmedia&parent=35255"}],"wp:term":[{"taxonomy":"category","embeddable":true,"href":"https:\/\/radiorevelacionfm.cl\/index.php?rest_route=%2Fwp%2Fv2%2Fcategories&post=35255"},{"taxonomy":"post_tag","embeddable":true,"href":"https:\/\/radiorevelacionfm.cl\/index.php?rest_route=%2Fwp%2Fv2%2Ftags&post=35255"}],"curies":[{"name":"wp","href":"https:\/\/api.w.org\/{rel}","templated":true}]}}