{"id":3525,"date":"2021-04-26T17:33:52","date_gmt":"2021-04-26T20:33:52","guid":{"rendered":"https:\/\/radiorevelacionfm.cl\/?p=3525"},"modified":"2021-04-26T17:33:52","modified_gmt":"2021-04-26T20:33:52","slug":"ninos-y-cuidadores-socios-de-teacompanamos-se-vacunaron-contra-la-influenza","status":"publish","type":"post","link":"https:\/\/radiorevelacionfm.cl\/?p=3525","title":{"rendered":"Ni\u00f1os y Cuidadores socios de TEAcompa\u00f1amos se vacunaron contra la influenza"},"content":{"rendered":"<div class=\"flex_column av_one_full  flex_column_div av-zero-column-padding first  avia-builder-el-0  el_before_av_one_full  avia-builder-el-first  \" style='border-radius:0px; '><div  class='avia-image-container  av-styling-    avia-builder-el-1  avia-builder-el-no-sibling  avia-align-center '  itemprop=\"image\" itemscope=\"itemscope\" itemtype=\"https:\/\/schema.org\/ImageObject\"  ><div class='avia-image-container-inner'><div class='avia-image-overlay-wrap'><img decoding=\"async\" class='wp-image-0 avia-img-lazy-loading-not-0 avia_image' src=\"https:\/\/radiorevelacionfm.cl\/wp-content\/uploads\/2021\/04\/prensa3-9_optimized.jpeg\" alt='' title=''   itemprop=\"thumbnailUrl\"  \/><\/div><\/div><\/div><\/div><div class=\"flex_column av_one_full  flex_column_div av-zero-column-padding first  avia-builder-el-2  el_after_av_one_full  el_before_av_one_full  column-top-margin\" style='border-radius:0px; '><section class=\"av_textblock_section \"  itemscope=\"itemscope\" itemtype=\"https:\/\/schema.org\/BlogPosting\" itemprop=\"blogPost\" ><div class='avia_textblock  '   itemprop=\"text\" ><p style=\"text-align: center;\"><span style=\"font-size: 18pt;\"><strong>Ni\u00f1os y Cuidadores socios de TEAcompa\u00f1amos se vacunaron contra la influenza<\/strong><\/span><\/p>\n<div id=\"gtx-trans\" style=\"position: absolute; left: -50px; top: 4.31534px;\">\n<div class=\"gtx-trans-icon\"><\/div>\n<\/div>\n<\/div><\/section><\/div><div class=\"flex_column av_one_full  flex_column_div av-zero-column-padding first  avia-builder-el-4  el_after_av_one_full  el_before_av_hr  column-top-margin\" style='border-radius:0px; '><section class=\"av_textblock_section \"  itemscope=\"itemscope\" itemtype=\"https:\/\/schema.org\/BlogPosting\" itemprop=\"blogPost\" ><div class='avia_textblock  '   itemprop=\"text\" ><p style=\"text-align: justify;\">Este operativo organizado por el Servicio de Salud Ays\u00e9n, en conjunto con TEAcompa\u00f1amos, tiene por objetivo inmunizar con esta enfermedad a personas que viven dentro de la Condici\u00f3n de Trastorno del Espectro Autista, TEA, y sus cuidadores.<\/p>\n<p style=\"text-align: justify;\">El pasado s\u00e1bado en la Sede de la organizaci\u00f3n TEAcompa\u00f1amos se efectu\u00f3 un operativo de vacunaci\u00f3n contra la influenza, instancia en que m\u00e1s de 60 ni\u00f1os y adultos que viven dentro de la Condici\u00f3n de Trastorno del Espectro Autista y sus cuidadores se pudieron inmunizar contra esta enfermedad.<\/p>\n<p style=\"text-align: justify;\">Gabriel Burgos, director del Servicio de Salud Ays\u00e9n, manifest\u00f3 que \u201choy estamos acercando la vacuna contra la influenza a ni\u00f1os y adultos con la condici\u00f3n de Trastorno del Espectro Autista y sus cuidadores, por lo que para nosotros es importante que puedan administrarles esta inmunizaci\u00f3n y prevenir esta enfermedad durante el invierno, y que mejor que sea en su propio entorno y en un lugar amigable para ellos como es su sede\u201d.<\/p>\n<p style=\"text-align: justify;\">Esta acci\u00f3n se enmarca en la estrategia de acercar la vacunaci\u00f3n a la comunidad, con estricto respeto de instrucciones priorizadas en la calendarizaci\u00f3n seg\u00fan grupo etario.<\/p>\n<p style=\"text-align: justify;\">Por su parte, Claudia Bilbao, vicepresidenta de TEAcompa\u00f1amos, indic\u00f3 que \u201cesta es una gran labor que est\u00e1 haciendo el Servicio de Salud con nuestra organizaci\u00f3n, entendiendo que vacunar a nuestros ni\u00f1os y sus cuidadores en un espacio amigable para ellos, que vean caras conocidas y que puedan estar acompa\u00f1ados en todo momento por sus padres hace que sea un momento menos estresante para ellos\u201d.<\/p>\n<p style=\"text-align: justify;\">Igualmente, este operativo de vacunaci\u00f3n fue atendido por profesionales del voluntariado de enfermer\u00eda, quienes administraron las vacunas a los socios y socias de la organizaci\u00f3n.<\/p>\n<p style=\"text-align: justify;\">Carmen Monsalve, Enfermera del Servicio de Salud Ays\u00e9n, enfatiz\u00f3 que \u201choy estamos con un grupo de colegas voluntarias en la Sede de la organizaci\u00f3n TEAcompa\u00f1amos para administrar la vacuna contra la influenza a los ni\u00f1os y sus familias, porque entendemos que para ellos puede ser un poco m\u00e1s dif\u00edcil acercarse hasta un punto de vacunaci\u00f3n, y tambi\u00e9n era una muy linda instancia para conocerlos y realizar este operativo donde ellos hacen sus talleres y pasan buenos momentos\u201d, puntualiz\u00f3.<\/p>\n<p style=\"text-align: justify;\"><strong>\u00a0<\/strong><strong>Influenza<\/strong><\/p>\n<p style=\"text-align: justify;\">La influenza es una enfermedad contagiosa causada por un virus que se transmite desde una persona enferma al toser, estornudar o mediante las secreciones nasales. Este virus es responsable de infecciones respiratorias severas, que pueden causar complicaciones de gravedad.<\/p>\n<p style=\"text-align: justify;\">Al a\u00f1o, miles de personas mueren en el mundo debido a esta enfermedad y muchos requieren de hospitalizaci\u00f3n. Para prevenir las condiciones anteriormente mencionadas, es necesaria la vacunaci\u00f3n anual contra este virus.<\/p>\n<p style=\"text-align: justify;\"><strong>\u00bfQu\u00e9 es TEA?<\/strong><\/p>\n<p style=\"text-align: justify;\">El TEA es un trastorno de origen neurobiol\u00f3gico, que afecta a la configuraci\u00f3n del sistema nervioso y al funcionamiento cerebral, dando lugar a dificultades en dos \u00e1reas principalmente: la comunicaci\u00f3n e interacci\u00f3n social y la flexibilidad del pensamiento y de la conducta.<\/p>\n<p style=\"text-align: justify;\">No est\u00e1 determinada su causa y es, adem\u00e1s, una \u201cdiscapacidad invisible\u201d, ya que no lleva asociados rasgos f\u00edsicos diferenciadores. El TEA acompa\u00f1a a la persona a lo largo de toda su vida, pero puede manifestarse maneras muy distintas: no hay dos personas con TEA iguales; depender\u00e1 de su propio desarrollo personal y de los apoyos que pueda tener, as\u00ed como de si presenta o no discapacidad intelectual asociada y tambi\u00e9n de su nivel de desarrollo del lenguaje.<\/p>\n<\/div><\/section><\/div><div  style='height:50px' class='hr hr-invisible   avia-builder-el-6  el_after_av_one_full  el_before_av_social_share '><span class='hr-inner ' ><span class='hr-inner-style'><\/span><\/span><\/div><\/p>\n<div  class='av-social-sharing-box  avia-builder-el-7  el_after_av_hr  el_before_av_hr  '><div class='av-share-box'><h5 class='av-share-link-description av-no-toc '>Compartir esta noticia<\/h5><ul class='av-share-box-list noLightbox'><li class='av-share-link av-social-link-facebook' ><a target=\"_blank\" aria-label=\"Compartir en Facebook\" href='https:\/\/www.facebook.com\/sharer.php?u=https:\/\/radiorevelacionfm.cl\/?p=3525&#038;t=Ni%C3%B1os%20y%20Cuidadores%20socios%20de%20TEAcompa%C3%B1amos%20se%20vacunaron%20contra%20la%20influenza' aria-hidden='false' data-av_icon='\ue8f3' data-av_iconfont='entypo-fontello' title='' data-avia-related-tooltip='Compartir en Facebook' rel=\"noopener\"><span class='avia_hidden_link_text'>Compartir en Facebook<\/span><\/a><\/li><li class='av-share-link av-social-link-twitter' ><a target=\"_blank\" aria-label=\"Compartir en Twitter\" href='https:\/\/twitter.com\/share?text=Ni%C3%B1os%20y%20Cuidadores%20socios%20de%20TEAcompa%C3%B1amos%20se%20vacunaron%20contra%20la%20influenza&#038;url=https:\/\/radiorevelacionfm.cl\/?p=3525' aria-hidden='false' data-av_icon='\ue8f1' data-av_iconfont='entypo-fontello' title='' data-avia-related-tooltip='Compartir en Twitter' rel=\"noopener\"><span class='avia_hidden_link_text'>Compartir en Twitter<\/span><\/a><\/li><li class='av-share-link av-social-link-whatsapp' ><a target=\"_blank\" aria-label=\"Compartir en Whatsapp\" href='https:\/\/api.whatsapp.com\/send?text=https:\/\/radiorevelacionfm.cl\/?p=3525' aria-hidden='false' data-av_icon='\uf232' data-av_iconfont='entypo-fontello' title='' data-avia-related-tooltip='Compartir en Whatsapp' rel=\"noopener\"><span class='avia_hidden_link_text'>Compartir en Whatsapp<\/span><\/a><\/li><li class='av-share-link av-social-link-linkedin' ><a target=\"_blank\" aria-label=\"Compartir en LinkedIn\" href='https:\/\/linkedin.com\/shareArticle?mini=true&#038;title=Ni%C3%B1os%20y%20Cuidadores%20socios%20de%20TEAcompa%C3%B1amos%20se%20vacunaron%20contra%20la%20influenza&#038;url=https:\/\/radiorevelacionfm.cl\/?p=3525' aria-hidden='false' data-av_icon='\ue8fc' data-av_iconfont='entypo-fontello' title='' data-avia-related-tooltip='Compartir en LinkedIn' rel=\"noopener\"><span class='avia_hidden_link_text'>Compartir en LinkedIn<\/span><\/a><\/li><li class='av-share-link av-social-link-mail' ><a  aria-label=\"Compartir por correo\" href='mailto:?subject=Ni%C3%B1os%20y%20Cuidadores%20socios%20de%20TEAcompa%C3%B1amos%20se%20vacunaron%20contra%20la%20influenza&#038;body=https:\/\/radiorevelacionfm.cl\/?p=3525' aria-hidden='false' data-av_icon='\ue805' data-av_iconfont='entypo-fontello' title='' data-avia-related-tooltip='Compartir por correo'><span class='avia_hidden_link_text'>Compartir por correo<\/span><\/a><\/li><\/ul><\/div><\/div>\n<div  style='height:50px' class='hr hr-invisible   avia-builder-el-8  el_after_av_social_share  el_before_av_comments_list '><span class='hr-inner ' ><span class='hr-inner-style'><\/span><\/span><\/div>\n<div  class='av-buildercomment  av-blog-meta-html-info-disabled av-blog-meta-tag-disabled  '><\/div>\n","protected":false},"excerpt":{"rendered":"","protected":false},"author":1,"featured_media":0,"comment_status":"open","ping_status":"open","sticky":false,"template":"","format":"standard","meta":{"footnotes":""},"categories":[1],"tags":[],"class_list":["post-3525","post","type-post","status-publish","format-standard","hentry","category-sin-categoria"],"jetpack_featured_media_url":"","_links":{"self":[{"href":"https:\/\/radiorevelacionfm.cl\/index.php?rest_route=\/wp\/v2\/posts\/3525","targetHints":{"allow":["GET"]}}],"collection":[{"href":"https:\/\/radiorevelacionfm.cl\/index.php?rest_route=\/wp\/v2\/posts"}],"about":[{"href":"https:\/\/radiorevelacionfm.cl\/index.php?rest_route=\/wp\/v2\/types\/post"}],"author":[{"embeddable":true,"href":"https:\/\/radiorevelacionfm.cl\/index.php?rest_route=\/wp\/v2\/users\/1"}],"replies":[{"embeddable":true,"href":"https:\/\/radiorevelacionfm.cl\/index.php?rest_route=%2Fwp%2Fv2%2Fcomments&post=3525"}],"version-history":[{"count":1,"href":"https:\/\/radiorevelacionfm.cl\/index.php?rest_route=\/wp\/v2\/posts\/3525\/revisions"}],"predecessor-version":[{"id":3527,"href":"https:\/\/radiorevelacionfm.cl\/index.php?rest_route=\/wp\/v2\/posts\/3525\/revisions\/3527"}],"wp:attachment":[{"href":"https:\/\/radiorevelacionfm.cl\/index.php?rest_route=%2Fwp%2Fv2%2Fmedia&parent=3525"}],"wp:term":[{"taxonomy":"category","embeddable":true,"href":"https:\/\/radiorevelacionfm.cl\/index.php?rest_route=%2Fwp%2Fv2%2Fcategories&post=3525"},{"taxonomy":"post_tag","embeddable":true,"href":"https:\/\/radiorevelacionfm.cl\/index.php?rest_route=%2Fwp%2Fv2%2Ftags&post=3525"}],"curies":[{"name":"wp","href":"https:\/\/api.w.org\/{rel}","templated":true}]}}