{"id":35249,"date":"2023-09-24T20:11:08","date_gmt":"2023-09-24T23:11:08","guid":{"rendered":"https:\/\/radiorevelacionfm.cl\/?p=35249"},"modified":"2023-09-24T20:11:08","modified_gmt":"2023-09-24T23:11:08","slug":"seis-organizaciones-sociales-se-adjudicaron-el-fondo-social-presidente-de-la-republica","status":"publish","type":"post","link":"https:\/\/radiorevelacionfm.cl\/?p=35249","title":{"rendered":"Seis organizaciones sociales se adjudicaron el Fondo Social Presidente de la Rep\u00fablica"},"content":{"rendered":"<div class=\"flex_column av_one_full  flex_column_div av-zero-column-padding first  avia-builder-el-0  el_before_av_one_full  avia-builder-el-first  \" style='border-radius:0px; '><div  class='avia-image-container  av-styling-    avia-builder-el-1  avia-builder-el-no-sibling  avia-align-center '  itemprop=\"image\" itemscope=\"itemscope\" itemtype=\"https:\/\/schema.org\/ImageObject\"  ><div class='avia-image-container-inner'><div class='avia-image-overlay-wrap'><img decoding=\"async\" class='wp-image-35250 avia-img-lazy-loading-not-35250 avia_image' src=\"https:\/\/radiorevelacionfm.cl\/wp-content\/uploads\/2023\/09\/1-38-1-2.jpeg\" alt='' title='1 (38) (1) (2)' height=\"600\" width=\"900\"  itemprop=\"thumbnailUrl\" srcset=\"https:\/\/radiorevelacionfm.cl\/wp-content\/uploads\/2023\/09\/1-38-1-2.jpeg 900w, https:\/\/radiorevelacionfm.cl\/wp-content\/uploads\/2023\/09\/1-38-1-2-300x200.jpeg 300w, https:\/\/radiorevelacionfm.cl\/wp-content\/uploads\/2023\/09\/1-38-1-2-768x512.jpeg 768w, https:\/\/radiorevelacionfm.cl\/wp-content\/uploads\/2023\/09\/1-38-1-2-705x470.jpeg 705w, https:\/\/radiorevelacionfm.cl\/wp-content\/uploads\/2023\/09\/1-38-1-2-450x300.jpeg 450w, https:\/\/radiorevelacionfm.cl\/wp-content\/uploads\/2023\/09\/1-38-1-2-600x400.jpeg 600w\" sizes=\"(max-width: 900px) 100vw, 900px\" \/><\/div><\/div><\/div><\/div><div class=\"flex_column av_one_full  flex_column_div av-zero-column-padding first  avia-builder-el-2  el_after_av_one_full  el_before_av_one_full  column-top-margin\" style='border-radius:0px; '><section class=\"av_textblock_section \"  itemscope=\"itemscope\" itemtype=\"https:\/\/schema.org\/BlogPosting\" itemprop=\"blogPost\" ><div class='avia_textblock  '   itemprop=\"text\" ><p style=\"text-align: center;\"><strong><span style=\"font-size: 18pt;\">Seis organizaciones sociales se adjudicaron el Fondo Social Presidente de la Rep\u00fablica<\/span><\/strong><\/p>\n<div id=\"gtx-trans\" style=\"position: absolute; left: -50px; top: 4.31534px;\">\n<div class=\"gtx-trans-icon\"><\/div>\n<\/div>\n<\/div><\/section><\/div><div class=\"flex_column av_one_full  flex_column_div av-zero-column-padding first  avia-builder-el-4  el_after_av_one_full  el_before_av_hr  column-top-margin\" style='border-radius:0px; '><section class=\"av_textblock_section \"  itemscope=\"itemscope\" itemtype=\"https:\/\/schema.org\/BlogPosting\" itemprop=\"blogPost\" ><div class='avia_textblock  '   itemprop=\"text\" ><p style=\"font-weight: 400; text-align: justify;\">Seis organizaciones sociales de la regi\u00f3n fueron beneficiadas con el Fondo Social Presidente de la Rep\u00fablica. Los recursos fueron entregados a las respectivas directivas en una ceremonia realizada en la Delegaci\u00f3n Presidencial Regional, encabezada por el delegado presidencial, Rodrigo Araya.<\/p>\n<p style=\"font-weight: 400; text-align: justify;\">En la oportunidad, la autoridad regional destac\u00f3 la importancia que el Gobierno del presidente Boric otorga a las organizaciones sociales y al trabajo que desarrollan los dirigentes, que sin percibir remuneraciones, invierten su tiempo y energ\u00eda en beneficio de la comunidad.<\/p>\n<p style=\"font-weight: 400; text-align: justify;\">\u201cEso es algo que nosotros hoy d\u00eda estamos celebrando con estos seis proyectos de seis agrupaciones, a las que les hemos dicho que ese esfuerzo que realizan, con su tiempo, su tiempo libre, el tiempo con su familia, que dedican para trabajar con la comunidad, es muy importante. Estos recursos van a fortalecer esa acci\u00f3n para que siempre tengan actividades para convocar de mejor manera a la comunidad en su entorno\u201d, se\u00f1al\u00f3 el delegado.<\/p>\n<p style=\"font-weight: 400; text-align: justify;\">El objetivo de este fondo es apoyar a entidades p\u00fablicas o privadas que no persigan fines de lucro, para financiar propuestas de car\u00e1cter social que apoyen y complementen las pol\u00edticas de inversi\u00f3n social del Estado.<\/p>\n<p style=\"font-weight: 400; text-align: justify;\">Entre las iniciativas beneficiadas en esta oportunidad, destaca el proyecto del Taller de Ancianos la Esperanza, que bajo el liderazgo de su presidenta, Elva Oyarce, emplear\u00e1 el aporte en la adquisici\u00f3n de equipamiento para su sede social, con el fin de mejorar el espacio donde desarrollan sus actividades habituales. \u201cEn primer lugar estamos muy felices y contentos. Vamos a tener reuni\u00f3n con todo el grupo y les voy a comunicar que con estos recursos vamos a comprar una cocina a gas, una a le\u00f1a y servicios, porque hay, pero el taller est\u00e1 desde hace muchos a\u00f1os y ya las dos cocinas est\u00e1n rotas y no funcionan bien\u201d, indic\u00f3 la dirigenta.<\/p>\n<p style=\"font-weight: 400; text-align: justify;\">Los fondos que se adjudic\u00f3 el Taller Laboral Santa Irene tendr\u00e1n un fin distinto, ya que se destinar\u00e1n a la adquisici\u00f3n de herramientas e insumos que necesitan para el desarrollo de t\u00e9cnicas y habilidades. Con ello, la organizaci\u00f3n se dedicar\u00e1 a la fabricaci\u00f3n de cortinas, s\u00e1banas y bolsas para las compras, as\u00ed como a la reparaci\u00f3n de prendas de vestir, seg\u00fan lo relatado por su presidenta, Enilda C\u00e1rcamo.<\/p>\n<p style=\"font-weight: 400; text-align: justify;\">Al Taller de Adultos Mayores Antonio Samor\u00e9, presidido por Ana del Carmen Pairo, el Fondo Social Presidente de la Rep\u00fablica les entregar\u00e1 la oportunidad de mejorar el equipamiento y la calefacci\u00f3n de su sede social. \u201cNos sirve para tener nuestras actividades los d\u00edas que tenemos reuni\u00f3n en nuestro taller, entonces esto nos ayuda mucho porque nosotros nos juntamos los d\u00edas jueves, un grupo de 15 personas para poder hacer nuestras actividades de costura, textiles y reciclado\u201d,\u00a0 se\u00f1al\u00f3 la presidenta del taller.<\/p>\n<p style=\"font-weight: 400; text-align: justify;\">El deporte tambi\u00e9n se ha beneficiado del Fondo Social. El presidente del Club Deportivo San Luis de Villa Ortega, Daniel Mera, se\u00f1al\u00f3 que este aporte les permitir\u00e1 adquirir mallas de f\u00fatbol para los arcos y 22 balones para entrenar y participar en los partidos amistosos a nivel local y regional. De esa forma, el club busca mantener el crecimiento que ha tenido la pr\u00e1ctica del f\u00fatbol rural femenino en Coyhaique.<\/p>\n<p style=\"font-weight: 400; text-align: justify;\">Otra organizaci\u00f3n beneficiada es el Taller de Adulto Mayor la Amistad, cuya presidenta, Mar\u00eda Isabel Fuentes, explic\u00f3 que se motivaron a postular movidas por intereses como reforzar la memoria y mantener las habilidades cognitivas, para lo cual van a adquirir mobiliario y juegos de sal\u00f3n para la sede donde se re\u00fanen habitualmente.<\/p>\n<p style=\"font-weight: 400; text-align: justify;\">La sexta organizaci\u00f3n beneficiada es ACIPA, Agrupaci\u00f3n de Ciegos de la Patagonia. Cristina Barrientos, su presidenta, afirm\u00f3 que quienes ingresan a la organizaci\u00f3n encuentran apoyo mutuo para desenvolverse en la vida diaria.<\/p>\n<p style=\"font-weight: 400; text-align: justify;\">La dirigenta valor\u00f3 el respaldo que est\u00e1n recibiendo y mencion\u00f3 el uso que le dar\u00e1n al financiamiento. \u201cPara nosotros es muy importante. Necesit\u00e1bamos sillas, porque tenemos estas sillas de colegio y era importante tener unas sillas c\u00f3modas para nuestras reuniones, porque la mayor\u00eda tenemos discapacidad visual y f\u00edsica, adem\u00e1s de una cocina a gas y un horno el\u00e9ctrico, porque hacemos convivencias y necesitamos calentar nuestros alimentos o para hacer beneficios y juntar plata para nuestras actividades\u201d, destac\u00f3 Cristina Barrientos.<\/p>\n<p style=\"font-weight: 400; text-align: justify;\">Las 6 organizaciones beneficiadas con los fondos de la Subsecretar\u00eda del Interior, quedaron en condici\u00f3n de iniciar de inmediato el desarrollo de sus proyectos.<\/p>\n<p style=\"font-weight: 400; text-align: justify;\">Para quienes deseen acceder a esta instancia, se inform\u00f3 que la pr\u00f3xima postulaci\u00f3n se abrir\u00e1 durante el primer trimestre del a\u00f1o 2024, para lo cual las organizaciones pueden requerir informaci\u00f3n en las dependencias de la Delegaci\u00f3n Presidencial Regional.<\/p>\n<\/div><\/section><\/div><div  style='height:50px' class='hr hr-invisible   avia-builder-el-6  el_after_av_one_full  el_before_av_social_share '><span class='hr-inner ' ><span class='hr-inner-style'><\/span><\/span><\/div><\/p>\n<div  class='av-social-sharing-box  avia-builder-el-7  el_after_av_hr  el_before_av_hr  '><div class='av-share-box'><h5 class='av-share-link-description av-no-toc '>Compartir esta noticia<\/h5><ul class='av-share-box-list noLightbox'><li class='av-share-link av-social-link-facebook' ><a target=\"_blank\" aria-label=\"Compartir en Facebook\" href='https:\/\/www.facebook.com\/sharer.php?u=https:\/\/radiorevelacionfm.cl\/?p=35249&#038;t=Seis%20organizaciones%20sociales%20se%20adjudicaron%20el%20Fondo%20Social%20Presidente%20de%20la%20Rep%C3%BAblica' aria-hidden='false' data-av_icon='\ue8f3' data-av_iconfont='entypo-fontello' title='' data-avia-related-tooltip='Compartir en Facebook' rel=\"noopener\"><span class='avia_hidden_link_text'>Compartir en Facebook<\/span><\/a><\/li><li class='av-share-link av-social-link-twitter' ><a target=\"_blank\" aria-label=\"Compartir en Twitter\" href='https:\/\/twitter.com\/share?text=Seis%20organizaciones%20sociales%20se%20adjudicaron%20el%20Fondo%20Social%20Presidente%20de%20la%20Rep%C3%BAblica&#038;url=https:\/\/radiorevelacionfm.cl\/?p=35249' aria-hidden='false' data-av_icon='\ue8f1' data-av_iconfont='entypo-fontello' title='' data-avia-related-tooltip='Compartir en Twitter' rel=\"noopener\"><span class='avia_hidden_link_text'>Compartir en Twitter<\/span><\/a><\/li><li class='av-share-link av-social-link-whatsapp' ><a target=\"_blank\" aria-label=\"Compartir en Whatsapp\" href='https:\/\/api.whatsapp.com\/send?text=https:\/\/radiorevelacionfm.cl\/?p=35249' aria-hidden='false' data-av_icon='\uf232' data-av_iconfont='entypo-fontello' title='' data-avia-related-tooltip='Compartir en Whatsapp' rel=\"noopener\"><span class='avia_hidden_link_text'>Compartir en Whatsapp<\/span><\/a><\/li><li class='av-share-link av-social-link-linkedin' ><a target=\"_blank\" aria-label=\"Compartir en LinkedIn\" href='https:\/\/linkedin.com\/shareArticle?mini=true&#038;title=Seis%20organizaciones%20sociales%20se%20adjudicaron%20el%20Fondo%20Social%20Presidente%20de%20la%20Rep%C3%BAblica&#038;url=https:\/\/radiorevelacionfm.cl\/?p=35249' aria-hidden='false' data-av_icon='\ue8fc' data-av_iconfont='entypo-fontello' title='' data-avia-related-tooltip='Compartir en LinkedIn' rel=\"noopener\"><span class='avia_hidden_link_text'>Compartir en LinkedIn<\/span><\/a><\/li><li class='av-share-link av-social-link-mail' ><a  aria-label=\"Compartir por correo\" href='mailto:?subject=Seis%20organizaciones%20sociales%20se%20adjudicaron%20el%20Fondo%20Social%20Presidente%20de%20la%20Rep%C3%BAblica&#038;body=https:\/\/radiorevelacionfm.cl\/?p=35249' aria-hidden='false' data-av_icon='\ue805' data-av_iconfont='entypo-fontello' title='' data-avia-related-tooltip='Compartir por correo'><span class='avia_hidden_link_text'>Compartir por correo<\/span><\/a><\/li><\/ul><\/div><\/div>\n<div  style='height:50px' class='hr hr-invisible   avia-builder-el-8  el_after_av_social_share  el_before_av_comments_list '><span class='hr-inner ' ><span class='hr-inner-style'><\/span><\/span><\/div>\n<div  class='av-buildercomment  av-blog-meta-html-info-disabled av-blog-meta-tag-disabled  '><\/div>\n","protected":false},"excerpt":{"rendered":"","protected":false},"author":1,"featured_media":35250,"comment_status":"open","ping_status":"open","sticky":false,"template":"","format":"standard","meta":{"footnotes":""},"categories":[38],"tags":[],"class_list":["post-35249","post","type-post","status-publish","format-standard","has-post-thumbnail","hentry","category-regional"],"jetpack_featured_media_url":"https:\/\/radiorevelacionfm.cl\/wp-content\/uploads\/2023\/09\/1-38-1-2.jpeg","_links":{"self":[{"href":"https:\/\/radiorevelacionfm.cl\/index.php?rest_route=\/wp\/v2\/posts\/35249","targetHints":{"allow":["GET"]}}],"collection":[{"href":"https:\/\/radiorevelacionfm.cl\/index.php?rest_route=\/wp\/v2\/posts"}],"about":[{"href":"https:\/\/radiorevelacionfm.cl\/index.php?rest_route=\/wp\/v2\/types\/post"}],"author":[{"embeddable":true,"href":"https:\/\/radiorevelacionfm.cl\/index.php?rest_route=\/wp\/v2\/users\/1"}],"replies":[{"embeddable":true,"href":"https:\/\/radiorevelacionfm.cl\/index.php?rest_route=%2Fwp%2Fv2%2Fcomments&post=35249"}],"version-history":[{"count":1,"href":"https:\/\/radiorevelacionfm.cl\/index.php?rest_route=\/wp\/v2\/posts\/35249\/revisions"}],"predecessor-version":[{"id":35251,"href":"https:\/\/radiorevelacionfm.cl\/index.php?rest_route=\/wp\/v2\/posts\/35249\/revisions\/35251"}],"wp:featuredmedia":[{"embeddable":true,"href":"https:\/\/radiorevelacionfm.cl\/index.php?rest_route=\/wp\/v2\/media\/35250"}],"wp:attachment":[{"href":"https:\/\/radiorevelacionfm.cl\/index.php?rest_route=%2Fwp%2Fv2%2Fmedia&parent=35249"}],"wp:term":[{"taxonomy":"category","embeddable":true,"href":"https:\/\/radiorevelacionfm.cl\/index.php?rest_route=%2Fwp%2Fv2%2Fcategories&post=35249"},{"taxonomy":"post_tag","embeddable":true,"href":"https:\/\/radiorevelacionfm.cl\/index.php?rest_route=%2Fwp%2Fv2%2Ftags&post=35249"}],"curies":[{"name":"wp","href":"https:\/\/api.w.org\/{rel}","templated":true}]}}