{"id":35246,"date":"2023-09-25T09:50:54","date_gmt":"2023-09-25T12:50:54","guid":{"rendered":"https:\/\/radiorevelacionfm.cl\/?p=35246"},"modified":"2023-09-25T09:50:54","modified_gmt":"2023-09-25T12:50:54","slug":"destacan-el-dia-internacional-de-la-alfabetizacion-y-dia-nacional-de-la-educacion-de-personas-jovenes-y-adultas","status":"publish","type":"post","link":"https:\/\/radiorevelacionfm.cl\/?p=35246","title":{"rendered":"Destacan el D\u00eda Internacional de la Alfabetizaci\u00f3n y D\u00eda Nacional de la Educaci\u00f3n de Personas J\u00f3venes y Adultas"},"content":{"rendered":"<div class=\"flex_column av_one_full  flex_column_div av-zero-column-padding first  avia-builder-el-0  el_before_av_one_full  avia-builder-el-first  \" style='border-radius:0px; '><div  class='avia-image-container  av-styling-    avia-builder-el-1  avia-builder-el-no-sibling  avia-align-center '  itemprop=\"image\" itemscope=\"itemscope\" itemtype=\"https:\/\/schema.org\/ImageObject\"  ><div class='avia-image-container-inner'><div class='avia-image-overlay-wrap'><img decoding=\"async\" class='wp-image-35247 avia-img-lazy-loading-not-35247 avia_image' src=\"https:\/\/radiorevelacionfm.cl\/wp-content\/uploads\/2023\/09\/epja4_optimized.jpg\" alt='' title='epja4_optimized' height=\"605\" width=\"807\"  itemprop=\"thumbnailUrl\" srcset=\"https:\/\/radiorevelacionfm.cl\/wp-content\/uploads\/2023\/09\/epja4_optimized.jpg 807w, https:\/\/radiorevelacionfm.cl\/wp-content\/uploads\/2023\/09\/epja4_optimized-300x225.jpg 300w, https:\/\/radiorevelacionfm.cl\/wp-content\/uploads\/2023\/09\/epja4_optimized-768x576.jpg 768w, https:\/\/radiorevelacionfm.cl\/wp-content\/uploads\/2023\/09\/epja4_optimized-705x529.jpg 705w, https:\/\/radiorevelacionfm.cl\/wp-content\/uploads\/2023\/09\/epja4_optimized-450x337.jpg 450w, https:\/\/radiorevelacionfm.cl\/wp-content\/uploads\/2023\/09\/epja4_optimized-600x450.jpg 600w\" sizes=\"(max-width: 807px) 100vw, 807px\" \/><\/div><\/div><\/div><\/div><div class=\"flex_column av_one_full  flex_column_div av-zero-column-padding first  avia-builder-el-2  el_after_av_one_full  el_before_av_one_full  column-top-margin\" style='border-radius:0px; '><section class=\"av_textblock_section \"  itemscope=\"itemscope\" itemtype=\"https:\/\/schema.org\/BlogPosting\" itemprop=\"blogPost\" ><div class='avia_textblock  '   itemprop=\"text\" ><p style=\"text-align: center;\"><strong><span style=\"font-size: 18pt;\">Destacan el D\u00eda Internacional de la Alfabetizaci\u00f3n y D\u00eda Nacional de la Educaci\u00f3n de Personas J\u00f3venes y Adultas<\/span><\/strong><\/p>\n<div id=\"gtx-trans\" style=\"position: absolute; left: -50px; top: 4.31534px;\">\n<div class=\"gtx-trans-icon\"><\/div>\n<\/div>\n<\/div><\/section><\/div><div class=\"flex_column av_one_full  flex_column_div av-zero-column-padding first  avia-builder-el-4  el_after_av_one_full  el_before_av_hr  column-top-margin\" style='border-radius:0px; '><section class=\"av_textblock_section \"  itemscope=\"itemscope\" itemtype=\"https:\/\/schema.org\/BlogPosting\" itemprop=\"blogPost\" ><div class='avia_textblock  '   itemprop=\"text\" ><p class=\"v1MsoNormal\" style=\"text-align: justify;\">Como cada 8 de septiembre la Secretar\u00eda Regional Ministerial de Educaci\u00f3n de Ays\u00e9n conmemor\u00f3 un nuevo D\u00eda Internacional de la Alfabetizaci\u00f3n y D\u00eda Nacional de la Educaci\u00f3n de Personas J\u00f3venes y Adultas, con el objetivo de que cada vez sea menor el n\u00famero de personas en nuestro pa\u00eds que no est\u00e9n alfabetizadas<\/p>\n<p class=\"v1MsoNormal\" style=\"text-align: justify;\">En el acto de car\u00e1cter art\u00edstico realizado en el Centro Cultural Coyhaique particip\u00f3 el Seremi del Trabajo y Previsi\u00f3n Social, Rodrigo D\u00edaz, el Coordinador Regional (S) SECREDUC Jorge Carrillo, Jefe del Departamento Provincial de Educaci\u00f3n Coyhaique(S) Edgar Pradena, el Director del CEIA Josefina M\u00e9ndez David Navarro, quien a su vez es coordinador directivo de la red Mate y Truco, representantes del Colegio Trapananda, Centros de Estudios Patagonia, docentes, monitores y estudiantes de Ays\u00e9n y Coyhaique.<\/p>\n<p class=\"v1MsoNormal\" style=\"text-align: justify;\">La jornada comenz\u00f3 con un especial saludo virtual de nuestra Seremi de Educaci\u00f3n, Isabel Garrido, quien felicit\u00f3 a los establecimientos educacionales que acogen en sus aulas a j\u00f3venes y adultos otorgando educaci\u00f3n digna y de calidad, y destac\u00f3 a las y los j\u00f3venes y adultos que valientemente est\u00e1n terminando sus estudios.<\/p>\n<p class=\"v1MsoNormal\" style=\"text-align: justify;\">\u00abEn el D\u00eda de Internacional de la Alfabetizaci\u00f3n y D\u00eda Nacional de la Educaci\u00f3n de Personas J\u00f3venes y Adultas rememoramos los pasos del profesor y educador de personas adultas Paulo Freire quien dec\u00eda \u00abTodos sabemos algo y todos ignoramos algo\u00bb. Este es un elemento esencial que est\u00e1 en la base del derecho a la educaci\u00f3n y la educaci\u00f3n como un derecho que promueve \u00a0el Gobierno del Presidente Gabriel Boric. Hoy saludamos a las y los estudiantes que se atreven y esfuerzan por continuar sus estudios muchas veces contra grandes adversidades y queremos animarlos a seguir esforz\u00e1ndose y tambi\u00e9n reconocemos a los establecimientos educacionales e instituciones que imparten la educaci\u00f3n de adultos y que se esfuerzan por hacerlo \u00a0con dignidad y calidad como merecen las personas a las que atienden\u00bb.<\/p>\n<p class=\"v1MsoNormal\" style=\"text-align: justify;\">Por su parte, David Navarro, director del CEIA Josefina M\u00e9ndez quien a su vez es Coordinador directivo de la red Mate y Truco expres\u00f3 que \u00abNuestros colegios que integran la red Mate y Truco est\u00e1n desplegados en toda la regi\u00f3n, en jornadas diurnas, vespertinas y nocturnas en tercera jornada y tambi\u00e9n estamos presentes en sistemas cerrados como c\u00e1rceles y centros de reclusi\u00f3n de menores. Estamos felices porque nuestra educaci\u00f3n es relevante. En nuestras aulas recibimos a ni\u00f1os, ni\u00f1as, adolescentes, j\u00f3venes y adultos que han abandonado el sistema escolar por diversas razones y realidades y hoy d\u00eda los celebramos porque son nuestros queridos estudiantes y la raz\u00f3n de nuestra acci\u00f3n educativa\u00bb.<\/p>\n<p class=\"v1MsoNormal\" style=\"text-align: justify;\">Mar\u00eda Ugarte monitora de Alfabetizaci\u00f3n se\u00f1al\u00f3 que \u00abEste es mi primer a\u00f1o como monitora pero llevo diez a\u00f1os trabajando en el programa V\u00ednculos de la Municipalidad de Ays\u00e9n \u00a0y ah\u00ed me pude dar cuenta que la principal falencia de nuestros usuarios es la falta de educaci\u00f3n. Yo trabajo con adultos mayores y ha costado un poco por distintos condicionamientos ambientales pero esperamos ir avanzando con ellos\u00bb.<\/p>\n<p class=\"v1MsoNormal\" style=\"text-align: justify;\">Al Ministerio de Educaci\u00f3n le asiste la convicci\u00f3n de que \u00a1nunca es tarde para seguir estudiando y asumimos el compromiso de impulsar una educaci\u00f3n a lo largo de la vida! esto har\u00e1 de Chile un pa\u00eds m\u00e1s justo. Superar las actuales falencias en la alfabetizaci\u00f3n de un pueblo, ayuda a mejorar la salud, el trabajo, la educaci\u00f3n y la democracia.<\/p>\n<\/div><\/section><\/div><div  style='height:50px' class='hr hr-invisible   avia-builder-el-6  el_after_av_one_full  el_before_av_social_share '><span class='hr-inner ' ><span class='hr-inner-style'><\/span><\/span><\/div><\/p>\n<div  class='av-social-sharing-box  avia-builder-el-7  el_after_av_hr  el_before_av_hr  '><div class='av-share-box'><h5 class='av-share-link-description av-no-toc '>Compartir esta noticia<\/h5><ul class='av-share-box-list noLightbox'><li class='av-share-link av-social-link-facebook' ><a target=\"_blank\" aria-label=\"Compartir en Facebook\" href='https:\/\/www.facebook.com\/sharer.php?u=https:\/\/radiorevelacionfm.cl\/?p=35246&#038;t=Destacan%20el%20D%C3%ADa%20Internacional%20de%20la%20Alfabetizaci%C3%B3n%20y%20D%C3%ADa%20Nacional%20de%20la%20Educaci%C3%B3n%20de%20Personas%20J%C3%B3venes%20y%20Adultas' aria-hidden='false' data-av_icon='\ue8f3' data-av_iconfont='entypo-fontello' title='' data-avia-related-tooltip='Compartir en Facebook' rel=\"noopener\"><span class='avia_hidden_link_text'>Compartir en Facebook<\/span><\/a><\/li><li class='av-share-link av-social-link-twitter' ><a target=\"_blank\" aria-label=\"Compartir en Twitter\" href='https:\/\/twitter.com\/share?text=Destacan%20el%20D%C3%ADa%20Internacional%20de%20la%20Alfabetizaci%C3%B3n%20y%20D%C3%ADa%20Nacional%20de%20la%20Educaci%C3%B3n%20de%20Personas%20J%C3%B3venes%20y%20Adultas&#038;url=https:\/\/radiorevelacionfm.cl\/?p=35246' aria-hidden='false' data-av_icon='\ue8f1' data-av_iconfont='entypo-fontello' title='' data-avia-related-tooltip='Compartir en Twitter' rel=\"noopener\"><span class='avia_hidden_link_text'>Compartir en Twitter<\/span><\/a><\/li><li class='av-share-link av-social-link-whatsapp' ><a target=\"_blank\" aria-label=\"Compartir en Whatsapp\" href='https:\/\/api.whatsapp.com\/send?text=https:\/\/radiorevelacionfm.cl\/?p=35246' aria-hidden='false' data-av_icon='\uf232' data-av_iconfont='entypo-fontello' title='' data-avia-related-tooltip='Compartir en Whatsapp' rel=\"noopener\"><span class='avia_hidden_link_text'>Compartir en Whatsapp<\/span><\/a><\/li><li class='av-share-link av-social-link-linkedin' ><a target=\"_blank\" aria-label=\"Compartir en LinkedIn\" href='https:\/\/linkedin.com\/shareArticle?mini=true&#038;title=Destacan%20el%20D%C3%ADa%20Internacional%20de%20la%20Alfabetizaci%C3%B3n%20y%20D%C3%ADa%20Nacional%20de%20la%20Educaci%C3%B3n%20de%20Personas%20J%C3%B3venes%20y%20Adultas&#038;url=https:\/\/radiorevelacionfm.cl\/?p=35246' aria-hidden='false' data-av_icon='\ue8fc' data-av_iconfont='entypo-fontello' title='' data-avia-related-tooltip='Compartir en LinkedIn' rel=\"noopener\"><span class='avia_hidden_link_text'>Compartir en LinkedIn<\/span><\/a><\/li><li class='av-share-link av-social-link-mail' ><a  aria-label=\"Compartir por correo\" href='mailto:?subject=Destacan%20el%20D%C3%ADa%20Internacional%20de%20la%20Alfabetizaci%C3%B3n%20y%20D%C3%ADa%20Nacional%20de%20la%20Educaci%C3%B3n%20de%20Personas%20J%C3%B3venes%20y%20Adultas&#038;body=https:\/\/radiorevelacionfm.cl\/?p=35246' aria-hidden='false' data-av_icon='\ue805' data-av_iconfont='entypo-fontello' title='' data-avia-related-tooltip='Compartir por correo'><span class='avia_hidden_link_text'>Compartir por correo<\/span><\/a><\/li><\/ul><\/div><\/div>\n<div  style='height:50px' class='hr hr-invisible   avia-builder-el-8  el_after_av_social_share  el_before_av_comments_list '><span class='hr-inner ' ><span class='hr-inner-style'><\/span><\/span><\/div>\n<div  class='av-buildercomment  av-blog-meta-html-info-disabled av-blog-meta-tag-disabled  '><\/div>\n","protected":false},"excerpt":{"rendered":"","protected":false},"author":1,"featured_media":35247,"comment_status":"open","ping_status":"open","sticky":false,"template":"","format":"standard","meta":{"footnotes":""},"categories":[49],"tags":[],"class_list":["post-35246","post","type-post","status-publish","format-standard","has-post-thumbnail","hentry","category-educacion"],"jetpack_featured_media_url":"https:\/\/radiorevelacionfm.cl\/wp-content\/uploads\/2023\/09\/epja4_optimized.jpg","_links":{"self":[{"href":"https:\/\/radiorevelacionfm.cl\/index.php?rest_route=\/wp\/v2\/posts\/35246","targetHints":{"allow":["GET"]}}],"collection":[{"href":"https:\/\/radiorevelacionfm.cl\/index.php?rest_route=\/wp\/v2\/posts"}],"about":[{"href":"https:\/\/radiorevelacionfm.cl\/index.php?rest_route=\/wp\/v2\/types\/post"}],"author":[{"embeddable":true,"href":"https:\/\/radiorevelacionfm.cl\/index.php?rest_route=\/wp\/v2\/users\/1"}],"replies":[{"embeddable":true,"href":"https:\/\/radiorevelacionfm.cl\/index.php?rest_route=%2Fwp%2Fv2%2Fcomments&post=35246"}],"version-history":[{"count":1,"href":"https:\/\/radiorevelacionfm.cl\/index.php?rest_route=\/wp\/v2\/posts\/35246\/revisions"}],"predecessor-version":[{"id":35248,"href":"https:\/\/radiorevelacionfm.cl\/index.php?rest_route=\/wp\/v2\/posts\/35246\/revisions\/35248"}],"wp:featuredmedia":[{"embeddable":true,"href":"https:\/\/radiorevelacionfm.cl\/index.php?rest_route=\/wp\/v2\/media\/35247"}],"wp:attachment":[{"href":"https:\/\/radiorevelacionfm.cl\/index.php?rest_route=%2Fwp%2Fv2%2Fmedia&parent=35246"}],"wp:term":[{"taxonomy":"category","embeddable":true,"href":"https:\/\/radiorevelacionfm.cl\/index.php?rest_route=%2Fwp%2Fv2%2Fcategories&post=35246"},{"taxonomy":"post_tag","embeddable":true,"href":"https:\/\/radiorevelacionfm.cl\/index.php?rest_route=%2Fwp%2Fv2%2Ftags&post=35246"}],"curies":[{"name":"wp","href":"https:\/\/api.w.org\/{rel}","templated":true}]}}