{"id":35240,"date":"2023-09-23T11:56:13","date_gmt":"2023-09-23T14:56:13","guid":{"rendered":"https:\/\/radiorevelacionfm.cl\/?p=35240"},"modified":"2023-09-23T11:56:13","modified_gmt":"2023-09-23T14:56:13","slug":"general-patricio-santos-fue-ratificado-como-jefe-de-zona-de-carabineros-aysen-para-el-periodo-2024","status":"publish","type":"post","link":"https:\/\/radiorevelacionfm.cl\/?p=35240","title":{"rendered":"General Patricio Santos fue ratificado como Jefe de Zona de Carabineros Ays\u00e9n para el periodo 2024"},"content":{"rendered":"<div class=\"flex_column av_one_full  flex_column_div av-zero-column-padding first  avia-builder-el-0  el_before_av_one_full  avia-builder-el-first  \" style='border-radius:0px; '><div  class='avia-image-container  av-styling-    avia-builder-el-1  avia-builder-el-no-sibling  avia-align-center '  itemprop=\"image\" itemscope=\"itemscope\" itemtype=\"https:\/\/schema.org\/ImageObject\"  ><div class='avia-image-container-inner'><div class='avia-image-overlay-wrap'><img decoding=\"async\" class='wp-image-35242 avia-img-lazy-loading-not-35242 avia_image' src=\"https:\/\/radiorevelacionfm.cl\/wp-content\/uploads\/2023\/09\/Gral-Patricio-Santos-1-1.jpg\" alt='' title='Gral-Patricio-Santos (1) (1)' height=\"600\" width=\"1065\"  itemprop=\"thumbnailUrl\" srcset=\"https:\/\/radiorevelacionfm.cl\/wp-content\/uploads\/2023\/09\/Gral-Patricio-Santos-1-1.jpg 1065w, https:\/\/radiorevelacionfm.cl\/wp-content\/uploads\/2023\/09\/Gral-Patricio-Santos-1-1-300x169.jpg 300w, https:\/\/radiorevelacionfm.cl\/wp-content\/uploads\/2023\/09\/Gral-Patricio-Santos-1-1-1030x580.jpg 1030w, https:\/\/radiorevelacionfm.cl\/wp-content\/uploads\/2023\/09\/Gral-Patricio-Santos-1-1-768x433.jpg 768w, https:\/\/radiorevelacionfm.cl\/wp-content\/uploads\/2023\/09\/Gral-Patricio-Santos-1-1-705x397.jpg 705w, https:\/\/radiorevelacionfm.cl\/wp-content\/uploads\/2023\/09\/Gral-Patricio-Santos-1-1-450x254.jpg 450w, https:\/\/radiorevelacionfm.cl\/wp-content\/uploads\/2023\/09\/Gral-Patricio-Santos-1-1-600x338.jpg 600w\" sizes=\"(max-width: 1065px) 100vw, 1065px\" \/><\/div><\/div><\/div><\/div><div class=\"flex_column av_one_full  flex_column_div av-zero-column-padding first  avia-builder-el-2  el_after_av_one_full  el_before_av_one_full  column-top-margin\" style='border-radius:0px; '><section class=\"av_textblock_section \"  itemscope=\"itemscope\" itemtype=\"https:\/\/schema.org\/BlogPosting\" itemprop=\"blogPost\" ><div class='avia_textblock  '   itemprop=\"text\" ><p style=\"text-align: center;\"><span style=\"font-size: 18pt;\"><b>General Patricio Santos fue ratificado como Jefe de Zona de Carabineros Ays\u00e9n para el periodo 2024<\/b><\/span><\/p>\n<div id=\"gtx-trans\" style=\"position: absolute; left: -50px; top: 4.31534px;\">\n<div class=\"gtx-trans-icon\"><\/div>\n<\/div>\n<\/div><\/section><\/div><div class=\"flex_column av_one_full  flex_column_div av-zero-column-padding first  avia-builder-el-4  el_after_av_one_full  el_before_av_hr  column-top-margin\" style='border-radius:0px; '><section class=\"av_textblock_section \"  itemscope=\"itemscope\" itemtype=\"https:\/\/schema.org\/BlogPosting\" itemprop=\"blogPost\" ><div class='avia_textblock  '   itemprop=\"text\" ><p class=\"v1MsoNormal\" style=\"text-align: justify;\">El General Patricio Javier Santos Poblete fue ratificado por segundo a\u00f1o como Jefe de Zona de Carabineros Ays\u00e9n para el periodo 2024. Lo anterior luego que el Presidente de la Rep\u00fablica Gabriel Boric Font aprob\u00f3 el jueves la propuesta presentada por el General Director de Carabineros de Chile, Ricardo Y\u00e1\u00f1ez Reveco, conformando de esta manera el Alto Mando institucional para el pr\u00f3ximo a\u00f1o.<\/p>\n<p class=\"v1MsoNormal\" style=\"text-align: justify;\">Con 32 a\u00f1os de servicio, Ingeniero en tr\u00e1nsito y transporte (Licenciado en ciencias de la ingenier\u00eda), Magister en criminolog\u00eda, Mag\u00edster en gesti\u00f3n estrat\u00e9gica de seguridad p\u00fablica, Diplomado prevenci\u00f3n y pol\u00edticas p\u00fablicas de seguridad, Licenciado en administraci\u00f3n superior de seguridad p\u00fablica y Profesor de An\u00e1lisis Criminal (de pre y post grado), el General Santos, ha impulsado el proceso de modernizaci\u00f3n institucional en la regi\u00f3n, elevando la profesionalizaci\u00f3n de los funcionarios y con ello la valoraci\u00f3n ciudadana.<\/p>\n<p class=\"v1MsoNormal\" style=\"text-align: justify;\">De trato afable y con una notable preocupaci\u00f3n por el reconocimiento y bienestar del personal de Carabineros en la Regi\u00f3n, el General Patricio Santos durante su gesti\u00f3n ha desarrollado una importante labor y elaboraci\u00f3n de estrategias de intervenci\u00f3n para el control del delito, no solo para mejorar las condiciones en el desempe\u00f1o de la funci\u00f3n policial, sino tambi\u00e9n la capacidad de sus medios log\u00edsticos e infraestructura para la entrega de un servicio oportuno, eficiente y acorde a los est\u00e1ndares actuales de modernizaci\u00f3n que exige la sociedad.<\/p>\n<p class=\"v1MsoNormal\" style=\"text-align: justify;\">Enf\u00e1tico en se\u00f1alar que el delito es la manifestaci\u00f3n observable de la desviaci\u00f3n social y que la Instituci\u00f3n act\u00faa sobre sus consecuencias, el Oficial General ha reiterado en sus intervenciones el fundamental rol que cumple la familia y los grupos de referencia en acompa\u00f1ar el proceso de socializaci\u00f3n de la comunidad, aspirando a la cohesi\u00f3n social como principal elemento para lograr el desarrollo humano y vivir en paz.<\/p>\n<p class=\"v1MsoNormal\" style=\"text-align: justify;\">El General indic\u00f3 que como Instituci\u00f3n -tal como hasta ahora- continuar\u00e1 trabajando de manera coordinada con las distintas autoridades y la agencia corresponsable para seguir haciendo de Ays\u00e9n una de las regiones m\u00e1s seguras del pa\u00eds, en miras al Carabinero del Centenario, \u00ab<i>aspirando que, al llegar a ese momento, en la regi\u00f3n podamos contar con nuevos cuarteles para atender a las personas, con mayores tecnolog\u00edas, y con una capacidad profesional que evoluciona permanentemente para brindar un mejor servicio\u00bb<\/i>, se\u00f1al\u00f3.<\/p>\n<p class=\"v1MsoNormal\" style=\"text-align: justify;\">Actualmente est\u00e1 abierta la licitaci\u00f3n de 35 veh\u00edculos policiales y 2 lanchas, financiadas por el Gobierno Regional, a lo cual se suma la incorporaci\u00f3n de cerca de 15 veh\u00edculos policiales en los \u00faltimos 12 meses, 10 de ellos llegaron hace dos d\u00edas a la regi\u00f3n y ser\u00e1n prontamente presentados a la comunidad, adem\u00e1s de 3 buggies que arribar\u00e1n en estos d\u00edas.<\/p>\n<\/div><\/section><\/div><div  style='height:50px' class='hr hr-invisible   avia-builder-el-6  el_after_av_one_full  el_before_av_social_share '><span class='hr-inner ' ><span class='hr-inner-style'><\/span><\/span><\/div><\/p>\n<div  class='av-social-sharing-box  avia-builder-el-7  el_after_av_hr  el_before_av_hr  '><div class='av-share-box'><h5 class='av-share-link-description av-no-toc '>Compartir esta noticia<\/h5><ul class='av-share-box-list noLightbox'><li class='av-share-link av-social-link-facebook' ><a target=\"_blank\" aria-label=\"Compartir en Facebook\" href='https:\/\/www.facebook.com\/sharer.php?u=https:\/\/radiorevelacionfm.cl\/?p=35240&#038;t=General%20Patricio%20Santos%20fue%20ratificado%20como%20Jefe%20de%20Zona%20de%20Carabineros%20Ays%C3%A9n%20para%20el%20periodo%202024' aria-hidden='false' data-av_icon='\ue8f3' data-av_iconfont='entypo-fontello' title='' data-avia-related-tooltip='Compartir en Facebook' rel=\"noopener\"><span class='avia_hidden_link_text'>Compartir en Facebook<\/span><\/a><\/li><li class='av-share-link av-social-link-twitter' ><a target=\"_blank\" aria-label=\"Compartir en Twitter\" href='https:\/\/twitter.com\/share?text=General%20Patricio%20Santos%20fue%20ratificado%20como%20Jefe%20de%20Zona%20de%20Carabineros%20Ays%C3%A9n%20para%20el%20periodo%202024&#038;url=https:\/\/radiorevelacionfm.cl\/?p=35240' aria-hidden='false' data-av_icon='\ue8f1' data-av_iconfont='entypo-fontello' title='' data-avia-related-tooltip='Compartir en Twitter' rel=\"noopener\"><span class='avia_hidden_link_text'>Compartir en Twitter<\/span><\/a><\/li><li class='av-share-link av-social-link-whatsapp' ><a target=\"_blank\" aria-label=\"Compartir en Whatsapp\" href='https:\/\/api.whatsapp.com\/send?text=https:\/\/radiorevelacionfm.cl\/?p=35240' aria-hidden='false' data-av_icon='\uf232' data-av_iconfont='entypo-fontello' title='' data-avia-related-tooltip='Compartir en Whatsapp' rel=\"noopener\"><span class='avia_hidden_link_text'>Compartir en Whatsapp<\/span><\/a><\/li><li class='av-share-link av-social-link-linkedin' ><a target=\"_blank\" aria-label=\"Compartir en LinkedIn\" href='https:\/\/linkedin.com\/shareArticle?mini=true&#038;title=General%20Patricio%20Santos%20fue%20ratificado%20como%20Jefe%20de%20Zona%20de%20Carabineros%20Ays%C3%A9n%20para%20el%20periodo%202024&#038;url=https:\/\/radiorevelacionfm.cl\/?p=35240' aria-hidden='false' data-av_icon='\ue8fc' data-av_iconfont='entypo-fontello' title='' data-avia-related-tooltip='Compartir en LinkedIn' rel=\"noopener\"><span class='avia_hidden_link_text'>Compartir en LinkedIn<\/span><\/a><\/li><li class='av-share-link av-social-link-mail' ><a  aria-label=\"Compartir por correo\" href='mailto:?subject=General%20Patricio%20Santos%20fue%20ratificado%20como%20Jefe%20de%20Zona%20de%20Carabineros%20Ays%C3%A9n%20para%20el%20periodo%202024&#038;body=https:\/\/radiorevelacionfm.cl\/?p=35240' aria-hidden='false' data-av_icon='\ue805' data-av_iconfont='entypo-fontello' title='' data-avia-related-tooltip='Compartir por correo'><span class='avia_hidden_link_text'>Compartir por correo<\/span><\/a><\/li><\/ul><\/div><\/div>\n<div  style='height:50px' class='hr hr-invisible   avia-builder-el-8  el_after_av_social_share  el_before_av_comments_list '><span class='hr-inner ' ><span class='hr-inner-style'><\/span><\/span><\/div>\n<div  class='av-buildercomment  av-blog-meta-html-info-disabled av-blog-meta-tag-disabled  '><\/div>\n","protected":false},"excerpt":{"rendered":"","protected":false},"author":1,"featured_media":35242,"comment_status":"open","ping_status":"open","sticky":false,"template":"","format":"standard","meta":{"footnotes":""},"categories":[36],"tags":[],"class_list":["post-35240","post","type-post","status-publish","format-standard","has-post-thumbnail","hentry","category-policial"],"jetpack_featured_media_url":"https:\/\/radiorevelacionfm.cl\/wp-content\/uploads\/2023\/09\/Gral-Patricio-Santos-1-1.jpg","_links":{"self":[{"href":"https:\/\/radiorevelacionfm.cl\/index.php?rest_route=\/wp\/v2\/posts\/35240","targetHints":{"allow":["GET"]}}],"collection":[{"href":"https:\/\/radiorevelacionfm.cl\/index.php?rest_route=\/wp\/v2\/posts"}],"about":[{"href":"https:\/\/radiorevelacionfm.cl\/index.php?rest_route=\/wp\/v2\/types\/post"}],"author":[{"embeddable":true,"href":"https:\/\/radiorevelacionfm.cl\/index.php?rest_route=\/wp\/v2\/users\/1"}],"replies":[{"embeddable":true,"href":"https:\/\/radiorevelacionfm.cl\/index.php?rest_route=%2Fwp%2Fv2%2Fcomments&post=35240"}],"version-history":[{"count":1,"href":"https:\/\/radiorevelacionfm.cl\/index.php?rest_route=\/wp\/v2\/posts\/35240\/revisions"}],"predecessor-version":[{"id":35243,"href":"https:\/\/radiorevelacionfm.cl\/index.php?rest_route=\/wp\/v2\/posts\/35240\/revisions\/35243"}],"wp:featuredmedia":[{"embeddable":true,"href":"https:\/\/radiorevelacionfm.cl\/index.php?rest_route=\/wp\/v2\/media\/35242"}],"wp:attachment":[{"href":"https:\/\/radiorevelacionfm.cl\/index.php?rest_route=%2Fwp%2Fv2%2Fmedia&parent=35240"}],"wp:term":[{"taxonomy":"category","embeddable":true,"href":"https:\/\/radiorevelacionfm.cl\/index.php?rest_route=%2Fwp%2Fv2%2Fcategories&post=35240"},{"taxonomy":"post_tag","embeddable":true,"href":"https:\/\/radiorevelacionfm.cl\/index.php?rest_route=%2Fwp%2Fv2%2Ftags&post=35240"}],"curies":[{"name":"wp","href":"https:\/\/api.w.org\/{rel}","templated":true}]}}