{"id":35235,"date":"2023-09-22T18:53:39","date_gmt":"2023-09-22T21:53:39","guid":{"rendered":"https:\/\/radiorevelacionfm.cl\/?p=35235"},"modified":"2023-09-22T18:53:39","modified_gmt":"2023-09-22T21:53:39","slug":"ponen-en-valor-trabajo-de-dirigentes-habitacionales-al-ser-los-primeros-fiscalizadores-de-las-obras","status":"publish","type":"post","link":"https:\/\/radiorevelacionfm.cl\/?p=35235","title":{"rendered":"Ponen en valor trabajo de dirigentes habitacionales al ser los primeros fiscalizadores de las obras"},"content":{"rendered":"<div class=\"flex_column av_one_full  flex_column_div av-zero-column-padding first  avia-builder-el-0  el_before_av_one_full  avia-builder-el-first  \" style='border-radius:0px; '><div  class='avia-image-container  av-styling-    avia-builder-el-1  avia-builder-el-no-sibling  avia-align-center '  itemprop=\"image\" itemscope=\"itemscope\" itemtype=\"https:\/\/schema.org\/ImageObject\"  ><div class='avia-image-container-inner'><div class='avia-image-overlay-wrap'><img decoding=\"async\" class='wp-image-35236 avia-img-lazy-loading-not-35236 avia_image' src=\"https:\/\/radiorevelacionfm.cl\/wp-content\/uploads\/2023\/09\/casas-5-1_optimized-1.jpg\" alt='' title='casas-5-(1)_optimized (1)' height=\"600\" width=\"1067\"  itemprop=\"thumbnailUrl\" srcset=\"https:\/\/radiorevelacionfm.cl\/wp-content\/uploads\/2023\/09\/casas-5-1_optimized-1.jpg 1067w, https:\/\/radiorevelacionfm.cl\/wp-content\/uploads\/2023\/09\/casas-5-1_optimized-1-300x169.jpg 300w, https:\/\/radiorevelacionfm.cl\/wp-content\/uploads\/2023\/09\/casas-5-1_optimized-1-1030x579.jpg 1030w, https:\/\/radiorevelacionfm.cl\/wp-content\/uploads\/2023\/09\/casas-5-1_optimized-1-768x432.jpg 768w, https:\/\/radiorevelacionfm.cl\/wp-content\/uploads\/2023\/09\/casas-5-1_optimized-1-705x396.jpg 705w, https:\/\/radiorevelacionfm.cl\/wp-content\/uploads\/2023\/09\/casas-5-1_optimized-1-450x253.jpg 450w, https:\/\/radiorevelacionfm.cl\/wp-content\/uploads\/2023\/09\/casas-5-1_optimized-1-600x337.jpg 600w\" sizes=\"(max-width: 1067px) 100vw, 1067px\" \/><\/div><\/div><\/div><\/div><div class=\"flex_column av_one_full  flex_column_div av-zero-column-padding first  avia-builder-el-2  el_after_av_one_full  el_before_av_one_full  column-top-margin\" style='border-radius:0px; '><section class=\"av_textblock_section \"  itemscope=\"itemscope\" itemtype=\"https:\/\/schema.org\/BlogPosting\" itemprop=\"blogPost\" ><div class='avia_textblock  '   itemprop=\"text\" ><p style=\"text-align: center;\"><strong><span style=\"font-size: 18pt;\">Ponen en valor trabajo de dirigentes habitacionales al ser los primeros fiscalizadores de las obras<\/span><\/strong><\/p>\n<div id=\"gtx-trans\" style=\"position: absolute; left: -50px; top: 4.31534px;\">\n<div class=\"gtx-trans-icon\"><\/div>\n<\/div>\n<\/div><\/section><\/div><div class=\"flex_column av_one_full  flex_column_div av-zero-column-padding first  avia-builder-el-4  el_after_av_one_full  el_before_av_hr  column-top-margin\" style='border-radius:0px; '><section class=\"av_textblock_section \"  itemscope=\"itemscope\" itemtype=\"https:\/\/schema.org\/BlogPosting\" itemprop=\"blogPost\" ><div class='avia_textblock  '   itemprop=\"text\" ><p style=\"text-align: justify;\">Durante la jornada del d\u00eda viernes, el Alcalde de la comuna de Ays\u00e9n, Julio Uribe Alvarado, acompa\u00f1\u00f3 a dirigentes de los Comit\u00e9s \u201cAmuyen 1\u201d y \u201cAmuyen 2\u201d de Puerto Ays\u00e9n, quienes realizaron una visita inspectiva junto a la empresa que construye su complejo habitacional.<\/p>\n<p style=\"text-align: justify;\">Hasta el momento ser\u00edan detalles menores que presentan algunas de las casas, pero que la empresa ha ido subsanando a petici\u00f3n de los beneficiarios.<\/p>\n<p style=\"text-align: justify;\">El Alcalde Julio Uribe, valor\u00f3 el permanente trabajo de las y los dirigentes de los comit\u00e9s, porque han estado muy pendientes en las obras y se han transformado en los primeros fiscalizadores de la construcci\u00f3n de sus viviendas.<\/p>\n<p style=\"text-align: justify;\">\u201cVinimos a una visita donde los beneficiarios nos han invitado, ya estamos en la etapa de revisi\u00f3n del levantamiento de observaciones por parte de la Direcci\u00f3n de Obras del Municipio, donde se est\u00e1 revisando casa a casa, para que est\u00e9n en perfectas condiciones en el momento de la entrega\u201d, a\u00f1adi\u00f3 el edil.<\/p>\n<p style=\"text-align: justify;\">El Alcalde Uribe, tambi\u00e9n relev\u00f3 el est\u00e1ndar que en la actualidad tienen los complejos habitacionales, \u201cesta es una poblaci\u00f3n de muy alto est\u00e1ndar, con calles, con avenidas, que creo que le van a venir muy bien a los vecinos que van a vivir ac\u00e1. Tambi\u00e9n, anteriormente hemos venido con Junji a ver el lugar donde se va a instalar el jard\u00edn infantil, as\u00ed es que, son dos procesos que se tienen que cumplir y esperar que las observaciones sean las m\u00ednimas\u201d.<\/p>\n<p style=\"text-align: justify;\">La construcci\u00f3n de las viviendas de los comit\u00e9s \u201cAmuyen 1\u201d y \u201cAmuyen 2\u201d, est\u00e1n pr\u00e1cticamente terminadas, por ello, revisar que todo est\u00e1 como corresponde, es algo primordial para los dirigentes y sus bases, donde el compromiso de la empresa est\u00e1 en atender sus requerimientos y la voluntad de colaborar en lo que este al alcance del Municipio, esta y se mantiene, indic\u00f3 el Alcalde Julio Uribe.<\/p>\n<\/div><\/section><\/div><div  style='height:50px' class='hr hr-invisible   avia-builder-el-6  el_after_av_one_full  el_before_av_social_share '><span class='hr-inner ' ><span class='hr-inner-style'><\/span><\/span><\/div><\/p>\n<div  class='av-social-sharing-box  avia-builder-el-7  el_after_av_hr  el_before_av_hr  '><div class='av-share-box'><h5 class='av-share-link-description av-no-toc '>Compartir esta noticia<\/h5><ul class='av-share-box-list noLightbox'><li class='av-share-link av-social-link-facebook' ><a target=\"_blank\" aria-label=\"Compartir en Facebook\" href='https:\/\/www.facebook.com\/sharer.php?u=https:\/\/radiorevelacionfm.cl\/?p=35235&#038;t=Ponen%20en%20valor%20trabajo%20de%20dirigentes%20habitacionales%20al%20ser%20los%20primeros%20fiscalizadores%20de%20las%20obras' aria-hidden='false' data-av_icon='\ue8f3' data-av_iconfont='entypo-fontello' title='' data-avia-related-tooltip='Compartir en Facebook' rel=\"noopener\"><span class='avia_hidden_link_text'>Compartir en Facebook<\/span><\/a><\/li><li class='av-share-link av-social-link-twitter' ><a target=\"_blank\" aria-label=\"Compartir en Twitter\" href='https:\/\/twitter.com\/share?text=Ponen%20en%20valor%20trabajo%20de%20dirigentes%20habitacionales%20al%20ser%20los%20primeros%20fiscalizadores%20de%20las%20obras&#038;url=https:\/\/radiorevelacionfm.cl\/?p=35235' aria-hidden='false' data-av_icon='\ue8f1' data-av_iconfont='entypo-fontello' title='' data-avia-related-tooltip='Compartir en Twitter' rel=\"noopener\"><span class='avia_hidden_link_text'>Compartir en Twitter<\/span><\/a><\/li><li class='av-share-link av-social-link-whatsapp' ><a target=\"_blank\" aria-label=\"Compartir en Whatsapp\" href='https:\/\/api.whatsapp.com\/send?text=https:\/\/radiorevelacionfm.cl\/?p=35235' aria-hidden='false' data-av_icon='\uf232' data-av_iconfont='entypo-fontello' title='' data-avia-related-tooltip='Compartir en Whatsapp' rel=\"noopener\"><span class='avia_hidden_link_text'>Compartir en Whatsapp<\/span><\/a><\/li><li class='av-share-link av-social-link-linkedin' ><a target=\"_blank\" aria-label=\"Compartir en LinkedIn\" href='https:\/\/linkedin.com\/shareArticle?mini=true&#038;title=Ponen%20en%20valor%20trabajo%20de%20dirigentes%20habitacionales%20al%20ser%20los%20primeros%20fiscalizadores%20de%20las%20obras&#038;url=https:\/\/radiorevelacionfm.cl\/?p=35235' aria-hidden='false' data-av_icon='\ue8fc' data-av_iconfont='entypo-fontello' title='' data-avia-related-tooltip='Compartir en LinkedIn' rel=\"noopener\"><span class='avia_hidden_link_text'>Compartir en LinkedIn<\/span><\/a><\/li><li class='av-share-link av-social-link-mail' ><a  aria-label=\"Compartir por correo\" href='mailto:?subject=Ponen%20en%20valor%20trabajo%20de%20dirigentes%20habitacionales%20al%20ser%20los%20primeros%20fiscalizadores%20de%20las%20obras&#038;body=https:\/\/radiorevelacionfm.cl\/?p=35235' aria-hidden='false' data-av_icon='\ue805' data-av_iconfont='entypo-fontello' title='' data-avia-related-tooltip='Compartir por correo'><span class='avia_hidden_link_text'>Compartir por correo<\/span><\/a><\/li><\/ul><\/div><\/div>\n<div  style='height:50px' class='hr hr-invisible   avia-builder-el-8  el_after_av_social_share  el_before_av_comments_list '><span class='hr-inner ' ><span class='hr-inner-style'><\/span><\/span><\/div>\n<div  class='av-buildercomment  av-blog-meta-html-info-disabled av-blog-meta-tag-disabled  '><\/div>\n","protected":false},"excerpt":{"rendered":"","protected":false},"author":1,"featured_media":35236,"comment_status":"open","ping_status":"open","sticky":false,"template":"","format":"standard","meta":{"footnotes":""},"categories":[38],"tags":[],"class_list":["post-35235","post","type-post","status-publish","format-standard","has-post-thumbnail","hentry","category-regional"],"jetpack_featured_media_url":"https:\/\/radiorevelacionfm.cl\/wp-content\/uploads\/2023\/09\/casas-5-1_optimized-1.jpg","_links":{"self":[{"href":"https:\/\/radiorevelacionfm.cl\/index.php?rest_route=\/wp\/v2\/posts\/35235","targetHints":{"allow":["GET"]}}],"collection":[{"href":"https:\/\/radiorevelacionfm.cl\/index.php?rest_route=\/wp\/v2\/posts"}],"about":[{"href":"https:\/\/radiorevelacionfm.cl\/index.php?rest_route=\/wp\/v2\/types\/post"}],"author":[{"embeddable":true,"href":"https:\/\/radiorevelacionfm.cl\/index.php?rest_route=\/wp\/v2\/users\/1"}],"replies":[{"embeddable":true,"href":"https:\/\/radiorevelacionfm.cl\/index.php?rest_route=%2Fwp%2Fv2%2Fcomments&post=35235"}],"version-history":[{"count":1,"href":"https:\/\/radiorevelacionfm.cl\/index.php?rest_route=\/wp\/v2\/posts\/35235\/revisions"}],"predecessor-version":[{"id":35237,"href":"https:\/\/radiorevelacionfm.cl\/index.php?rest_route=\/wp\/v2\/posts\/35235\/revisions\/35237"}],"wp:featuredmedia":[{"embeddable":true,"href":"https:\/\/radiorevelacionfm.cl\/index.php?rest_route=\/wp\/v2\/media\/35236"}],"wp:attachment":[{"href":"https:\/\/radiorevelacionfm.cl\/index.php?rest_route=%2Fwp%2Fv2%2Fmedia&parent=35235"}],"wp:term":[{"taxonomy":"category","embeddable":true,"href":"https:\/\/radiorevelacionfm.cl\/index.php?rest_route=%2Fwp%2Fv2%2Fcategories&post=35235"},{"taxonomy":"post_tag","embeddable":true,"href":"https:\/\/radiorevelacionfm.cl\/index.php?rest_route=%2Fwp%2Fv2%2Ftags&post=35235"}],"curies":[{"name":"wp","href":"https:\/\/api.w.org\/{rel}","templated":true}]}}