{"id":35232,"date":"2023-09-22T19:40:41","date_gmt":"2023-09-22T22:40:41","guid":{"rendered":"https:\/\/radiorevelacionfm.cl\/?p=35232"},"modified":"2023-09-22T19:40:41","modified_gmt":"2023-09-22T22:40:41","slug":"comandante-regimiento-n8-chiloe-valora-trabajo-colaborativo-con-el-municipio-de-aysen","status":"publish","type":"post","link":"https:\/\/radiorevelacionfm.cl\/?p=35232","title":{"rendered":"Comandante Regimiento N\u00b08 Chilo\u00e9 valora trabajo colaborativo con el Municipio de Ays\u00e9n"},"content":{"rendered":"<div class=\"flex_column av_one_full  flex_column_div av-zero-column-padding first  avia-builder-el-0  el_before_av_one_full  avia-builder-el-first  \" style='border-radius:0px; '><div  class='avia-image-container  av-styling-    avia-builder-el-1  avia-builder-el-no-sibling  avia-align-center '  itemprop=\"image\" itemscope=\"itemscope\" itemtype=\"https:\/\/schema.org\/ImageObject\"  ><div class='avia-image-container-inner'><div class='avia-image-overlay-wrap'><img decoding=\"async\" class='wp-image-35233 avia-img-lazy-loading-not-35233 avia_image' src=\"https:\/\/radiorevelacionfm.cl\/wp-content\/uploads\/2023\/09\/reunion-ejercito-1-1_optimized.jpg\" alt='' title='reunion-ejercito-1-(1)_optimized' height=\"600\" width=\"1067\"  itemprop=\"thumbnailUrl\" srcset=\"https:\/\/radiorevelacionfm.cl\/wp-content\/uploads\/2023\/09\/reunion-ejercito-1-1_optimized.jpg 1067w, https:\/\/radiorevelacionfm.cl\/wp-content\/uploads\/2023\/09\/reunion-ejercito-1-1_optimized-300x169.jpg 300w, https:\/\/radiorevelacionfm.cl\/wp-content\/uploads\/2023\/09\/reunion-ejercito-1-1_optimized-1030x579.jpg 1030w, https:\/\/radiorevelacionfm.cl\/wp-content\/uploads\/2023\/09\/reunion-ejercito-1-1_optimized-768x432.jpg 768w, https:\/\/radiorevelacionfm.cl\/wp-content\/uploads\/2023\/09\/reunion-ejercito-1-1_optimized-705x396.jpg 705w, https:\/\/radiorevelacionfm.cl\/wp-content\/uploads\/2023\/09\/reunion-ejercito-1-1_optimized-450x253.jpg 450w, https:\/\/radiorevelacionfm.cl\/wp-content\/uploads\/2023\/09\/reunion-ejercito-1-1_optimized-600x337.jpg 600w\" sizes=\"(max-width: 1067px) 100vw, 1067px\" \/><\/div><\/div><\/div><\/div><div class=\"flex_column av_one_full  flex_column_div av-zero-column-padding first  avia-builder-el-2  el_after_av_one_full  el_before_av_one_full  column-top-margin\" style='border-radius:0px; '><section class=\"av_textblock_section \"  itemscope=\"itemscope\" itemtype=\"https:\/\/schema.org\/BlogPosting\" itemprop=\"blogPost\" ><div class='avia_textblock  '   itemprop=\"text\" ><p style=\"text-align: center;\"><strong><span style=\"font-size: 18pt;\">Comandante Regimiento N\u00b08 Chilo\u00e9 valora trabajo colaborativo con el Municipio de Ays\u00e9n<\/span><\/strong><\/p>\n<div id=\"gtx-trans\" style=\"position: absolute; left: -50px; top: 4.31534px;\">\n<div class=\"gtx-trans-icon\"><\/div>\n<\/div>\n<\/div><\/section><\/div><div class=\"flex_column av_one_full  flex_column_div av-zero-column-padding first  avia-builder-el-4  el_after_av_one_full  el_before_av_hr  column-top-margin\" style='border-radius:0px; '><section class=\"av_textblock_section \"  itemscope=\"itemscope\" itemtype=\"https:\/\/schema.org\/BlogPosting\" itemprop=\"blogPost\" ><div class='avia_textblock  '   itemprop=\"text\" ><p style=\"text-align: justify;\"><em>Junto con agradecer las acciones para el impecable desfile c\u00edvico \u2013 militar, el alto oficial de Ej\u00e9rcito en reuni\u00f3n con el Alcalde Julio Uribe, se comprometi\u00f3 a analizar el apoyo en la construcci\u00f3n de senderos en sector de Bah\u00eda Acantilada, adem\u00e1s de, concretar desfile en Islas Huichas.<\/em><\/p>\n<p style=\"text-align: justify;\">Una importante reuni\u00f3n sostuvo el Alcalde de la comuna de Ays\u00e9n, Julio Uribe Alvarado, con el Comandante del Regimiento de Ingenieros N\u00b08 Chilo\u00e9, Mario Villegas. En el encuentro, se abordaron diversas materias, sin embargo, la autoridad castrense, destac\u00f3 el trabajo y apoyo de la Municipalidad para el desarrollo del desfile c\u00edvico \u2013 militar, efectuado en Puerto Ays\u00e9n y que cont\u00f3 con participaci\u00f3n de la ciudadan\u00eda.<\/p>\n<p style=\"text-align: justify;\">\u201cDonde particip\u00f3 parte importante de los efectivos, personal de planta y soldados conscriptos que tenemos en nuestra unidad y nuestra divisi\u00f3n, donde incluso nos acompa\u00f1\u00f3 una divisi\u00f3n de la Compa\u00f1\u00eda Andina de Cochrane. Junto con ello, se realiz\u00f3 el desfile c\u00edvico donde participaron gran parte de las instituciones que laboran en nuestra comuna, lo cual, hizo una actividad muy cercana, muy amena, muy linda, con amplia participaci\u00f3n. A ra\u00edz de lo mismo, he recibido durante todos estos d\u00edas, muestras de agradecimiento, de conformidad y de alegr\u00eda\u201d.<\/p>\n<p style=\"text-align: justify;\">El Oficial del Ej\u00e9rcito, Comandante Mario Villegas, tambi\u00e9n coment\u00f3 la petici\u00f3n de la autoridad comunal, de poder trabajar en conjunto, nuevos senderos en el sector de Bah\u00eda Acantilada.<\/p>\n<p style=\"text-align: justify;\">\u201cNosotros habitualmente tenemos la necesidad, en relaci\u00f3n a nuestras actividades de instrucci\u00f3n y entrenamiento, que forman parte del proceso de instrucci\u00f3n que a\u00f1o a a\u00f1o realizan nuestros soldados conscriptos y nuestro personal de planta en Bah\u00eda Acantilada. Instancias donde permanentemente hemos contado nosotros con el apoyo de la Municipalidad, para ocupar esos terrenos e instruir a nuestro personal, en definitiva, lo que nosotros vamos a seguir desarrollando en forma peri\u00f3dica. Junto con ello, en este d\u00eda que se nos ha solicitado la participaci\u00f3n y el apoyo para habilitar un nuevo camino, un nuevo sendero, vamos a analizar todos los aspectos necesarios para poder contribuir y nosotros de esa manera seguir dando continuidad a nuestros procesos de instrucci\u00f3n y entrenamiento que son la raz\u00f3n de ser de nosotros ac\u00e1\u201d.<\/p>\n<p style=\"text-align: justify;\">Para el Alcalde, Julio Uribe, la reuni\u00f3n con el Comandante del Regimiento N\u00b08 Chilo\u00e9, fue una positiva instancia para evaluar actividades recientes y analizar la posibilidad de iniciar un trabajo para crear una nueva ruta tur\u00edstica en el sector de Bah\u00eda Acantilada.<\/p>\n<p style=\"text-align: justify;\">\u201cFue una muy buena reuni\u00f3n, donde estamos pidiendo colaboraci\u00f3n para hacer algunos senderos en Bah\u00eda Acantilada y tambi\u00e9n nos felicit\u00f3 por el apoyo que hemos tenido hacia el Ej\u00e9rcito en estas Fiestas Patrias, como tambi\u00e9n en las diferentes actividades que desarrollamos. Fue una reuni\u00f3n muy buena y esperar poder seguir trabajando de la misma forma con nuestro Ej\u00e9rcito\u201d.<\/p>\n<p style=\"text-align: justify;\">Las autoridades tambi\u00e9n se comprometieron a que, durante el mes de octubre y previa coordinaci\u00f3n, se realizar\u00e1 un desfile en el sector de Islas Huichas, donde participar\u00e1 un contingente del Ej\u00e9rcito.<\/p>\n<\/div><\/section><\/div><div  style='height:50px' class='hr hr-invisible   avia-builder-el-6  el_after_av_one_full  el_before_av_social_share '><span class='hr-inner ' ><span class='hr-inner-style'><\/span><\/span><\/div><\/p>\n<div  class='av-social-sharing-box  avia-builder-el-7  el_after_av_hr  el_before_av_hr  '><div class='av-share-box'><h5 class='av-share-link-description av-no-toc '>Compartir esta noticia<\/h5><ul class='av-share-box-list noLightbox'><li class='av-share-link av-social-link-facebook' ><a target=\"_blank\" aria-label=\"Compartir en Facebook\" href='https:\/\/www.facebook.com\/sharer.php?u=https:\/\/radiorevelacionfm.cl\/?p=35232&#038;t=Comandante%20Regimiento%20N%C2%B08%20Chilo%C3%A9%20valora%20trabajo%20colaborativo%20con%20el%20Municipio%20de%20Ays%C3%A9n' aria-hidden='false' data-av_icon='\ue8f3' data-av_iconfont='entypo-fontello' title='' data-avia-related-tooltip='Compartir en Facebook' rel=\"noopener\"><span class='avia_hidden_link_text'>Compartir en Facebook<\/span><\/a><\/li><li class='av-share-link av-social-link-twitter' ><a target=\"_blank\" aria-label=\"Compartir en Twitter\" href='https:\/\/twitter.com\/share?text=Comandante%20Regimiento%20N%C2%B08%20Chilo%C3%A9%20valora%20trabajo%20colaborativo%20con%20el%20Municipio%20de%20Ays%C3%A9n&#038;url=https:\/\/radiorevelacionfm.cl\/?p=35232' aria-hidden='false' data-av_icon='\ue8f1' data-av_iconfont='entypo-fontello' title='' data-avia-related-tooltip='Compartir en Twitter' rel=\"noopener\"><span class='avia_hidden_link_text'>Compartir en Twitter<\/span><\/a><\/li><li class='av-share-link av-social-link-whatsapp' ><a target=\"_blank\" aria-label=\"Compartir en Whatsapp\" href='https:\/\/api.whatsapp.com\/send?text=https:\/\/radiorevelacionfm.cl\/?p=35232' aria-hidden='false' data-av_icon='\uf232' data-av_iconfont='entypo-fontello' title='' data-avia-related-tooltip='Compartir en Whatsapp' rel=\"noopener\"><span class='avia_hidden_link_text'>Compartir en Whatsapp<\/span><\/a><\/li><li class='av-share-link av-social-link-linkedin' ><a target=\"_blank\" aria-label=\"Compartir en LinkedIn\" href='https:\/\/linkedin.com\/shareArticle?mini=true&#038;title=Comandante%20Regimiento%20N%C2%B08%20Chilo%C3%A9%20valora%20trabajo%20colaborativo%20con%20el%20Municipio%20de%20Ays%C3%A9n&#038;url=https:\/\/radiorevelacionfm.cl\/?p=35232' aria-hidden='false' data-av_icon='\ue8fc' data-av_iconfont='entypo-fontello' title='' data-avia-related-tooltip='Compartir en LinkedIn' rel=\"noopener\"><span class='avia_hidden_link_text'>Compartir en LinkedIn<\/span><\/a><\/li><li class='av-share-link av-social-link-mail' ><a  aria-label=\"Compartir por correo\" href='mailto:?subject=Comandante%20Regimiento%20N%C2%B08%20Chilo%C3%A9%20valora%20trabajo%20colaborativo%20con%20el%20Municipio%20de%20Ays%C3%A9n&#038;body=https:\/\/radiorevelacionfm.cl\/?p=35232' aria-hidden='false' data-av_icon='\ue805' data-av_iconfont='entypo-fontello' title='' data-avia-related-tooltip='Compartir por correo'><span class='avia_hidden_link_text'>Compartir por correo<\/span><\/a><\/li><\/ul><\/div><\/div>\n<div  style='height:50px' class='hr hr-invisible   avia-builder-el-8  el_after_av_social_share  el_before_av_comments_list '><span class='hr-inner ' ><span class='hr-inner-style'><\/span><\/span><\/div>\n<div  class='av-buildercomment  av-blog-meta-html-info-disabled av-blog-meta-tag-disabled  '><\/div>\n","protected":false},"excerpt":{"rendered":"","protected":false},"author":1,"featured_media":35233,"comment_status":"open","ping_status":"open","sticky":false,"template":"","format":"standard","meta":{"footnotes":""},"categories":[38],"tags":[],"class_list":["post-35232","post","type-post","status-publish","format-standard","has-post-thumbnail","hentry","category-regional"],"jetpack_featured_media_url":"https:\/\/radiorevelacionfm.cl\/wp-content\/uploads\/2023\/09\/reunion-ejercito-1-1_optimized.jpg","_links":{"self":[{"href":"https:\/\/radiorevelacionfm.cl\/index.php?rest_route=\/wp\/v2\/posts\/35232","targetHints":{"allow":["GET"]}}],"collection":[{"href":"https:\/\/radiorevelacionfm.cl\/index.php?rest_route=\/wp\/v2\/posts"}],"about":[{"href":"https:\/\/radiorevelacionfm.cl\/index.php?rest_route=\/wp\/v2\/types\/post"}],"author":[{"embeddable":true,"href":"https:\/\/radiorevelacionfm.cl\/index.php?rest_route=\/wp\/v2\/users\/1"}],"replies":[{"embeddable":true,"href":"https:\/\/radiorevelacionfm.cl\/index.php?rest_route=%2Fwp%2Fv2%2Fcomments&post=35232"}],"version-history":[{"count":1,"href":"https:\/\/radiorevelacionfm.cl\/index.php?rest_route=\/wp\/v2\/posts\/35232\/revisions"}],"predecessor-version":[{"id":35234,"href":"https:\/\/radiorevelacionfm.cl\/index.php?rest_route=\/wp\/v2\/posts\/35232\/revisions\/35234"}],"wp:featuredmedia":[{"embeddable":true,"href":"https:\/\/radiorevelacionfm.cl\/index.php?rest_route=\/wp\/v2\/media\/35233"}],"wp:attachment":[{"href":"https:\/\/radiorevelacionfm.cl\/index.php?rest_route=%2Fwp%2Fv2%2Fmedia&parent=35232"}],"wp:term":[{"taxonomy":"category","embeddable":true,"href":"https:\/\/radiorevelacionfm.cl\/index.php?rest_route=%2Fwp%2Fv2%2Fcategories&post=35232"},{"taxonomy":"post_tag","embeddable":true,"href":"https:\/\/radiorevelacionfm.cl\/index.php?rest_route=%2Fwp%2Fv2%2Ftags&post=35232"}],"curies":[{"name":"wp","href":"https:\/\/api.w.org\/{rel}","templated":true}]}}