{"id":35210,"date":"2023-09-22T15:55:04","date_gmt":"2023-09-22T18:55:04","guid":{"rendered":"https:\/\/radiorevelacionfm.cl\/?p=35210"},"modified":"2023-09-22T15:55:04","modified_gmt":"2023-09-22T18:55:04","slug":"dialogos-sociales-en-torno-a-una-nueva-legislacion-patrimonial-para-ciudadanos-de-las-regiones-de-aysen-y-los-lagos","status":"publish","type":"post","link":"https:\/\/radiorevelacionfm.cl\/?p=35210","title":{"rendered":"Di\u00e1logos Sociales en torno a una nueva legislaci\u00f3n patrimonial para ciudadanos de las regiones de Ays\u00e9n y Los Lagos"},"content":{"rendered":"<div class=\"flex_column av_one_full  flex_column_div av-zero-column-padding first  avia-builder-el-0  el_before_av_one_full  avia-builder-el-first  \" style='border-radius:0px; '><div  class='avia-image-container  av-styling-    avia-builder-el-1  avia-builder-el-no-sibling  avia-align-center '  itemprop=\"image\" itemscope=\"itemscope\" itemtype=\"https:\/\/schema.org\/ImageObject\"  ><div class='avia-image-container-inner'><div class='avia-image-overlay-wrap'><img decoding=\"async\" class='wp-image-35211 avia-img-lazy-loading-not-35211 avia_image' src=\"https:\/\/radiorevelacionfm.cl\/wp-content\/uploads\/2023\/09\/dialogos-1-1-1.jpg\" alt='' title='dialogos 1 (1) (1)' height=\"600\" width=\"900\"  itemprop=\"thumbnailUrl\" srcset=\"https:\/\/radiorevelacionfm.cl\/wp-content\/uploads\/2023\/09\/dialogos-1-1-1.jpg 900w, https:\/\/radiorevelacionfm.cl\/wp-content\/uploads\/2023\/09\/dialogos-1-1-1-300x200.jpg 300w, https:\/\/radiorevelacionfm.cl\/wp-content\/uploads\/2023\/09\/dialogos-1-1-1-768x512.jpg 768w, https:\/\/radiorevelacionfm.cl\/wp-content\/uploads\/2023\/09\/dialogos-1-1-1-705x470.jpg 705w, https:\/\/radiorevelacionfm.cl\/wp-content\/uploads\/2023\/09\/dialogos-1-1-1-450x300.jpg 450w, https:\/\/radiorevelacionfm.cl\/wp-content\/uploads\/2023\/09\/dialogos-1-1-1-600x400.jpg 600w\" sizes=\"(max-width: 900px) 100vw, 900px\" \/><\/div><\/div><\/div><\/div><div class=\"flex_column av_one_full  flex_column_div av-zero-column-padding first  avia-builder-el-2  el_after_av_one_full  el_before_av_one_full  column-top-margin\" style='border-radius:0px; '><section class=\"av_textblock_section \"  itemscope=\"itemscope\" itemtype=\"https:\/\/schema.org\/BlogPosting\" itemprop=\"blogPost\" ><div class='avia_textblock  '   itemprop=\"text\" ><p style=\"text-align: center;\"><span style=\"font-size: 18pt;\"><b>Di\u00e1logos Sociales en torno a una nueva legislaci\u00f3n patrimonial para ciudadanos de las regiones de Ays\u00e9n y Los Lagos<\/b><\/span><\/p>\n<div id=\"gtx-trans\" style=\"position: absolute; left: -50px; top: 4.31534px;\">\n<div class=\"gtx-trans-icon\"><\/div>\n<\/div>\n<\/div><\/section><\/div><div class=\"flex_column av_one_full  flex_column_div av-zero-column-padding first  avia-builder-el-4  el_after_av_one_full  el_before_av_hr  column-top-margin\" style='border-radius:0px; '><section class=\"av_textblock_section \"  itemscope=\"itemscope\" itemtype=\"https:\/\/schema.org\/BlogPosting\" itemprop=\"blogPost\" ><div class='avia_textblock  '   itemprop=\"text\" ><p style=\"text-align: justify;\">El encuentro se realizar\u00e1 el pr\u00f3ximo martes 26 de septiembre en formato h\u00edbrido. La jornada presencial se realizar\u00e1 de 10:00 a 16:00 horas en la Biblioteca Regional de Los Lagos.<\/p>\n<p style=\"text-align: justify;\">El ministerio de las Culturas, las Artes y el Patrimonio invita a participar en un nuevo Di\u00e1logo Social para las regiones de Los Lagos y Ays\u00e9n. El encuentro se realizar\u00e1 en formato h\u00edbrido, para que los ciudadanos puedan participar en la modalidad que m\u00e1s les acomode, permitiendo que recoger los distintos enfoques, opiniones y propuestas respecto a la nueva ley. La actividad presencial se llevar\u00e1 a cabo en la Biblioteca Regional de Los Lagos, ubicada en Quillota 113, Puerto Montt.<\/p>\n<p style=\"text-align: justify;\">La jornada ser\u00e1 parte de la Consulta Ciudadana que se est\u00e1 llevando en diversas regiones del pa\u00eds y tiene como objetivo enriquecer una nueva legislaci\u00f3n patrimonial, que permita generar mejores herramientas para la protecci\u00f3n y salvaguardia del patrimonio. Los Di\u00e1logos Sociales son la \u00faltima etapa de una Consulta Ciudadana que adem\u00e1s ha considerado Audiencias P\u00fablicas para escuchar la opini\u00f3n de las organizaciones relacionadas y una Consulta Virtual que a\u00fan est\u00e1 abierta (<u><a id=\"m_2385395275723896245OWA84887b31-a359-9bef-733c-80b688531e39\" href=\"https:\/\/es.surveymonkey.com\/r\/8PCFYDY\" target=\"_blank\" rel=\"noopener\" data-saferedirecturl=\"https:\/\/www.google.com\/url?q=https:\/\/es.surveymonkey.com\/r\/8PCFYDY&amp;source=gmail&amp;ust=1695474532459000&amp;usg=AOvVaw3BP0M425yY_bls1q7JNhC4\">link encuesta<\/a><\/u>).<\/p>\n<p style=\"text-align: justify;\">La Subsecretaria de Patrimonio Cultural, Carolina P\u00e9rez Dattari, expres\u00f3 que \u201destamos muy contentas por este proceso de consulta, que ha permitido que personas y organizaciones de todo Chile puedan dar su opini\u00f3n en materias que son tan relevantes para las comunidades. La etapa de los Di\u00e1logos Sociales, de car\u00e1cter territorial, busca generar un espacio para que la ciudadan\u00eda pueda participar de manera activa en la puesta en valor de los patrimonios y as\u00ed, enriquecer una futura legislaci\u00f3n patrimonial\u00bb.<\/p>\n<p style=\"text-align: justify;\">Las inscripciones y fechas para los Di\u00e1logos Sociales se encuentran disponibles en el siguiente\u00a0<u><a id=\"m_2385395275723896245OWAdb59c1ad-452d-5107-67ef-395a0a0c3890\" href=\"https:\/\/form.jotform.com\/232287851379064\" target=\"_blank\" rel=\"noopener\" data-saferedirecturl=\"https:\/\/www.google.com\/url?q=https:\/\/form.jotform.com\/232287851379064&amp;source=gmail&amp;ust=1695474532459000&amp;usg=AOvVaw21tB_CNfkTRdNnXZq5ZM2H\">link<\/a><\/u>.<\/p>\n<p style=\"text-align: justify;\">M\u00e1s informaci\u00f3n en\u00a0<u><a id=\"m_2385395275723896245OWA323cbca9-cdf2-5d70-989c-5494001f3841\" href=\"http:\/\/www.cultura.gob.cl\/leypatrimonio\" target=\"_blank\" rel=\"noopener\" data-saferedirecturl=\"https:\/\/www.google.com\/url?q=http:\/\/www.cultura.gob.cl\/leypatrimonio&amp;source=gmail&amp;ust=1695474532459000&amp;usg=AOvVaw3AWg6ro-wMtiVS2-wVU4r1\">www.cultura.gob.cl\/<wbr \/>leypatrimonio<\/a><\/u>.<\/p>\n<\/div><\/section><\/div><div  style='height:50px' class='hr hr-invisible   avia-builder-el-6  el_after_av_one_full  el_before_av_social_share '><span class='hr-inner ' ><span class='hr-inner-style'><\/span><\/span><\/div><\/p>\n<div  class='av-social-sharing-box  avia-builder-el-7  el_after_av_hr  el_before_av_hr  '><div class='av-share-box'><h5 class='av-share-link-description av-no-toc '>Compartir esta noticia<\/h5><ul class='av-share-box-list noLightbox'><li class='av-share-link av-social-link-facebook' ><a target=\"_blank\" aria-label=\"Compartir en Facebook\" href='https:\/\/www.facebook.com\/sharer.php?u=https:\/\/radiorevelacionfm.cl\/?p=35210&#038;t=Di%C3%A1logos%20Sociales%20en%20torno%20a%20una%20nueva%20legislaci%C3%B3n%20patrimonial%20para%20ciudadanos%20de%20las%20regiones%20de%20Ays%C3%A9n%20y%20Los%20Lagos' aria-hidden='false' data-av_icon='\ue8f3' data-av_iconfont='entypo-fontello' title='' data-avia-related-tooltip='Compartir en Facebook' rel=\"noopener\"><span class='avia_hidden_link_text'>Compartir en Facebook<\/span><\/a><\/li><li class='av-share-link av-social-link-twitter' ><a target=\"_blank\" aria-label=\"Compartir en Twitter\" href='https:\/\/twitter.com\/share?text=Di%C3%A1logos%20Sociales%20en%20torno%20a%20una%20nueva%20legislaci%C3%B3n%20patrimonial%20para%20ciudadanos%20de%20las%20regiones%20de%20Ays%C3%A9n%20y%20Los%20Lagos&#038;url=https:\/\/radiorevelacionfm.cl\/?p=35210' aria-hidden='false' data-av_icon='\ue8f1' data-av_iconfont='entypo-fontello' title='' data-avia-related-tooltip='Compartir en Twitter' rel=\"noopener\"><span class='avia_hidden_link_text'>Compartir en Twitter<\/span><\/a><\/li><li class='av-share-link av-social-link-whatsapp' ><a target=\"_blank\" aria-label=\"Compartir en Whatsapp\" href='https:\/\/api.whatsapp.com\/send?text=https:\/\/radiorevelacionfm.cl\/?p=35210' aria-hidden='false' data-av_icon='\uf232' data-av_iconfont='entypo-fontello' title='' data-avia-related-tooltip='Compartir en Whatsapp' rel=\"noopener\"><span class='avia_hidden_link_text'>Compartir en Whatsapp<\/span><\/a><\/li><li class='av-share-link av-social-link-linkedin' ><a target=\"_blank\" aria-label=\"Compartir en LinkedIn\" href='https:\/\/linkedin.com\/shareArticle?mini=true&#038;title=Di%C3%A1logos%20Sociales%20en%20torno%20a%20una%20nueva%20legislaci%C3%B3n%20patrimonial%20para%20ciudadanos%20de%20las%20regiones%20de%20Ays%C3%A9n%20y%20Los%20Lagos&#038;url=https:\/\/radiorevelacionfm.cl\/?p=35210' aria-hidden='false' data-av_icon='\ue8fc' data-av_iconfont='entypo-fontello' title='' data-avia-related-tooltip='Compartir en LinkedIn' rel=\"noopener\"><span class='avia_hidden_link_text'>Compartir en LinkedIn<\/span><\/a><\/li><li class='av-share-link av-social-link-mail' ><a  aria-label=\"Compartir por correo\" href='mailto:?subject=Di%C3%A1logos%20Sociales%20en%20torno%20a%20una%20nueva%20legislaci%C3%B3n%20patrimonial%20para%20ciudadanos%20de%20las%20regiones%20de%20Ays%C3%A9n%20y%20Los%20Lagos&#038;body=https:\/\/radiorevelacionfm.cl\/?p=35210' aria-hidden='false' data-av_icon='\ue805' data-av_iconfont='entypo-fontello' title='' data-avia-related-tooltip='Compartir por correo'><span class='avia_hidden_link_text'>Compartir por correo<\/span><\/a><\/li><\/ul><\/div><\/div>\n<div  style='height:50px' class='hr hr-invisible   avia-builder-el-8  el_after_av_social_share  el_before_av_comments_list '><span class='hr-inner ' ><span class='hr-inner-style'><\/span><\/span><\/div>\n<div  class='av-buildercomment  av-blog-meta-html-info-disabled av-blog-meta-tag-disabled  '><\/div>\n","protected":false},"excerpt":{"rendered":"","protected":false},"author":1,"featured_media":35211,"comment_status":"open","ping_status":"open","sticky":false,"template":"","format":"standard","meta":{"footnotes":""},"categories":[52],"tags":[],"class_list":["post-35210","post","type-post","status-publish","format-standard","has-post-thumbnail","hentry","category-cultura"],"jetpack_featured_media_url":"https:\/\/radiorevelacionfm.cl\/wp-content\/uploads\/2023\/09\/dialogos-1-1-1.jpg","_links":{"self":[{"href":"https:\/\/radiorevelacionfm.cl\/index.php?rest_route=\/wp\/v2\/posts\/35210","targetHints":{"allow":["GET"]}}],"collection":[{"href":"https:\/\/radiorevelacionfm.cl\/index.php?rest_route=\/wp\/v2\/posts"}],"about":[{"href":"https:\/\/radiorevelacionfm.cl\/index.php?rest_route=\/wp\/v2\/types\/post"}],"author":[{"embeddable":true,"href":"https:\/\/radiorevelacionfm.cl\/index.php?rest_route=\/wp\/v2\/users\/1"}],"replies":[{"embeddable":true,"href":"https:\/\/radiorevelacionfm.cl\/index.php?rest_route=%2Fwp%2Fv2%2Fcomments&post=35210"}],"version-history":[{"count":1,"href":"https:\/\/radiorevelacionfm.cl\/index.php?rest_route=\/wp\/v2\/posts\/35210\/revisions"}],"predecessor-version":[{"id":35212,"href":"https:\/\/radiorevelacionfm.cl\/index.php?rest_route=\/wp\/v2\/posts\/35210\/revisions\/35212"}],"wp:featuredmedia":[{"embeddable":true,"href":"https:\/\/radiorevelacionfm.cl\/index.php?rest_route=\/wp\/v2\/media\/35211"}],"wp:attachment":[{"href":"https:\/\/radiorevelacionfm.cl\/index.php?rest_route=%2Fwp%2Fv2%2Fmedia&parent=35210"}],"wp:term":[{"taxonomy":"category","embeddable":true,"href":"https:\/\/radiorevelacionfm.cl\/index.php?rest_route=%2Fwp%2Fv2%2Fcategories&post=35210"},{"taxonomy":"post_tag","embeddable":true,"href":"https:\/\/radiorevelacionfm.cl\/index.php?rest_route=%2Fwp%2Fv2%2Ftags&post=35210"}],"curies":[{"name":"wp","href":"https:\/\/api.w.org\/{rel}","templated":true}]}}