{"id":35207,"date":"2023-09-22T11:52:52","date_gmt":"2023-09-22T14:52:52","guid":{"rendered":"https:\/\/radiorevelacionfm.cl\/?p=35207"},"modified":"2023-09-22T11:52:52","modified_gmt":"2023-09-22T14:52:52","slug":"senadora-ordenes-mostro-preocupacion-ante-la-caida-de-portales-publicos-por-amenazas-de-hackeo","status":"publish","type":"post","link":"https:\/\/radiorevelacionfm.cl\/?p=35207","title":{"rendered":"Senadora \u00d3rdenes mostr\u00f3 preocupaci\u00f3n ante la ca\u00edda de portales p\u00fablicos por amenazas de hackeo"},"content":{"rendered":"<div class=\"flex_column av_one_full  flex_column_div av-zero-column-padding first  avia-builder-el-0  el_before_av_one_full  avia-builder-el-first  \" style='border-radius:0px; '><div  class='avia-image-container  av-styling-    avia-builder-el-1  avia-builder-el-no-sibling  avia-align-center '  itemprop=\"image\" itemscope=\"itemscope\" itemtype=\"https:\/\/schema.org\/ImageObject\"  ><div class='avia-image-container-inner'><div class='avia-image-overlay-wrap'><img decoding=\"async\" class='wp-image-35208 avia-img-lazy-loading-not-35208 avia_image' src=\"https:\/\/radiorevelacionfm.cl\/wp-content\/uploads\/2023\/09\/Foto-2-1-1.jpg\" alt='' title='Foto #2 (1) (1)' height=\"600\" width=\"800\"  itemprop=\"thumbnailUrl\" srcset=\"https:\/\/radiorevelacionfm.cl\/wp-content\/uploads\/2023\/09\/Foto-2-1-1.jpg 800w, https:\/\/radiorevelacionfm.cl\/wp-content\/uploads\/2023\/09\/Foto-2-1-1-300x225.jpg 300w, https:\/\/radiorevelacionfm.cl\/wp-content\/uploads\/2023\/09\/Foto-2-1-1-768x576.jpg 768w, https:\/\/radiorevelacionfm.cl\/wp-content\/uploads\/2023\/09\/Foto-2-1-1-705x529.jpg 705w, https:\/\/radiorevelacionfm.cl\/wp-content\/uploads\/2023\/09\/Foto-2-1-1-450x338.jpg 450w, https:\/\/radiorevelacionfm.cl\/wp-content\/uploads\/2023\/09\/Foto-2-1-1-600x450.jpg 600w\" sizes=\"(max-width: 800px) 100vw, 800px\" \/><\/div><\/div><\/div><\/div><div class=\"flex_column av_one_full  flex_column_div av-zero-column-padding first  avia-builder-el-2  el_after_av_one_full  el_before_av_one_full  column-top-margin\" style='border-radius:0px; '><section class=\"av_textblock_section \"  itemscope=\"itemscope\" itemtype=\"https:\/\/schema.org\/BlogPosting\" itemprop=\"blogPost\" ><div class='avia_textblock  '   itemprop=\"text\" ><p style=\"text-align: center;\"><strong><span style=\"font-size: 18pt;\">Senadora \u00d3rdenes mostr\u00f3 preocupaci\u00f3n ante la ca\u00edda de portales p\u00fablicos por amenazas de hackeo<\/span><\/strong><\/p>\n<div id=\"gtx-trans\" style=\"position: absolute; left: -50px; top: 4.31534px;\">\n<div class=\"gtx-trans-icon\"><\/div>\n<\/div>\n<\/div><\/section><\/div><div class=\"flex_column av_one_full  flex_column_div av-zero-column-padding first  avia-builder-el-4  el_after_av_one_full  el_before_av_hr  column-top-margin\" style='border-radius:0px; '><section class=\"av_textblock_section \"  itemscope=\"itemscope\" itemtype=\"https:\/\/schema.org\/BlogPosting\" itemprop=\"blogPost\" ><div class='avia_textblock  '   itemprop=\"text\" ><p style=\"text-align: justify;\"><em>Con la paralizaci\u00f3n de las operaciones de Mercado P\u00fablico tras la ca\u00edda de su plataforma ChileCompra, producto de un problema de ciberseguridad que afect\u00f3 a su proveedor de servicios -la empresa estadounidense IFX Networks-, varios actores pol\u00edticos y proveedores al sistema p\u00fablico han manifestado su preocupaci\u00f3n.<\/em><\/p>\n<p style=\"text-align: justify;\">La senadora por la regi\u00f3n de Ays\u00e9n, Ximena \u00d3rdenes, quien ha conformado varias mesas de trabajo en el marco de la denominada Estrategia Digital Chile 2035, desde la Comisi\u00f3n de Transporte y Telecomunicaciones del Senado, se\u00f1al\u00f3 que la \u201cciberseguridad es un pilar fundamental en toda pol\u00edtica o estrategia de transformaci\u00f3n digital\u201d.<\/p>\n<p style=\"text-align: justify;\">\u201cEstamos hablando de una tarea que es permanente y desafiante, pero debemos hacernos cargo de las vulnerabilidades que se generan cuando no se adoptan las medidas correctas. Desde el congreso hemos estado trabajando en el desarrollo de una estrategia de transformaci\u00f3n digital para el pa\u00eds y en legislaciones que aborden este tema, pero se requieren medidas de todos los actores\u201d, valor\u00f3 la parlamentaria.<\/p>\n<p style=\"text-align: justify;\">La Estrategia Digital Chile 2035, es una iniciativa que re\u00fane un trabajo colaborativo entre la Comisi\u00f3n de Transporte y Telecomunicaciones del Senado de Chile -presidida en aquel momento por la senadora Ximena \u00d3rdenes- y otros organismos nacionales e internacionales, como la Asociaci\u00f3n de Empresas de Telecomunicaciones (Chile Telcos), la C\u00e1mara Chilena de Infraestructura Digital, la Comisi\u00f3n Econ\u00f3mica para Am\u00e9rica Latina y el Caribe (CEPAL), entre otros.<\/p>\n<p style=\"text-align: justify;\">La iniciativa busca elaborar un diagn\u00f3stico consensuado, que sirva de base para la definici\u00f3n de lineamientos estrat\u00e9gicos que ayuden a asimilar los desaf\u00edos y oportunidades resultantes ante el r\u00e1pido cambio tecnol\u00f3gico.<\/p>\n<p style=\"text-align: justify;\">Ximena \u00d3rdenes, tambi\u00e9n se refiri\u00f3 con preocupaci\u00f3n a la noticia relacionada a la ca\u00edda de la plataforma ChileCompra. \u201cLo que ha ocurrido con la plataforma de compras p\u00fablicas genera no solo la expresi\u00f3n de vulnerabilidad del sistema p\u00fablico en esta materia, sino que condiciona, adem\u00e1s, el acceso de los ciudadanos a derechos tan fundamentales como la salud\u201d, enfatiz\u00f3, aludiendo a los dichos del director ejecutivo de la Asociaci\u00f3n de Proveedores de la Industria de la Salud (APIS), Eduardo del Solar, sobre la posibilidad de un desabastecimiento de dispositivos m\u00e9dicos si no se habilita el sistema.<\/p>\n<p style=\"text-align: justify;\">\u201cEs un llamado a seguir trabajando esto como un tema prioritario. Cuando hablamos de seguridad, tambi\u00e9n tenemos que considerar variables nuevas como los temas de ciberseguridad, en los cuales, hay trabajo anterior, pero por el dinamismo que tiene, hay que estar muy atentos y que no se repliquen problemas como este, sobre todo en plataformas de car\u00e1cter p\u00fablico\u201d, sostuvo \u00d3rdenes, haciendo un llamado a preocuparse por los problemas de ciberseguridad que han afectado a las plataformas p\u00fablicas en m\u00e1s de una ocasi\u00f3n.<\/p>\n<p style=\"text-align: justify;\">Si bien, la Direcci\u00f3n de Compras P\u00fablicas ya present\u00f3 una denuncia por eventuales delitos inform\u00e1ticos y el Ministerio del Interior tambi\u00e9n eval\u00faa la presentaci\u00f3n de una querella para buscar responsables, tanto a nivel nacional, como tambi\u00e9n en el extranjero, esta nueva amenaza vuelve a dejar en evidencia las vulnerabilidades de los sistemas digitales p\u00fablicos.<\/p>\n<\/div><\/section><\/div><div  style='height:50px' class='hr hr-invisible   avia-builder-el-6  el_after_av_one_full  el_before_av_social_share '><span class='hr-inner ' ><span class='hr-inner-style'><\/span><\/span><\/div><\/p>\n<div  class='av-social-sharing-box  avia-builder-el-7  el_after_av_hr  el_before_av_hr  '><div class='av-share-box'><h5 class='av-share-link-description av-no-toc '>Compartir esta noticia<\/h5><ul class='av-share-box-list noLightbox'><li class='av-share-link av-social-link-facebook' ><a target=\"_blank\" aria-label=\"Compartir en Facebook\" href='https:\/\/www.facebook.com\/sharer.php?u=https:\/\/radiorevelacionfm.cl\/?p=35207&#038;t=Senadora%20%C3%93rdenes%20mostr%C3%B3%20preocupaci%C3%B3n%20ante%20la%20ca%C3%ADda%20de%20portales%20p%C3%BAblicos%20por%20amenazas%20de%20hackeo' aria-hidden='false' data-av_icon='\ue8f3' data-av_iconfont='entypo-fontello' title='' data-avia-related-tooltip='Compartir en Facebook' rel=\"noopener\"><span class='avia_hidden_link_text'>Compartir en Facebook<\/span><\/a><\/li><li class='av-share-link av-social-link-twitter' ><a target=\"_blank\" aria-label=\"Compartir en Twitter\" href='https:\/\/twitter.com\/share?text=Senadora%20%C3%93rdenes%20mostr%C3%B3%20preocupaci%C3%B3n%20ante%20la%20ca%C3%ADda%20de%20portales%20p%C3%BAblicos%20por%20amenazas%20de%20hackeo&#038;url=https:\/\/radiorevelacionfm.cl\/?p=35207' aria-hidden='false' data-av_icon='\ue8f1' data-av_iconfont='entypo-fontello' title='' data-avia-related-tooltip='Compartir en Twitter' rel=\"noopener\"><span class='avia_hidden_link_text'>Compartir en Twitter<\/span><\/a><\/li><li class='av-share-link av-social-link-whatsapp' ><a target=\"_blank\" aria-label=\"Compartir en Whatsapp\" href='https:\/\/api.whatsapp.com\/send?text=https:\/\/radiorevelacionfm.cl\/?p=35207' aria-hidden='false' data-av_icon='\uf232' data-av_iconfont='entypo-fontello' title='' data-avia-related-tooltip='Compartir en Whatsapp' rel=\"noopener\"><span class='avia_hidden_link_text'>Compartir en Whatsapp<\/span><\/a><\/li><li class='av-share-link av-social-link-linkedin' ><a target=\"_blank\" aria-label=\"Compartir en LinkedIn\" href='https:\/\/linkedin.com\/shareArticle?mini=true&#038;title=Senadora%20%C3%93rdenes%20mostr%C3%B3%20preocupaci%C3%B3n%20ante%20la%20ca%C3%ADda%20de%20portales%20p%C3%BAblicos%20por%20amenazas%20de%20hackeo&#038;url=https:\/\/radiorevelacionfm.cl\/?p=35207' aria-hidden='false' data-av_icon='\ue8fc' data-av_iconfont='entypo-fontello' title='' data-avia-related-tooltip='Compartir en LinkedIn' rel=\"noopener\"><span class='avia_hidden_link_text'>Compartir en LinkedIn<\/span><\/a><\/li><li class='av-share-link av-social-link-mail' ><a  aria-label=\"Compartir por correo\" href='mailto:?subject=Senadora%20%C3%93rdenes%20mostr%C3%B3%20preocupaci%C3%B3n%20ante%20la%20ca%C3%ADda%20de%20portales%20p%C3%BAblicos%20por%20amenazas%20de%20hackeo&#038;body=https:\/\/radiorevelacionfm.cl\/?p=35207' aria-hidden='false' data-av_icon='\ue805' data-av_iconfont='entypo-fontello' title='' data-avia-related-tooltip='Compartir por correo'><span class='avia_hidden_link_text'>Compartir por correo<\/span><\/a><\/li><\/ul><\/div><\/div>\n<div  style='height:50px' class='hr hr-invisible   avia-builder-el-8  el_after_av_social_share  el_before_av_comments_list '><span class='hr-inner ' ><span class='hr-inner-style'><\/span><\/span><\/div>\n<div  class='av-buildercomment  av-blog-meta-html-info-disabled av-blog-meta-tag-disabled  '><\/div>\n","protected":false},"excerpt":{"rendered":"","protected":false},"author":1,"featured_media":35208,"comment_status":"open","ping_status":"open","sticky":false,"template":"","format":"standard","meta":{"footnotes":""},"categories":[35],"tags":[],"class_list":["post-35207","post","type-post","status-publish","format-standard","has-post-thumbnail","hentry","category-politica"],"jetpack_featured_media_url":"https:\/\/radiorevelacionfm.cl\/wp-content\/uploads\/2023\/09\/Foto-2-1-1.jpg","_links":{"self":[{"href":"https:\/\/radiorevelacionfm.cl\/index.php?rest_route=\/wp\/v2\/posts\/35207","targetHints":{"allow":["GET"]}}],"collection":[{"href":"https:\/\/radiorevelacionfm.cl\/index.php?rest_route=\/wp\/v2\/posts"}],"about":[{"href":"https:\/\/radiorevelacionfm.cl\/index.php?rest_route=\/wp\/v2\/types\/post"}],"author":[{"embeddable":true,"href":"https:\/\/radiorevelacionfm.cl\/index.php?rest_route=\/wp\/v2\/users\/1"}],"replies":[{"embeddable":true,"href":"https:\/\/radiorevelacionfm.cl\/index.php?rest_route=%2Fwp%2Fv2%2Fcomments&post=35207"}],"version-history":[{"count":1,"href":"https:\/\/radiorevelacionfm.cl\/index.php?rest_route=\/wp\/v2\/posts\/35207\/revisions"}],"predecessor-version":[{"id":35209,"href":"https:\/\/radiorevelacionfm.cl\/index.php?rest_route=\/wp\/v2\/posts\/35207\/revisions\/35209"}],"wp:featuredmedia":[{"embeddable":true,"href":"https:\/\/radiorevelacionfm.cl\/index.php?rest_route=\/wp\/v2\/media\/35208"}],"wp:attachment":[{"href":"https:\/\/radiorevelacionfm.cl\/index.php?rest_route=%2Fwp%2Fv2%2Fmedia&parent=35207"}],"wp:term":[{"taxonomy":"category","embeddable":true,"href":"https:\/\/radiorevelacionfm.cl\/index.php?rest_route=%2Fwp%2Fv2%2Fcategories&post=35207"},{"taxonomy":"post_tag","embeddable":true,"href":"https:\/\/radiorevelacionfm.cl\/index.php?rest_route=%2Fwp%2Fv2%2Ftags&post=35207"}],"curies":[{"name":"wp","href":"https:\/\/api.w.org\/{rel}","templated":true}]}}