{"id":3518,"date":"2021-04-26T14:09:07","date_gmt":"2021-04-26T17:09:07","guid":{"rendered":"https:\/\/radiorevelacionfm.cl\/?p=3518"},"modified":"2021-04-26T14:09:07","modified_gmt":"2021-04-26T17:09:07","slug":"diputado-alinco-el-presidente-tiene-que-dar-un-gesto-y-ese-gesto-es-retirar-su-presentacion-ante-el-tribunal-constitucional","status":"publish","type":"post","link":"https:\/\/radiorevelacionfm.cl\/?p=3518","title":{"rendered":"Diputado Alinco \u201cEl Presidente tiene que dar un gesto y ese gesto es retirar su presentaci\u00f3n ante el Tribunal Constitucional\u201d"},"content":{"rendered":"<div class=\"flex_column av_one_full  flex_column_div av-zero-column-padding first  avia-builder-el-0  el_before_av_one_full  avia-builder-el-first  \" style='border-radius:0px; '><div  class='avia-image-container  av-styling-    avia-builder-el-1  avia-builder-el-no-sibling  avia-align-center '  itemprop=\"image\" itemscope=\"itemscope\" itemtype=\"https:\/\/schema.org\/ImageObject\"  ><div class='avia-image-container-inner'><div class='avia-image-overlay-wrap'><img decoding=\"async\" class='wp-image-0 avia-img-lazy-loading-not-0 avia_image' src=\"https:\/\/radiorevelacionfm.cl\/wp-content\/uploads\/2021\/04\/Image-2021-1.jpeg\" alt='' title=''   itemprop=\"thumbnailUrl\"  \/><\/div><\/div><\/div><\/div><div class=\"flex_column av_one_full  flex_column_div av-zero-column-padding first  avia-builder-el-2  el_after_av_one_full  el_before_av_one_full  column-top-margin\" style='border-radius:0px; '><section class=\"av_textblock_section \"  itemscope=\"itemscope\" itemtype=\"https:\/\/schema.org\/BlogPosting\" itemprop=\"blogPost\" ><div class='avia_textblock  '   itemprop=\"text\" ><p style=\"text-align: center;\"><strong><span style=\"font-size: 18pt;\">Diputado Alinco \u201cEl Presidente tiene que dar un gesto y ese gesto es retirar su presentaci\u00f3n ante el Tribunal Constitucional\u201d<\/span><\/strong><\/p>\n<div id=\"gtx-trans\" style=\"position: absolute; left: -50px; top: 4.31534px;\">\n<div class=\"gtx-trans-icon\"><\/div>\n<\/div>\n<\/div><\/section><\/div><div class=\"flex_column av_one_full  flex_column_div av-zero-column-padding first  avia-builder-el-4  el_after_av_one_full  el_before_av_hr  column-top-margin\" style='border-radius:0px; '><section class=\"av_textblock_section \"  itemscope=\"itemscope\" itemtype=\"https:\/\/schema.org\/BlogPosting\" itemprop=\"blogPost\" ><div class='avia_textblock  '   itemprop=\"text\" ><p style=\"text-align: justify;\">El Diputado Ren\u00e9 Alinco tras anuncio de Pi\u00f1era por Tercer Retiro, \u201cHasta este momento todas las medidas y anuncios ha significado proteger a sus amigos de las aseguradoras y due\u00f1os de las AFP de Chile\u201d, afirm\u00f3 el parlamentario.<\/p>\n<p style=\"text-align: justify;\">El parlamentario por la regi\u00f3n de Ays\u00e9n, Ren\u00e9 Alinco Bustos, critic\u00f3 el anuncio del presidente Sebasti\u00e1n Pi\u00f1era entregado en cadena nacional este domingo por la noche, referente a la presentaci\u00f3n de un proyecto alternativo sobre el retiro del tercer 10 % de los fondos de las AFP y Rentas Vitalicias, idea levantada por parlamentarios de oposici\u00f3n -incluido Alinco- de acuerdo con lo demandado por los propios chilenos y chilenas.<\/p>\n<p style=\"text-align: justify;\">En el anuncio, el mandatario dijo que el Gobierno era consciente de las necesidades de los trabajadores chilenos quienes han sido golpeados fuertemente por los efectos de la pandemia por Covid 19, sin embargo, no da gestos positivos, al contrario, se muestra desconectado de la realidad actuando nuevamente de forma tard\u00eda, sostuvo el parlamentario aysenino, agregando que ese gesto debe ser \u201cretirar la presentaci\u00f3n ante el Tribunal Constitucional\u201d.<\/p>\n<p style=\"text-align: justify;\">En esa l\u00ednea, el diputado se mostr\u00f3 en contra de cualquier tipo de acuerdo o reuni\u00f3n pol\u00edtica en desmedro de los trabajadores. \u201cYo lo advert\u00ed en la Comisi\u00f3n Constituci\u00f3n, en la Sala y en algunos medios de comunicaci\u00f3n, que se estaba preparando un acuerdo del Ejecutivo y parte del Parlamento a espaldas de los trabajadores chilenos y a eso obedece el anuncio de este domingo\u201d, coment\u00f3 Alinco Bustos, a lo que agreg\u00f3 \u201cyo creo que este anuncio del presidente Pi\u00f1era, en un 99,9 % va en contra de los trabajadores, lo \u00fanico que se salva es el bono de 200 mil pesos para quienes ya no tienen dinero en sus cuentas previsionales\u201d, afirm\u00f3.<\/p>\n<p style=\"text-align: justify;\">Asimismo, el diputado insisti\u00f3 en que \u201cal menos, el presidente debe dar gestos de pretender dialogar y gestos de sensibilidad\u2026hasta este momento todas las medidas y anuncios ha significado proteger a sus amigos de las aseguradoras y due\u00f1os de las AFP de Chile\u201d, enfatiz\u00f3 el congresista.<\/p>\n<p style=\"text-align: justify;\">Finalmente, Ren\u00e9 Alinco se\u00f1al\u00f3 que \u201csi la oposici\u00f3n, al menos pretende ser consecuente con lo que ha dicho y estar con la gente y trabajadores, este anuncio no debiera ser aprobado en su totalidad, y al menos insistir al presidente a que de un gesto, el que significa que hoy -lunes- antes de media noche retire su presentaci\u00f3n ante el TC\u201d.<\/p>\n<\/div><\/section><\/div><div  style='height:50px' class='hr hr-invisible   avia-builder-el-6  el_after_av_one_full  el_before_av_social_share '><span class='hr-inner ' ><span class='hr-inner-style'><\/span><\/span><\/div><\/p>\n<div  class='av-social-sharing-box  avia-builder-el-7  el_after_av_hr  el_before_av_hr  '><div class='av-share-box'><h5 class='av-share-link-description av-no-toc '>Compartir esta noticia<\/h5><ul class='av-share-box-list noLightbox'><li class='av-share-link av-social-link-facebook' ><a target=\"_blank\" aria-label=\"Compartir en Facebook\" href='https:\/\/www.facebook.com\/sharer.php?u=https:\/\/radiorevelacionfm.cl\/?p=3518&#038;t=Diputado%20Alinco%20%E2%80%9CEl%20Presidente%20tiene%20que%20dar%20un%20gesto%20y%20ese%20gesto%20es%20retirar%20su%20presentaci%C3%B3n%20ante%20el%20Tribunal%20Constitucional%E2%80%9D' aria-hidden='false' data-av_icon='\ue8f3' data-av_iconfont='entypo-fontello' title='' data-avia-related-tooltip='Compartir en Facebook' rel=\"noopener\"><span class='avia_hidden_link_text'>Compartir en Facebook<\/span><\/a><\/li><li class='av-share-link av-social-link-twitter' ><a target=\"_blank\" aria-label=\"Compartir en Twitter\" href='https:\/\/twitter.com\/share?text=Diputado%20Alinco%20%E2%80%9CEl%20Presidente%20tiene%20que%20dar%20un%20gesto%20y%20ese%20gesto%20es%20retirar%20su%20presentaci%C3%B3n%20ante%20el%20Tribunal%20Constitucional%E2%80%9D&#038;url=https:\/\/radiorevelacionfm.cl\/?p=3518' aria-hidden='false' data-av_icon='\ue8f1' data-av_iconfont='entypo-fontello' title='' data-avia-related-tooltip='Compartir en Twitter' rel=\"noopener\"><span class='avia_hidden_link_text'>Compartir en Twitter<\/span><\/a><\/li><li class='av-share-link av-social-link-whatsapp' ><a target=\"_blank\" aria-label=\"Compartir en Whatsapp\" href='https:\/\/api.whatsapp.com\/send?text=https:\/\/radiorevelacionfm.cl\/?p=3518' aria-hidden='false' data-av_icon='\uf232' data-av_iconfont='entypo-fontello' title='' data-avia-related-tooltip='Compartir en Whatsapp' rel=\"noopener\"><span class='avia_hidden_link_text'>Compartir en Whatsapp<\/span><\/a><\/li><li class='av-share-link av-social-link-linkedin' ><a target=\"_blank\" aria-label=\"Compartir en LinkedIn\" href='https:\/\/linkedin.com\/shareArticle?mini=true&#038;title=Diputado%20Alinco%20%E2%80%9CEl%20Presidente%20tiene%20que%20dar%20un%20gesto%20y%20ese%20gesto%20es%20retirar%20su%20presentaci%C3%B3n%20ante%20el%20Tribunal%20Constitucional%E2%80%9D&#038;url=https:\/\/radiorevelacionfm.cl\/?p=3518' aria-hidden='false' data-av_icon='\ue8fc' data-av_iconfont='entypo-fontello' title='' data-avia-related-tooltip='Compartir en LinkedIn' rel=\"noopener\"><span class='avia_hidden_link_text'>Compartir en LinkedIn<\/span><\/a><\/li><li class='av-share-link av-social-link-mail' ><a  aria-label=\"Compartir por correo\" href='mailto:?subject=Diputado%20Alinco%20%E2%80%9CEl%20Presidente%20tiene%20que%20dar%20un%20gesto%20y%20ese%20gesto%20es%20retirar%20su%20presentaci%C3%B3n%20ante%20el%20Tribunal%20Constitucional%E2%80%9D&#038;body=https:\/\/radiorevelacionfm.cl\/?p=3518' aria-hidden='false' data-av_icon='\ue805' data-av_iconfont='entypo-fontello' title='' data-avia-related-tooltip='Compartir por correo'><span class='avia_hidden_link_text'>Compartir por correo<\/span><\/a><\/li><\/ul><\/div><\/div>\n<div  style='height:50px' class='hr hr-invisible   avia-builder-el-8  el_after_av_social_share  el_before_av_comments_list '><span class='hr-inner ' ><span class='hr-inner-style'><\/span><\/span><\/div>\n<div  class='av-buildercomment  av-blog-meta-html-info-disabled av-blog-meta-tag-disabled  '><\/div>\n","protected":false},"excerpt":{"rendered":"","protected":false},"author":1,"featured_media":0,"comment_status":"open","ping_status":"open","sticky":false,"template":"","format":"standard","meta":{"footnotes":""},"categories":[35],"tags":[],"class_list":["post-3518","post","type-post","status-publish","format-standard","hentry","category-politica"],"jetpack_featured_media_url":"","_links":{"self":[{"href":"https:\/\/radiorevelacionfm.cl\/index.php?rest_route=\/wp\/v2\/posts\/3518","targetHints":{"allow":["GET"]}}],"collection":[{"href":"https:\/\/radiorevelacionfm.cl\/index.php?rest_route=\/wp\/v2\/posts"}],"about":[{"href":"https:\/\/radiorevelacionfm.cl\/index.php?rest_route=\/wp\/v2\/types\/post"}],"author":[{"embeddable":true,"href":"https:\/\/radiorevelacionfm.cl\/index.php?rest_route=\/wp\/v2\/users\/1"}],"replies":[{"embeddable":true,"href":"https:\/\/radiorevelacionfm.cl\/index.php?rest_route=%2Fwp%2Fv2%2Fcomments&post=3518"}],"version-history":[{"count":1,"href":"https:\/\/radiorevelacionfm.cl\/index.php?rest_route=\/wp\/v2\/posts\/3518\/revisions"}],"predecessor-version":[{"id":3520,"href":"https:\/\/radiorevelacionfm.cl\/index.php?rest_route=\/wp\/v2\/posts\/3518\/revisions\/3520"}],"wp:attachment":[{"href":"https:\/\/radiorevelacionfm.cl\/index.php?rest_route=%2Fwp%2Fv2%2Fmedia&parent=3518"}],"wp:term":[{"taxonomy":"category","embeddable":true,"href":"https:\/\/radiorevelacionfm.cl\/index.php?rest_route=%2Fwp%2Fv2%2Fcategories&post=3518"},{"taxonomy":"post_tag","embeddable":true,"href":"https:\/\/radiorevelacionfm.cl\/index.php?rest_route=%2Fwp%2Fv2%2Ftags&post=3518"}],"curies":[{"name":"wp","href":"https:\/\/api.w.org\/{rel}","templated":true}]}}