{"id":35175,"date":"2023-09-21T15:05:24","date_gmt":"2023-09-21T18:05:24","guid":{"rendered":"https:\/\/radiorevelacionfm.cl\/?p=35175"},"modified":"2023-09-21T15:05:24","modified_gmt":"2023-09-21T18:05:24","slug":"estudiantes-del-liceo-francisco-xavier-butina-visitan-la-corte-de-apelaciones-de-coyhaique","status":"publish","type":"post","link":"https:\/\/radiorevelacionfm.cl\/?p=35175","title":{"rendered":"Estudiantes del Liceo Francisco Xavier Buti\u00f1\u00e1 visitan la Corte de Apelaciones de Coyhaique"},"content":{"rendered":"<div class=\"flex_column av_one_full  flex_column_div av-zero-column-padding first  avia-builder-el-0  el_before_av_one_full  avia-builder-el-first  \" style='border-radius:0px; '><div  class='avia-image-container  av-styling-    avia-builder-el-1  avia-builder-el-no-sibling  avia-align-center '  itemprop=\"image\" itemscope=\"itemscope\" itemtype=\"https:\/\/schema.org\/ImageObject\"  ><div class='avia-image-container-inner'><div class='avia-image-overlay-wrap'><img decoding=\"async\" class='wp-image-35176 avia-img-lazy-loading-not-35176 avia_image' src=\"https:\/\/radiorevelacionfm.cl\/wp-content\/uploads\/2023\/09\/foto-5-visita-guiada-1_optimized.jpg\" alt='' title='foto-5 - visita-guiada-(1)_optimized' height=\"600\" width=\"1182\"  itemprop=\"thumbnailUrl\" srcset=\"https:\/\/radiorevelacionfm.cl\/wp-content\/uploads\/2023\/09\/foto-5-visita-guiada-1_optimized.jpg 1182w, https:\/\/radiorevelacionfm.cl\/wp-content\/uploads\/2023\/09\/foto-5-visita-guiada-1_optimized-300x152.jpg 300w, https:\/\/radiorevelacionfm.cl\/wp-content\/uploads\/2023\/09\/foto-5-visita-guiada-1_optimized-1030x523.jpg 1030w, https:\/\/radiorevelacionfm.cl\/wp-content\/uploads\/2023\/09\/foto-5-visita-guiada-1_optimized-768x390.jpg 768w, https:\/\/radiorevelacionfm.cl\/wp-content\/uploads\/2023\/09\/foto-5-visita-guiada-1_optimized-705x358.jpg 705w, https:\/\/radiorevelacionfm.cl\/wp-content\/uploads\/2023\/09\/foto-5-visita-guiada-1_optimized-450x228.jpg 450w, https:\/\/radiorevelacionfm.cl\/wp-content\/uploads\/2023\/09\/foto-5-visita-guiada-1_optimized-600x305.jpg 600w\" sizes=\"(max-width: 1182px) 100vw, 1182px\" \/><\/div><\/div><\/div><\/div><div class=\"flex_column av_one_full  flex_column_div av-zero-column-padding first  avia-builder-el-2  el_after_av_one_full  el_before_av_one_full  column-top-margin\" style='border-radius:0px; '><section class=\"av_textblock_section \"  itemscope=\"itemscope\" itemtype=\"https:\/\/schema.org\/BlogPosting\" itemprop=\"blogPost\" ><div class='avia_textblock  '   itemprop=\"text\" ><p style=\"text-align: center;\"><strong><span style=\"font-size: 18pt;\">Estudiantes del Liceo Francisco Xavier Buti\u00f1\u00e1 visitan la Corte de Apelaciones de Coyhaique<\/span><\/strong><\/p>\n<div id=\"gtx-trans\" style=\"position: absolute; left: -50px; top: 4.31534px;\">\n<div class=\"gtx-trans-icon\"><\/div>\n<\/div>\n<\/div><\/section><\/div><div class=\"flex_column av_one_full  flex_column_div av-zero-column-padding first  avia-builder-el-4  el_after_av_one_full  el_before_av_hr  column-top-margin\" style='border-radius:0px; '><section class=\"av_textblock_section \"  itemscope=\"itemscope\" itemtype=\"https:\/\/schema.org\/BlogPosting\" itemprop=\"blogPost\" ><div class='avia_textblock  '   itemprop=\"text\" ><p class=\"v1MsoNormal\" style=\"text-align: justify;\">La Corte de Apelaciones de Coyhaique llev\u00f3 a cabo una visita guiada para 20 estudiantes de tercer a\u00f1o medio del Liceo Francisco Xavier Buti\u00f1\u00e1 de la ciudad. Durante la visita, los estudiantes tuvieron la oportunidad de recorrer las instalaciones, conocer la estructura del Poder Judicial y conversar tanto con los ministros del tribunal de alzada como con los funcionarios.<\/p>\n<p class=\"v1MsoNormal\" style=\"text-align: justify;\">Esta actividad se da en el contexto de la asignatura de educaci\u00f3n ciudadana del establecimiento y por parte del Poder Judicial forma parte de las actividades de vinculaci\u00f3n con la comunidad.<\/p>\n<p class=\"v1MsoNormal\" style=\"text-align: justify;\">\u00abPor primera vez, hemos recibido a estos alumnos en un tribunal pleno. Fue una experiencia enriquecedora tanto para nosotros como para ellos. Nos hicieron preguntas muy interesantes, tanto en temas actuales como personales. Por lo tanto, los estudiantes quedaron bien informados sobre la labor de los ministros y tambi\u00e9n nos permiti\u00f3 acercarnos, como Poder Judicial, a la comunidad y especialmente a los j\u00f3venes, que son una parte importante de nuestro quehacer\u00bb, afirm\u00f3 el presidente de la Corte, ministro Jos\u00e9 Ignacio Mora.<\/p>\n<p class=\"v1MsoNormal\" style=\"text-align: justify;\">Por su parte, Carolina Cruz, profesora a cargo de la delegaci\u00f3n, coment\u00f3: \u00abEstamos estudiando una unidad que habla sobre justicia, democracia y derechos humanos, y dentro de ese contexto, es importante que conozcamos el funcionamiento del Poder Judicial. Qu\u00e9 mejor oportunidad que venir aqu\u00ed y escucharlo directamente de aquellos que tienen responsabilidades en este poder del Estado\u00bb.<\/p>\n<p class=\"v1MsoNormal\" style=\"text-align: justify;\">\u00abEn general, fue una experiencia muy enriquecedora para todos nosotros en t\u00e9rminos de contenido. Nos ayud\u00f3 a comprender mejor la informaci\u00f3n que estamos viendo en nuestra materia y establecer un orden en la misma\u00bb, se\u00f1al\u00f3 Gabriela Guajardo, estudiante de tercer a\u00f1o medio.<\/p>\n<p class=\"v1MsoNormal\" style=\"text-align: justify;\">Finalmente, durante la visita guiada, los j\u00f3venes fueron acompa\u00f1ados por el administrador \u00c1lvaro Guti\u00e9rrez y la jefa de Unidad de Causas, Natalia Negr\u00f3n, quienes realizaron una presentaci\u00f3n a los estudiantes y respondieron sus dudas y consultas.<\/p>\n<\/div><\/section><\/div><div  style='height:50px' class='hr hr-invisible   avia-builder-el-6  el_after_av_one_full  el_before_av_social_share '><span class='hr-inner ' ><span class='hr-inner-style'><\/span><\/span><\/div><\/p>\n<div  class='av-social-sharing-box  avia-builder-el-7  el_after_av_hr  el_before_av_hr  '><div class='av-share-box'><h5 class='av-share-link-description av-no-toc '>Compartir esta noticia<\/h5><ul class='av-share-box-list noLightbox'><li class='av-share-link av-social-link-facebook' ><a target=\"_blank\" aria-label=\"Compartir en Facebook\" href='https:\/\/www.facebook.com\/sharer.php?u=https:\/\/radiorevelacionfm.cl\/?p=35175&#038;t=Estudiantes%20del%20Liceo%20Francisco%20Xavier%20Buti%C3%B1%C3%A1%20visitan%20la%20Corte%20de%20Apelaciones%20de%20Coyhaique' aria-hidden='false' data-av_icon='\ue8f3' data-av_iconfont='entypo-fontello' title='' data-avia-related-tooltip='Compartir en Facebook' rel=\"noopener\"><span class='avia_hidden_link_text'>Compartir en Facebook<\/span><\/a><\/li><li class='av-share-link av-social-link-twitter' ><a target=\"_blank\" aria-label=\"Compartir en Twitter\" href='https:\/\/twitter.com\/share?text=Estudiantes%20del%20Liceo%20Francisco%20Xavier%20Buti%C3%B1%C3%A1%20visitan%20la%20Corte%20de%20Apelaciones%20de%20Coyhaique&#038;url=https:\/\/radiorevelacionfm.cl\/?p=35175' aria-hidden='false' data-av_icon='\ue8f1' data-av_iconfont='entypo-fontello' title='' data-avia-related-tooltip='Compartir en Twitter' rel=\"noopener\"><span class='avia_hidden_link_text'>Compartir en Twitter<\/span><\/a><\/li><li class='av-share-link av-social-link-whatsapp' ><a target=\"_blank\" aria-label=\"Compartir en Whatsapp\" href='https:\/\/api.whatsapp.com\/send?text=https:\/\/radiorevelacionfm.cl\/?p=35175' aria-hidden='false' data-av_icon='\uf232' data-av_iconfont='entypo-fontello' title='' data-avia-related-tooltip='Compartir en Whatsapp' rel=\"noopener\"><span class='avia_hidden_link_text'>Compartir en Whatsapp<\/span><\/a><\/li><li class='av-share-link av-social-link-linkedin' ><a target=\"_blank\" aria-label=\"Compartir en LinkedIn\" href='https:\/\/linkedin.com\/shareArticle?mini=true&#038;title=Estudiantes%20del%20Liceo%20Francisco%20Xavier%20Buti%C3%B1%C3%A1%20visitan%20la%20Corte%20de%20Apelaciones%20de%20Coyhaique&#038;url=https:\/\/radiorevelacionfm.cl\/?p=35175' aria-hidden='false' data-av_icon='\ue8fc' data-av_iconfont='entypo-fontello' title='' data-avia-related-tooltip='Compartir en LinkedIn' rel=\"noopener\"><span class='avia_hidden_link_text'>Compartir en LinkedIn<\/span><\/a><\/li><li class='av-share-link av-social-link-mail' ><a  aria-label=\"Compartir por correo\" href='mailto:?subject=Estudiantes%20del%20Liceo%20Francisco%20Xavier%20Buti%C3%B1%C3%A1%20visitan%20la%20Corte%20de%20Apelaciones%20de%20Coyhaique&#038;body=https:\/\/radiorevelacionfm.cl\/?p=35175' aria-hidden='false' data-av_icon='\ue805' data-av_iconfont='entypo-fontello' title='' data-avia-related-tooltip='Compartir por correo'><span class='avia_hidden_link_text'>Compartir por correo<\/span><\/a><\/li><\/ul><\/div><\/div>\n<div  style='height:50px' class='hr hr-invisible   avia-builder-el-8  el_after_av_social_share  el_before_av_comments_list '><span class='hr-inner ' ><span class='hr-inner-style'><\/span><\/span><\/div>\n<div  class='av-buildercomment  av-blog-meta-html-info-disabled av-blog-meta-tag-disabled  '><\/div>\n","protected":false},"excerpt":{"rendered":"","protected":false},"author":1,"featured_media":35176,"comment_status":"open","ping_status":"open","sticky":false,"template":"","format":"standard","meta":{"footnotes":""},"categories":[38],"tags":[],"class_list":["post-35175","post","type-post","status-publish","format-standard","has-post-thumbnail","hentry","category-regional"],"jetpack_featured_media_url":"https:\/\/radiorevelacionfm.cl\/wp-content\/uploads\/2023\/09\/foto-5-visita-guiada-1_optimized.jpg","_links":{"self":[{"href":"https:\/\/radiorevelacionfm.cl\/index.php?rest_route=\/wp\/v2\/posts\/35175","targetHints":{"allow":["GET"]}}],"collection":[{"href":"https:\/\/radiorevelacionfm.cl\/index.php?rest_route=\/wp\/v2\/posts"}],"about":[{"href":"https:\/\/radiorevelacionfm.cl\/index.php?rest_route=\/wp\/v2\/types\/post"}],"author":[{"embeddable":true,"href":"https:\/\/radiorevelacionfm.cl\/index.php?rest_route=\/wp\/v2\/users\/1"}],"replies":[{"embeddable":true,"href":"https:\/\/radiorevelacionfm.cl\/index.php?rest_route=%2Fwp%2Fv2%2Fcomments&post=35175"}],"version-history":[{"count":1,"href":"https:\/\/radiorevelacionfm.cl\/index.php?rest_route=\/wp\/v2\/posts\/35175\/revisions"}],"predecessor-version":[{"id":35177,"href":"https:\/\/radiorevelacionfm.cl\/index.php?rest_route=\/wp\/v2\/posts\/35175\/revisions\/35177"}],"wp:featuredmedia":[{"embeddable":true,"href":"https:\/\/radiorevelacionfm.cl\/index.php?rest_route=\/wp\/v2\/media\/35176"}],"wp:attachment":[{"href":"https:\/\/radiorevelacionfm.cl\/index.php?rest_route=%2Fwp%2Fv2%2Fmedia&parent=35175"}],"wp:term":[{"taxonomy":"category","embeddable":true,"href":"https:\/\/radiorevelacionfm.cl\/index.php?rest_route=%2Fwp%2Fv2%2Fcategories&post=35175"},{"taxonomy":"post_tag","embeddable":true,"href":"https:\/\/radiorevelacionfm.cl\/index.php?rest_route=%2Fwp%2Fv2%2Ftags&post=35175"}],"curies":[{"name":"wp","href":"https:\/\/api.w.org\/{rel}","templated":true}]}}