{"id":35172,"date":"2023-09-25T11:27:57","date_gmt":"2023-09-25T14:27:57","guid":{"rendered":"https:\/\/radiorevelacionfm.cl\/?p=35172"},"modified":"2023-09-25T11:27:57","modified_gmt":"2023-09-25T14:27:57","slug":"senadora-ordenes-y-la-recta-final-constituyente-se-requiere-empatia-si-no-se-tiene-hay-ejercicios-que-fracasan","status":"publish","type":"post","link":"https:\/\/radiorevelacionfm.cl\/?p=35172","title":{"rendered":"Senadora \u00d3rdenes y la recta final constituyente: \u201cse requiere empat\u00eda, si no se tiene, hay ejercicios que fracasan\u201d"},"content":{"rendered":"<div class=\"flex_column av_one_full  flex_column_div av-zero-column-padding first  avia-builder-el-0  el_before_av_one_full  avia-builder-el-first  \" style='border-radius:0px; '><div  class='avia-image-container  av-styling-    avia-builder-el-1  avia-builder-el-no-sibling  avia-align-center '  itemprop=\"image\" itemscope=\"itemscope\" itemtype=\"https:\/\/schema.org\/ImageObject\"  ><div class='avia-image-container-inner'><div class='avia-image-overlay-wrap'><img decoding=\"async\" class='wp-image-35173 avia-img-lazy-loading-not-35173 avia_image' src=\"https:\/\/radiorevelacionfm.cl\/wp-content\/uploads\/2023\/09\/senadora-ordenes-1_optimized.jpg\" alt='' title='senadora-ordenes-(1)_optimized' height=\"600\" width=\"1024\"  itemprop=\"thumbnailUrl\" srcset=\"https:\/\/radiorevelacionfm.cl\/wp-content\/uploads\/2023\/09\/senadora-ordenes-1_optimized.jpg 1024w, https:\/\/radiorevelacionfm.cl\/wp-content\/uploads\/2023\/09\/senadora-ordenes-1_optimized-300x176.jpg 300w, https:\/\/radiorevelacionfm.cl\/wp-content\/uploads\/2023\/09\/senadora-ordenes-1_optimized-768x450.jpg 768w, https:\/\/radiorevelacionfm.cl\/wp-content\/uploads\/2023\/09\/senadora-ordenes-1_optimized-705x413.jpg 705w, https:\/\/radiorevelacionfm.cl\/wp-content\/uploads\/2023\/09\/senadora-ordenes-1_optimized-450x264.jpg 450w, https:\/\/radiorevelacionfm.cl\/wp-content\/uploads\/2023\/09\/senadora-ordenes-1_optimized-600x352.jpg 600w\" sizes=\"(max-width: 1024px) 100vw, 1024px\" \/><\/div><\/div><\/div><\/div><div class=\"flex_column av_one_full  flex_column_div av-zero-column-padding first  avia-builder-el-2  el_after_av_one_full  el_before_av_one_full  column-top-margin\" style='border-radius:0px; '><section class=\"av_textblock_section \"  itemscope=\"itemscope\" itemtype=\"https:\/\/schema.org\/BlogPosting\" itemprop=\"blogPost\" ><div class='avia_textblock  '   itemprop=\"text\" ><p style=\"text-align: center;\"><strong><span style=\"font-size: 18pt;\">Senadora \u00d3rdenes y la recta final constituyente: \u201cse requiere empat\u00eda, si no se tiene, hay ejercicios que fracasan\u201d<\/span><\/strong><\/p>\n<div id=\"gtx-trans\" style=\"position: absolute; left: -50px; top: 4.31534px;\">\n<div class=\"gtx-trans-icon\"><\/div>\n<\/div>\n<\/div><\/section><\/div><div class=\"flex_column av_one_full  flex_column_div av-zero-column-padding first  avia-builder-el-4  el_after_av_one_full  el_before_av_hr  column-top-margin\" style='border-radius:0px; '><section class=\"av_textblock_section \"  itemscope=\"itemscope\" itemtype=\"https:\/\/schema.org\/BlogPosting\" itemprop=\"blogPost\" ><div class='avia_textblock  '   itemprop=\"text\" ><p style=\"text-align: justify;\">La parlamentaria independiente \u2013 PPD advirti\u00f3 que no es presentable un nuevo traspi\u00e9 constitucional. \u201cNo percibo voluntad y eso me preocupa\u201d, indic\u00f3. En la entrevista con TV Senado, tambi\u00e9n abord\u00f3 las prioridades presupuestarias, las lecciones del caso convenios y las necesidades urgentes de Ays\u00e9n.<\/p>\n<p style=\"text-align: justify;\">En la recta final de los plenos del Consejo Constitucional, la senadora\u00a0Ximena \u00d3rdenes (Ind-PPD) confes\u00f3 su preocupaci\u00f3n por el trabajo en el ex Congreso en Santiago, advirtiendo que no ser\u00eda presentable un nuevo fracaso.<\/p>\n<p style=\"text-align: justify;\">\u201cChile requiere con urgencia un nuevo pacto social y pol\u00edtico (\u2026) Mi preocupaci\u00f3n es que un nuevo ejercicio fracase. No va a haber tercera\u201d, se\u00f1al\u00f3 la parlamentaria oficialista junto con describir como\u00a0\u201cun espacio bien incierto\u201d la etapa definitoria de este segundo proceso.<\/p>\n<p style=\"text-align: justify;\">Las declaraciones las realiz\u00f3 en el programa\u00a0Profundidad de Campos de TV Senado,\u00a0donde hizo un llamado a los consejeros a reflexionar y no perder los prop\u00f3sitos de su labor, ya que seg\u00fan explic\u00f3, \u201cno me parece presentable un nuevo fracaso, pero soy realista tambi\u00e9n y veo que hay un escenario que no es sencillo (\u2026) Si se rechaza (la propuesta) ser\u00e1 porque la interpretaci\u00f3n que se haga (de la nueva Constituci\u00f3n) no representa nuestros valores\u201d.<\/p>\n<p style=\"text-align: justify;\">\u201cHubiera esperado que Chile ya tuviera una nueva Constituci\u00f3n, porque la que tenemos y est\u00e1 vigente, nace en un contexto de dictadura (\u2026) Este no es un ejercicio ligero. Uno en pol\u00edtica va a conversar a espacios para construir pactos, acuerdos, pero tiene que tener la voluntad de escuchar al otro. Esto requiere mucha empat\u00eda tambi\u00e9n y si no se tiene, hay ejercicios que fracasan\u201d, a\u00f1adi\u00f3.<\/p>\n<p style=\"text-align: justify;\">Al ser consultada si percibe dicha empat\u00eda, la congresista asegur\u00f3 que \u201cno la percibo y eso es lo que me preocupa. No es una buena noticia, no s\u00e9 a qui\u00e9n que puede alegrar que, en una segunda oportunidad, independiente de d\u00f3nde estuvieron las hegemon\u00edas o los protagonismos, la tarea es una. Hay poco tiempo, solo dir\u00eda eso\u201d.<\/p>\n<p style=\"text-align: justify;\">\u00d3rdenes incluso cit\u00f3 conversaciones con pares parlamentarios extranjeros donde reconoce que \u201ccuesta explicar \u00bfqu\u00e9 nos pas\u00f3? como pa\u00eds\u2026\u201d.<\/p>\n<div class=\"contSubtit\" style=\"text-align: justify;\">\n<div class=\"titSubtit\">\n<div><\/div>\n<div id=\"vtxt_cuerpo_T0\">PRESUPUESTOS: PRIORIDADES Y LECCIONES<\/div>\n<\/div>\n<\/div>\n<p style=\"text-align: justify;\">A s\u00f3lo d\u00edas del arribo al Congreso Nacional de la propuesta del gobierno para el presupuesto p\u00fablico 2024, la senadora Ximena \u00d3rdenes prioriz\u00f3 al menos tres \u00e1reas sensibles. \u201cPrimero, creo que el presupuesto tiene que tener un foco importante en los temas de reactivaci\u00f3n econ\u00f3mica y que eso tenga expresi\u00f3n en las regiones (\u2026) todas aquellas iniciativas que generen dinamismo econ\u00f3mico y las de infraestructura tienen que tener prioridad\u201d, coment\u00f3.<\/p>\n<p style=\"text-align: justify;\">\u201cPor otro lado, el tema de las urgencias sociales, salud, sobre todo los temas de listas de espera, en particular las GES oncol\u00f3gicas, es una tarea que tiene que tener un sello importante en el presupuesto 2024 y tambi\u00e9n los temas de educaci\u00f3n. Creo que se requiere \u2013sobre todo pospandemia- hablar de un plan de recuperaci\u00f3n de la educaci\u00f3n en Chile\u201d, describi\u00f3 dando como ejemplo los problemas de la desmunicipalizaci\u00f3n.<\/p>\n<p style=\"text-align: justify;\">La legisladora tambi\u00e9n aludi\u00f3 a \u201cmayor control en los tratos directos\u201d como un pilar. \u201cCreo que en esos temas vamos a poner mucho \u00e9nfasis para garantizar mayor transparencia en ese tipo de asignaciones\u201d, manifest\u00f3 reflexionando sobre las lecciones del caso Convenios. As\u00ed agreg\u00f3 que \u201ces parte de lo que hemos conversado con Hacienda (\u2026) pol\u00edticamente en eso quiero ser bien transparente, ac\u00e1 hay un tema \u00e9tico tambi\u00e9n, no es la glosa\u201d.<\/p>\n<p style=\"text-align: justify;\">\u201cQuiero ser bien clara, me parece inadmisible, atenta contra la fe p\u00fablica. Ese fue el gran da\u00f1o\u201d, a\u00f1adi\u00f3 la representante de la regi\u00f3n de Magallanes citando el caso Procultura en Ays\u00e9n, donde 1.673 millones de pesos fueron aprobados a dicha fundaci\u00f3n, pero quienes visaron los montos del acuerdo, no han recibido juicio alguno. \u201cAh\u00ed s\u00ed hay responsabilidad, pero no empecemos a hablar de la glosa. Estas cosas no pueden ocurrir\u201d, insisti\u00f3.<\/p>\n<p style=\"text-align: justify;\">MOVILIZACIONES EN SALUD<\/p>\n<div class=\"contSubtit\" style=\"text-align: justify;\">\n<div class=\"linkSubtit\">En cuanto a las movilizaciones en la salud, producto de las m\u00e1s de 6 mil desvinculaciones generadas tras el levantamiento de la alerta sanitaria a fines de agosto, la tambi\u00e9n integrante de la <a href=\"https:\/\/www.senado.cl\/appsenado\/index.php?mo=comisiones&amp;ac=ficha&amp;id=195&amp;tipo_comision=10\">Comisi\u00f3n de Salud<\/a>, hizo un llamado urgente a Hacienda a \u201chacer un esfuerzo por mantener a esos trabajadores\u201d.<\/div>\n<\/div>\n<p style=\"text-align: justify;\">\u201cComo Comisi\u00f3n hemos insistido que este es un error. (\u2026) Es algo que para nosotros resulta inaceptable. Creo que el esfuerzo es posible hacerlo y de verdad espero que se resuelva en el sentido de mantener a los trabajadores y trabajadoras, de lo contrario, va a ser un retroceso y no s\u00f3lo en Ays\u00e9n sino en todas las regiones del pa\u00eds\u201d, subray\u00f3.<\/p>\n<\/div><\/section><\/div><div  style='height:50px' class='hr hr-invisible   avia-builder-el-6  el_after_av_one_full  el_before_av_social_share '><span class='hr-inner ' ><span class='hr-inner-style'><\/span><\/span><\/div><\/p>\n<div  class='av-social-sharing-box  avia-builder-el-7  el_after_av_hr  el_before_av_hr  '><div class='av-share-box'><h5 class='av-share-link-description av-no-toc '>Compartir esta noticia<\/h5><ul class='av-share-box-list noLightbox'><li class='av-share-link av-social-link-facebook' ><a target=\"_blank\" aria-label=\"Compartir en Facebook\" href='https:\/\/www.facebook.com\/sharer.php?u=https:\/\/radiorevelacionfm.cl\/?p=35172&#038;t=Senadora%20%C3%93rdenes%20y%20la%20recta%20final%20constituyente%3A%20%E2%80%9Cse%20requiere%20empat%C3%ADa%2C%20si%20no%20se%20tiene%2C%20hay%20ejercicios%20que%20fracasan%E2%80%9D' aria-hidden='false' data-av_icon='\ue8f3' data-av_iconfont='entypo-fontello' title='' data-avia-related-tooltip='Compartir en Facebook' rel=\"noopener\"><span class='avia_hidden_link_text'>Compartir en Facebook<\/span><\/a><\/li><li class='av-share-link av-social-link-twitter' ><a target=\"_blank\" aria-label=\"Compartir en Twitter\" href='https:\/\/twitter.com\/share?text=Senadora%20%C3%93rdenes%20y%20la%20recta%20final%20constituyente%3A%20%E2%80%9Cse%20requiere%20empat%C3%ADa%2C%20si%20no%20se%20tiene%2C%20hay%20ejercicios%20que%20fracasan%E2%80%9D&#038;url=https:\/\/radiorevelacionfm.cl\/?p=35172' aria-hidden='false' data-av_icon='\ue8f1' data-av_iconfont='entypo-fontello' title='' data-avia-related-tooltip='Compartir en Twitter' rel=\"noopener\"><span class='avia_hidden_link_text'>Compartir en Twitter<\/span><\/a><\/li><li class='av-share-link av-social-link-whatsapp' ><a target=\"_blank\" aria-label=\"Compartir en Whatsapp\" href='https:\/\/api.whatsapp.com\/send?text=https:\/\/radiorevelacionfm.cl\/?p=35172' aria-hidden='false' data-av_icon='\uf232' data-av_iconfont='entypo-fontello' title='' data-avia-related-tooltip='Compartir en Whatsapp' rel=\"noopener\"><span class='avia_hidden_link_text'>Compartir en Whatsapp<\/span><\/a><\/li><li class='av-share-link av-social-link-linkedin' ><a target=\"_blank\" aria-label=\"Compartir en LinkedIn\" href='https:\/\/linkedin.com\/shareArticle?mini=true&#038;title=Senadora%20%C3%93rdenes%20y%20la%20recta%20final%20constituyente%3A%20%E2%80%9Cse%20requiere%20empat%C3%ADa%2C%20si%20no%20se%20tiene%2C%20hay%20ejercicios%20que%20fracasan%E2%80%9D&#038;url=https:\/\/radiorevelacionfm.cl\/?p=35172' aria-hidden='false' data-av_icon='\ue8fc' data-av_iconfont='entypo-fontello' title='' data-avia-related-tooltip='Compartir en LinkedIn' rel=\"noopener\"><span class='avia_hidden_link_text'>Compartir en LinkedIn<\/span><\/a><\/li><li class='av-share-link av-social-link-mail' ><a  aria-label=\"Compartir por correo\" href='mailto:?subject=Senadora%20%C3%93rdenes%20y%20la%20recta%20final%20constituyente%3A%20%E2%80%9Cse%20requiere%20empat%C3%ADa%2C%20si%20no%20se%20tiene%2C%20hay%20ejercicios%20que%20fracasan%E2%80%9D&#038;body=https:\/\/radiorevelacionfm.cl\/?p=35172' aria-hidden='false' data-av_icon='\ue805' data-av_iconfont='entypo-fontello' title='' data-avia-related-tooltip='Compartir por correo'><span class='avia_hidden_link_text'>Compartir por correo<\/span><\/a><\/li><\/ul><\/div><\/div>\n<div  style='height:50px' class='hr hr-invisible   avia-builder-el-8  el_after_av_social_share  el_before_av_comments_list '><span class='hr-inner ' ><span class='hr-inner-style'><\/span><\/span><\/div>\n<div  class='av-buildercomment  av-blog-meta-html-info-disabled av-blog-meta-tag-disabled  '><\/div>\n","protected":false},"excerpt":{"rendered":"","protected":false},"author":1,"featured_media":35173,"comment_status":"open","ping_status":"open","sticky":false,"template":"","format":"standard","meta":{"footnotes":""},"categories":[35],"tags":[],"class_list":["post-35172","post","type-post","status-publish","format-standard","has-post-thumbnail","hentry","category-politica"],"jetpack_featured_media_url":"https:\/\/radiorevelacionfm.cl\/wp-content\/uploads\/2023\/09\/senadora-ordenes-1_optimized.jpg","_links":{"self":[{"href":"https:\/\/radiorevelacionfm.cl\/index.php?rest_route=\/wp\/v2\/posts\/35172","targetHints":{"allow":["GET"]}}],"collection":[{"href":"https:\/\/radiorevelacionfm.cl\/index.php?rest_route=\/wp\/v2\/posts"}],"about":[{"href":"https:\/\/radiorevelacionfm.cl\/index.php?rest_route=\/wp\/v2\/types\/post"}],"author":[{"embeddable":true,"href":"https:\/\/radiorevelacionfm.cl\/index.php?rest_route=\/wp\/v2\/users\/1"}],"replies":[{"embeddable":true,"href":"https:\/\/radiorevelacionfm.cl\/index.php?rest_route=%2Fwp%2Fv2%2Fcomments&post=35172"}],"version-history":[{"count":1,"href":"https:\/\/radiorevelacionfm.cl\/index.php?rest_route=\/wp\/v2\/posts\/35172\/revisions"}],"predecessor-version":[{"id":35174,"href":"https:\/\/radiorevelacionfm.cl\/index.php?rest_route=\/wp\/v2\/posts\/35172\/revisions\/35174"}],"wp:featuredmedia":[{"embeddable":true,"href":"https:\/\/radiorevelacionfm.cl\/index.php?rest_route=\/wp\/v2\/media\/35173"}],"wp:attachment":[{"href":"https:\/\/radiorevelacionfm.cl\/index.php?rest_route=%2Fwp%2Fv2%2Fmedia&parent=35172"}],"wp:term":[{"taxonomy":"category","embeddable":true,"href":"https:\/\/radiorevelacionfm.cl\/index.php?rest_route=%2Fwp%2Fv2%2Fcategories&post=35172"},{"taxonomy":"post_tag","embeddable":true,"href":"https:\/\/radiorevelacionfm.cl\/index.php?rest_route=%2Fwp%2Fv2%2Ftags&post=35172"}],"curies":[{"name":"wp","href":"https:\/\/api.w.org\/{rel}","templated":true}]}}