{"id":35169,"date":"2023-09-21T12:39:06","date_gmt":"2023-09-21T15:39:06","guid":{"rendered":"https:\/\/radiorevelacionfm.cl\/?p=35169"},"modified":"2023-09-21T12:39:06","modified_gmt":"2023-09-21T15:39:06","slug":"con-exito-puntos-morados-entregaron-informacion-en-ramadas-sobre-violencia-que-viven-las-mujeres","status":"publish","type":"post","link":"https:\/\/radiorevelacionfm.cl\/?p=35169","title":{"rendered":"Con \u00e9xito Puntos Morados entregaron informaci\u00f3n en ramadas sobre violencia que viven las mujeres"},"content":{"rendered":"<div class=\"flex_column av_one_full  flex_column_div av-zero-column-padding first  avia-builder-el-0  el_before_av_one_full  avia-builder-el-first  \" style='border-radius:0px; '><div  class='avia-image-container  av-styling-    avia-builder-el-1  avia-builder-el-no-sibling  avia-align-center '  itemprop=\"image\" itemscope=\"itemscope\" itemtype=\"https:\/\/schema.org\/ImageObject\"  ><div class='avia-image-container-inner'><div class='avia-image-overlay-wrap'><img decoding=\"async\" class='wp-image-35170 avia-img-lazy-loading-not-35170 avia_image' src=\"https:\/\/radiorevelacionfm.cl\/wp-content\/uploads\/2023\/09\/puntos-morados-2023-09-21-at-10_optimized.03.25-1-1.jpeg\" alt='' title='puntos-morados-2023-09-21-at-10_optimized.03.25-(1) (1)' height=\"600\" width=\"1101\"  itemprop=\"thumbnailUrl\" srcset=\"https:\/\/radiorevelacionfm.cl\/wp-content\/uploads\/2023\/09\/puntos-morados-2023-09-21-at-10_optimized.03.25-1-1.jpeg 1101w, https:\/\/radiorevelacionfm.cl\/wp-content\/uploads\/2023\/09\/puntos-morados-2023-09-21-at-10_optimized.03.25-1-1-300x163.jpeg 300w, https:\/\/radiorevelacionfm.cl\/wp-content\/uploads\/2023\/09\/puntos-morados-2023-09-21-at-10_optimized.03.25-1-1-1030x561.jpeg 1030w, https:\/\/radiorevelacionfm.cl\/wp-content\/uploads\/2023\/09\/puntos-morados-2023-09-21-at-10_optimized.03.25-1-1-768x419.jpeg 768w, https:\/\/radiorevelacionfm.cl\/wp-content\/uploads\/2023\/09\/puntos-morados-2023-09-21-at-10_optimized.03.25-1-1-705x384.jpeg 705w, https:\/\/radiorevelacionfm.cl\/wp-content\/uploads\/2023\/09\/puntos-morados-2023-09-21-at-10_optimized.03.25-1-1-450x245.jpeg 450w, https:\/\/radiorevelacionfm.cl\/wp-content\/uploads\/2023\/09\/puntos-morados-2023-09-21-at-10_optimized.03.25-1-1-600x327.jpeg 600w\" sizes=\"(max-width: 1101px) 100vw, 1101px\" \/><\/div><\/div><\/div><\/div><div class=\"flex_column av_one_full  flex_column_div av-zero-column-padding first  avia-builder-el-2  el_after_av_one_full  el_before_av_one_full  column-top-margin\" style='border-radius:0px; '><section class=\"av_textblock_section \"  itemscope=\"itemscope\" itemtype=\"https:\/\/schema.org\/BlogPosting\" itemprop=\"blogPost\" ><div class='avia_textblock  '   itemprop=\"text\" ><p style=\"text-align: center;\"><strong><span style=\"font-size: 18pt;\">Con \u00e9xito Puntos Morados entregaron informaci\u00f3n en ramadas sobre violencia que viven las mujeres<\/span><\/strong><\/p>\n<div id=\"gtx-trans\" style=\"position: absolute; left: -50px; top: 4.31534px;\">\n<div class=\"gtx-trans-icon\"><\/div>\n<\/div>\n<\/div><\/section><\/div><div class=\"flex_column av_one_full  flex_column_div av-zero-column-padding first  avia-builder-el-4  el_after_av_one_full  el_before_av_hr  column-top-margin\" style='border-radius:0px; '><section class=\"av_textblock_section \"  itemscope=\"itemscope\" itemtype=\"https:\/\/schema.org\/BlogPosting\" itemprop=\"blogPost\" ><div class='avia_textblock  '   itemprop=\"text\" ><p style=\"text-align: justify;\">Ante la evidencia de que el consumo de alcohol puede desencadenar conductas violentas, incluida la violencia contra las mujeres, se implementaron Puntos Morados en las fondas municipales de la ramada \u00abMate y Cueca\u00bb en el Parque Urbano de Coyhaique y en la ramada del Parque Isla D\u00edaz en Puerto Ays\u00e9n.<\/p>\n<p style=\"text-align: justify;\">La Seremi de la Mujer y la Equidad de G\u00e9nero, Andrea M\u00e9ndez Valenzuela; la Gobernadora Regional, Andrea Mac\u00edas Palma; y el Delegado Presidencial Regional, Rodrigo Araya Morales, informaron sobre c\u00f3mo denunciar hechos de violencia de g\u00e9nero. Junto a profesionales especializados en violencia, entregaron orientaci\u00f3n y aplicaron protocolos de derivaci\u00f3n correspondientes.<\/p>\n<p style=\"text-align: justify;\">La Seremi Andrea M\u00e9ndez, enfatiz\u00f3 que \u201cdesde el Ministerio de la Mujer y la Equidad de G\u00e9nero comprendemos que, durante las festividades, el consumo irresponsable y problem\u00e1tico de alcohol representa un riesgo para las mujeres y las infancias. Por eso, instalamos Puntos Morados a lo largo de todo el pa\u00eds, distribuyendo folletos y fomentando el di\u00e1logo para estar alerta ante estas situaciones de riesgo\u00bb.<\/p>\n<p style=\"text-align: justify;\">Adem\u00e1s de ser lugares informativos y de encuentro con los asistentes a las ramadas, se distribuy\u00f3 informaci\u00f3n en las cociner\u00edas, puestos de comida y \u00e1reas de cervecer\u00eda.<\/p>\n<p style=\"text-align: justify;\">La Gobernadora Regional, Andrea Mac\u00edas, subray\u00f3 la importancia de conocer los canales estatales de orientaci\u00f3n y denuncia: \u00abSi eres una sobreviviente o testigo de violencia de g\u00e9nero y necesitas orientaci\u00f3n, no dudes en llamar al 1455, y en caso de denuncia, al 133 de Carabineros de Chile. Juntas y juntos combatimos la violencia de g\u00e9nero y al contar con m\u00e1s informaci\u00f3n, reducimos los riesgos\u00bb.<\/p>\n<p style=\"text-align: justify;\">El Delegado Presidencial Regional, Rodrigo Araya Morales, indic\u00f3 que \u00abla prevenci\u00f3n de la violencia de g\u00e9nero es un \u00e1mbito prioritario para el gobierno del Presidente Gabriel Boric. En la Regi\u00f3n de Ays\u00e9n tenemos alrededor de 700 casos de violencia intrafamiliar denunciados a Carabineros desde enero hasta ahora, por lo que es fundamental fortalecer la gesti\u00f3n p\u00fablico privada para erradicar definitivamente la violencia de nuestras relaciones interpersonales\u00bb.<\/p>\n<p style=\"text-align: justify;\">Es importante destacar que, aunque el consumo de alcohol se asocia a un mayor riesgo de comportamientos violentos, no puede considerarse como la causa directa de la violencia contra las mujeres. Esta violencia tiene ra\u00edces culturales que se basan en relaciones de g\u00e9nero que legitiman el poder y el control de los hombres sobre las mujeres.<\/p>\n<p style=\"text-align: justify;\">Adem\u00e1s de abordar la violencia en las relaciones de pareja, en los Puntos Morados tambi\u00e9n se dialog\u00f3 sobre la importancia del consentimiento durante las celebraciones. El consumo de alcohol o drogas nunca justifica situaciones de abusos ni acosos\u00a0sexuales.<\/p>\n<\/div><\/section><\/div><div  style='height:50px' class='hr hr-invisible   avia-builder-el-6  el_after_av_one_full  el_before_av_social_share '><span class='hr-inner ' ><span class='hr-inner-style'><\/span><\/span><\/div><\/p>\n<div  class='av-social-sharing-box  avia-builder-el-7  el_after_av_hr  el_before_av_hr  '><div class='av-share-box'><h5 class='av-share-link-description av-no-toc '>Compartir esta noticia<\/h5><ul class='av-share-box-list noLightbox'><li class='av-share-link av-social-link-facebook' ><a target=\"_blank\" aria-label=\"Compartir en Facebook\" href='https:\/\/www.facebook.com\/sharer.php?u=https:\/\/radiorevelacionfm.cl\/?p=35169&#038;t=Con%20%C3%A9xito%20Puntos%20Morados%20entregaron%20informaci%C3%B3n%20en%20ramadas%20sobre%20violencia%20que%20viven%20las%20mujeres' aria-hidden='false' data-av_icon='\ue8f3' data-av_iconfont='entypo-fontello' title='' data-avia-related-tooltip='Compartir en Facebook' rel=\"noopener\"><span class='avia_hidden_link_text'>Compartir en Facebook<\/span><\/a><\/li><li class='av-share-link av-social-link-twitter' ><a target=\"_blank\" aria-label=\"Compartir en Twitter\" href='https:\/\/twitter.com\/share?text=Con%20%C3%A9xito%20Puntos%20Morados%20entregaron%20informaci%C3%B3n%20en%20ramadas%20sobre%20violencia%20que%20viven%20las%20mujeres&#038;url=https:\/\/radiorevelacionfm.cl\/?p=35169' aria-hidden='false' data-av_icon='\ue8f1' data-av_iconfont='entypo-fontello' title='' data-avia-related-tooltip='Compartir en Twitter' rel=\"noopener\"><span class='avia_hidden_link_text'>Compartir en Twitter<\/span><\/a><\/li><li class='av-share-link av-social-link-whatsapp' ><a target=\"_blank\" aria-label=\"Compartir en Whatsapp\" href='https:\/\/api.whatsapp.com\/send?text=https:\/\/radiorevelacionfm.cl\/?p=35169' aria-hidden='false' data-av_icon='\uf232' data-av_iconfont='entypo-fontello' title='' data-avia-related-tooltip='Compartir en Whatsapp' rel=\"noopener\"><span class='avia_hidden_link_text'>Compartir en Whatsapp<\/span><\/a><\/li><li class='av-share-link av-social-link-linkedin' ><a target=\"_blank\" aria-label=\"Compartir en LinkedIn\" href='https:\/\/linkedin.com\/shareArticle?mini=true&#038;title=Con%20%C3%A9xito%20Puntos%20Morados%20entregaron%20informaci%C3%B3n%20en%20ramadas%20sobre%20violencia%20que%20viven%20las%20mujeres&#038;url=https:\/\/radiorevelacionfm.cl\/?p=35169' aria-hidden='false' data-av_icon='\ue8fc' data-av_iconfont='entypo-fontello' title='' data-avia-related-tooltip='Compartir en LinkedIn' rel=\"noopener\"><span class='avia_hidden_link_text'>Compartir en LinkedIn<\/span><\/a><\/li><li class='av-share-link av-social-link-mail' ><a  aria-label=\"Compartir por correo\" href='mailto:?subject=Con%20%C3%A9xito%20Puntos%20Morados%20entregaron%20informaci%C3%B3n%20en%20ramadas%20sobre%20violencia%20que%20viven%20las%20mujeres&#038;body=https:\/\/radiorevelacionfm.cl\/?p=35169' aria-hidden='false' data-av_icon='\ue805' data-av_iconfont='entypo-fontello' title='' data-avia-related-tooltip='Compartir por correo'><span class='avia_hidden_link_text'>Compartir por correo<\/span><\/a><\/li><\/ul><\/div><\/div>\n<div  style='height:50px' class='hr hr-invisible   avia-builder-el-8  el_after_av_social_share  el_before_av_comments_list '><span class='hr-inner ' ><span class='hr-inner-style'><\/span><\/span><\/div>\n<div  class='av-buildercomment  av-blog-meta-html-info-disabled av-blog-meta-tag-disabled  '><\/div>\n","protected":false},"excerpt":{"rendered":"","protected":false},"author":1,"featured_media":35170,"comment_status":"open","ping_status":"open","sticky":false,"template":"","format":"standard","meta":{"footnotes":""},"categories":[38],"tags":[],"class_list":["post-35169","post","type-post","status-publish","format-standard","has-post-thumbnail","hentry","category-regional"],"jetpack_featured_media_url":"https:\/\/radiorevelacionfm.cl\/wp-content\/uploads\/2023\/09\/puntos-morados-2023-09-21-at-10_optimized.03.25-1-1.jpeg","_links":{"self":[{"href":"https:\/\/radiorevelacionfm.cl\/index.php?rest_route=\/wp\/v2\/posts\/35169","targetHints":{"allow":["GET"]}}],"collection":[{"href":"https:\/\/radiorevelacionfm.cl\/index.php?rest_route=\/wp\/v2\/posts"}],"about":[{"href":"https:\/\/radiorevelacionfm.cl\/index.php?rest_route=\/wp\/v2\/types\/post"}],"author":[{"embeddable":true,"href":"https:\/\/radiorevelacionfm.cl\/index.php?rest_route=\/wp\/v2\/users\/1"}],"replies":[{"embeddable":true,"href":"https:\/\/radiorevelacionfm.cl\/index.php?rest_route=%2Fwp%2Fv2%2Fcomments&post=35169"}],"version-history":[{"count":1,"href":"https:\/\/radiorevelacionfm.cl\/index.php?rest_route=\/wp\/v2\/posts\/35169\/revisions"}],"predecessor-version":[{"id":35171,"href":"https:\/\/radiorevelacionfm.cl\/index.php?rest_route=\/wp\/v2\/posts\/35169\/revisions\/35171"}],"wp:featuredmedia":[{"embeddable":true,"href":"https:\/\/radiorevelacionfm.cl\/index.php?rest_route=\/wp\/v2\/media\/35170"}],"wp:attachment":[{"href":"https:\/\/radiorevelacionfm.cl\/index.php?rest_route=%2Fwp%2Fv2%2Fmedia&parent=35169"}],"wp:term":[{"taxonomy":"category","embeddable":true,"href":"https:\/\/radiorevelacionfm.cl\/index.php?rest_route=%2Fwp%2Fv2%2Fcategories&post=35169"},{"taxonomy":"post_tag","embeddable":true,"href":"https:\/\/radiorevelacionfm.cl\/index.php?rest_route=%2Fwp%2Fv2%2Ftags&post=35169"}],"curies":[{"name":"wp","href":"https:\/\/api.w.org\/{rel}","templated":true}]}}