{"id":35161,"date":"2023-09-21T10:50:12","date_gmt":"2023-09-21T13:50:12","guid":{"rendered":"https:\/\/radiorevelacionfm.cl\/?p=35161"},"modified":"2023-09-21T10:50:12","modified_gmt":"2023-09-21T13:50:12","slug":"entregan-mi-primera-cedula-a-ninos-y-ninas-del-jardin-infantil-creciendo-contentos-de-puerto-aysen","status":"publish","type":"post","link":"https:\/\/radiorevelacionfm.cl\/?p=35161","title":{"rendered":"Entregan \u201cMi Primera C\u00e9dula\u201d a ni\u00f1os y ni\u00f1as del Jard\u00edn Infantil Creciendo Contentos de Puerto Ays\u00e9n"},"content":{"rendered":"<div class=\"flex_column av_one_full  flex_column_div av-zero-column-padding first  avia-builder-el-0  el_before_av_one_full  avia-builder-el-first  \" style='border-radius:0px; '><div  class='avia-image-container  av-styling-    avia-builder-el-1  avia-builder-el-no-sibling  avia-align-center '  itemprop=\"image\" itemscope=\"itemscope\" itemtype=\"https:\/\/schema.org\/ImageObject\"  ><div class='avia-image-container-inner'><div class='avia-image-overlay-wrap'><img decoding=\"async\" class='wp-image-35162 avia-img-lazy-loading-not-35162 avia_image' src=\"https:\/\/radiorevelacionfm.cl\/wp-content\/uploads\/2023\/09\/jardin-3-1-1.jpg\" alt='' title='jardin 3 (1) (1)' height=\"600\" width=\"800\"  itemprop=\"thumbnailUrl\" srcset=\"https:\/\/radiorevelacionfm.cl\/wp-content\/uploads\/2023\/09\/jardin-3-1-1.jpg 800w, https:\/\/radiorevelacionfm.cl\/wp-content\/uploads\/2023\/09\/jardin-3-1-1-300x225.jpg 300w, https:\/\/radiorevelacionfm.cl\/wp-content\/uploads\/2023\/09\/jardin-3-1-1-768x576.jpg 768w, https:\/\/radiorevelacionfm.cl\/wp-content\/uploads\/2023\/09\/jardin-3-1-1-705x529.jpg 705w, https:\/\/radiorevelacionfm.cl\/wp-content\/uploads\/2023\/09\/jardin-3-1-1-450x338.jpg 450w, https:\/\/radiorevelacionfm.cl\/wp-content\/uploads\/2023\/09\/jardin-3-1-1-600x450.jpg 600w\" sizes=\"(max-width: 800px) 100vw, 800px\" \/><\/div><\/div><\/div><\/div><div class=\"flex_column av_one_full  flex_column_div av-zero-column-padding first  avia-builder-el-2  el_after_av_one_full  el_before_av_one_full  column-top-margin\" style='border-radius:0px; '><section class=\"av_textblock_section \"  itemscope=\"itemscope\" itemtype=\"https:\/\/schema.org\/BlogPosting\" itemprop=\"blogPost\" ><div class='avia_textblock  '   itemprop=\"text\" ><p style=\"text-align: center;\"><span style=\"font-size: 18pt;\"><strong>Entregan \u201cMi Primera C\u00e9dula\u201d a ni\u00f1os y ni\u00f1as del Jard\u00edn Infantil Creciendo Contentos de Puerto Ays\u00e9n<\/strong><\/span><\/p>\n<div id=\"gtx-trans\" style=\"position: absolute; left: -50px; top: 4.31534px;\">\n<div class=\"gtx-trans-icon\"><\/div>\n<\/div>\n<\/div><\/section><\/div><div class=\"flex_column av_one_full  flex_column_div av-zero-column-padding first  avia-builder-el-4  el_after_av_one_full  el_before_av_hr  column-top-margin\" style='border-radius:0px; '><section class=\"av_textblock_section \"  itemscope=\"itemscope\" itemtype=\"https:\/\/schema.org\/BlogPosting\" itemprop=\"blogPost\" ><div class='avia_textblock  '   itemprop=\"text\" ><p style=\"text-align: justify;\">En una emotiva ceremonia llevada a cabo recientemente en el Jard\u00edn Infantil Creciendo Contentos de Puerto Ays\u00e9n, cinco ni\u00f1os y ni\u00f1as acompa\u00f1ados de sus padres recibieron su documento de identidad, cabe se\u00f1alar que esta instancia nace de una alianza estrat\u00e9gica entre los jardines infantiles y el Servicio de Registro Civil e Identificaci\u00f3n, quienes concurren a los establecimientos a realizar el tr\u00e1mite, y posteriormente hacer entrega de su primera c\u00e9dula.<\/p>\n<p style=\"text-align: justify;\">El Seremi de Justicia y Derechos Humanos Samuel Navarro Castro destac\u00f3 que \u201cesta es una iniciativa que se viene desarrollando hace ya un tiempo y que permite a los jardines infantiles previa coordinaci\u00f3n con el Registro Civil poder fue una jornada muy linda y emotiva con los p\u00e1rvulos del jard\u00edn Infantil Capullitos de Calafate, por cuanto ejerciendo su derecho a la identidad recibieron su primera c\u00e9dula, \u00e9sta es una iniciativa muy importante que realiza el Registro Civil, quienes concurren al jard\u00edn hacen la captura de esta primera c\u00e9dula y luego hacen la entrega y la reciben los ni\u00f1os junto a sus padres, nos parece una iniciativa muy bonita que se puede replicar en otros lugares, ya hemos estado en Puerto Cisnes, Coyhaique y ahora en Puerto Ays\u00e9n, y esperamos estar tambi\u00e9n en otras localidades\u201d.<\/p>\n<p style=\"text-align: justify;\">Mientras que la directora del Jard\u00edn Infantil Creciendo Contentos, Tamara Melo B\u00e1ez indic\u00f3 que \u201ces muy importante que el Registro Civil este ac\u00e1 de manera f\u00edsica en el Jard\u00edn Creciendo Contentos reforzando el derecho a la identidad, generalmente nosotros estamos reforzando los derechos de los ni\u00f1os y ni\u00f1as, y esto da pie para que ellos puedan tener su c\u00e9dula de identidad de manera f\u00e1cil, las familias pudieran acceder a esto y tambi\u00e9n venir a acompa\u00f1arnos en este proceso\u201d.<\/p>\n<p style=\"text-align: justify;\">Finalmente, el director regional del Servicio de Registro Civil e Identificaci\u00f3n Rodrigo Aguilera se\u00f1al\u00f3 que estamos muy contentos de estar nuevamente en Puerto Ays\u00e9n en el Jard\u00edn Infantil Creciendo Contentos, hemos hecho una linda ceremonia junto al Seremi de Justicia, y para m\u00ed como director es tremendamente importante y relevante estas instancias de entrega de c\u00e9dulas de identidad a los menores de edad, puesto que se est\u00e1 dando cumplimiento con los derechos de los ni\u00f1os en cuanto a tener una identidad propia y nosotros ayudamos y contribuimos en que los ni\u00f1os no tengan que ir a las oficinas junto con los pap\u00e1s para evitar aglomeraciones, es decir en un primera instancia se hace la captura \u00a0de la c\u00e9dulas, luego cuando llegan, nosotros hacemos una linda ceremonia de entrega de estas c\u00e9dulas con los ni\u00f1os, as\u00ed que dar las gracias a todas las educadoras de los jardines infantiles que han hecho de esto una pr\u00e1ctica habitual en nuestra regi\u00f3n\u201d.<\/p>\n<\/div><\/section><\/div><div  style='height:50px' class='hr hr-invisible   avia-builder-el-6  el_after_av_one_full  el_before_av_social_share '><span class='hr-inner ' ><span class='hr-inner-style'><\/span><\/span><\/div><\/p>\n<div  class='av-social-sharing-box  avia-builder-el-7  el_after_av_hr  el_before_av_hr  '><div class='av-share-box'><h5 class='av-share-link-description av-no-toc '>Compartir esta noticia<\/h5><ul class='av-share-box-list noLightbox'><li class='av-share-link av-social-link-facebook' ><a target=\"_blank\" aria-label=\"Compartir en Facebook\" href='https:\/\/www.facebook.com\/sharer.php?u=https:\/\/radiorevelacionfm.cl\/?p=35161&#038;t=Entregan%20%E2%80%9CMi%20Primera%20C%C3%A9dula%E2%80%9D%20a%20ni%C3%B1os%20y%20ni%C3%B1as%20del%20Jard%C3%ADn%20Infantil%20Creciendo%20Contentos%20de%20Puerto%20Ays%C3%A9n' aria-hidden='false' data-av_icon='\ue8f3' data-av_iconfont='entypo-fontello' title='' data-avia-related-tooltip='Compartir en Facebook' rel=\"noopener\"><span class='avia_hidden_link_text'>Compartir en Facebook<\/span><\/a><\/li><li class='av-share-link av-social-link-twitter' ><a target=\"_blank\" aria-label=\"Compartir en Twitter\" href='https:\/\/twitter.com\/share?text=Entregan%20%E2%80%9CMi%20Primera%20C%C3%A9dula%E2%80%9D%20a%20ni%C3%B1os%20y%20ni%C3%B1as%20del%20Jard%C3%ADn%20Infantil%20Creciendo%20Contentos%20de%20Puerto%20Ays%C3%A9n&#038;url=https:\/\/radiorevelacionfm.cl\/?p=35161' aria-hidden='false' data-av_icon='\ue8f1' data-av_iconfont='entypo-fontello' title='' data-avia-related-tooltip='Compartir en Twitter' rel=\"noopener\"><span class='avia_hidden_link_text'>Compartir en Twitter<\/span><\/a><\/li><li class='av-share-link av-social-link-whatsapp' ><a target=\"_blank\" aria-label=\"Compartir en Whatsapp\" href='https:\/\/api.whatsapp.com\/send?text=https:\/\/radiorevelacionfm.cl\/?p=35161' aria-hidden='false' data-av_icon='\uf232' data-av_iconfont='entypo-fontello' title='' data-avia-related-tooltip='Compartir en Whatsapp' rel=\"noopener\"><span class='avia_hidden_link_text'>Compartir en Whatsapp<\/span><\/a><\/li><li class='av-share-link av-social-link-linkedin' ><a target=\"_blank\" aria-label=\"Compartir en LinkedIn\" href='https:\/\/linkedin.com\/shareArticle?mini=true&#038;title=Entregan%20%E2%80%9CMi%20Primera%20C%C3%A9dula%E2%80%9D%20a%20ni%C3%B1os%20y%20ni%C3%B1as%20del%20Jard%C3%ADn%20Infantil%20Creciendo%20Contentos%20de%20Puerto%20Ays%C3%A9n&#038;url=https:\/\/radiorevelacionfm.cl\/?p=35161' aria-hidden='false' data-av_icon='\ue8fc' data-av_iconfont='entypo-fontello' title='' data-avia-related-tooltip='Compartir en LinkedIn' rel=\"noopener\"><span class='avia_hidden_link_text'>Compartir en LinkedIn<\/span><\/a><\/li><li class='av-share-link av-social-link-mail' ><a  aria-label=\"Compartir por correo\" href='mailto:?subject=Entregan%20%E2%80%9CMi%20Primera%20C%C3%A9dula%E2%80%9D%20a%20ni%C3%B1os%20y%20ni%C3%B1as%20del%20Jard%C3%ADn%20Infantil%20Creciendo%20Contentos%20de%20Puerto%20Ays%C3%A9n&#038;body=https:\/\/radiorevelacionfm.cl\/?p=35161' aria-hidden='false' data-av_icon='\ue805' data-av_iconfont='entypo-fontello' title='' data-avia-related-tooltip='Compartir por correo'><span class='avia_hidden_link_text'>Compartir por correo<\/span><\/a><\/li><\/ul><\/div><\/div>\n<div  style='height:50px' class='hr hr-invisible   avia-builder-el-8  el_after_av_social_share  el_before_av_comments_list '><span class='hr-inner ' ><span class='hr-inner-style'><\/span><\/span><\/div>\n<div  class='av-buildercomment  av-blog-meta-html-info-disabled av-blog-meta-tag-disabled  '><\/div>\n","protected":false},"excerpt":{"rendered":"","protected":false},"author":1,"featured_media":35162,"comment_status":"open","ping_status":"open","sticky":false,"template":"","format":"standard","meta":{"footnotes":""},"categories":[38],"tags":[],"class_list":["post-35161","post","type-post","status-publish","format-standard","has-post-thumbnail","hentry","category-regional"],"jetpack_featured_media_url":"https:\/\/radiorevelacionfm.cl\/wp-content\/uploads\/2023\/09\/jardin-3-1-1.jpg","_links":{"self":[{"href":"https:\/\/radiorevelacionfm.cl\/index.php?rest_route=\/wp\/v2\/posts\/35161","targetHints":{"allow":["GET"]}}],"collection":[{"href":"https:\/\/radiorevelacionfm.cl\/index.php?rest_route=\/wp\/v2\/posts"}],"about":[{"href":"https:\/\/radiorevelacionfm.cl\/index.php?rest_route=\/wp\/v2\/types\/post"}],"author":[{"embeddable":true,"href":"https:\/\/radiorevelacionfm.cl\/index.php?rest_route=\/wp\/v2\/users\/1"}],"replies":[{"embeddable":true,"href":"https:\/\/radiorevelacionfm.cl\/index.php?rest_route=%2Fwp%2Fv2%2Fcomments&post=35161"}],"version-history":[{"count":1,"href":"https:\/\/radiorevelacionfm.cl\/index.php?rest_route=\/wp\/v2\/posts\/35161\/revisions"}],"predecessor-version":[{"id":35163,"href":"https:\/\/radiorevelacionfm.cl\/index.php?rest_route=\/wp\/v2\/posts\/35161\/revisions\/35163"}],"wp:featuredmedia":[{"embeddable":true,"href":"https:\/\/radiorevelacionfm.cl\/index.php?rest_route=\/wp\/v2\/media\/35162"}],"wp:attachment":[{"href":"https:\/\/radiorevelacionfm.cl\/index.php?rest_route=%2Fwp%2Fv2%2Fmedia&parent=35161"}],"wp:term":[{"taxonomy":"category","embeddable":true,"href":"https:\/\/radiorevelacionfm.cl\/index.php?rest_route=%2Fwp%2Fv2%2Fcategories&post=35161"},{"taxonomy":"post_tag","embeddable":true,"href":"https:\/\/radiorevelacionfm.cl\/index.php?rest_route=%2Fwp%2Fv2%2Ftags&post=35161"}],"curies":[{"name":"wp","href":"https:\/\/api.w.org\/{rel}","templated":true}]}}