{"id":35153,"date":"2023-09-21T10:28:10","date_gmt":"2023-09-21T13:28:10","guid":{"rendered":"https:\/\/radiorevelacionfm.cl\/?p=35153"},"modified":"2023-09-21T10:28:10","modified_gmt":"2023-09-21T13:28:10","slug":"sandoval-y-desarrollo-de-la-pesca-artesanal-en-aysen-hay-necesidad-de-ordenar-este-tema","status":"publish","type":"post","link":"https:\/\/radiorevelacionfm.cl\/?p=35153","title":{"rendered":"Sandoval y desarrollo de la pesca artesanal en Ays\u00e9n: \u201cHay necesidad de ordenar este tema\u201d"},"content":{"rendered":"<div class=\"flex_column av_one_full  flex_column_div av-zero-column-padding first  avia-builder-el-0  el_before_av_one_full  avia-builder-el-first  \" style='border-radius:0px; '><div  class='avia-image-container  av-styling-    avia-builder-el-1  avia-builder-el-no-sibling  avia-align-center '  itemprop=\"image\" itemscope=\"itemscope\" itemtype=\"https:\/\/schema.org\/ImageObject\"  ><div class='avia-image-container-inner'><div class='avia-image-overlay-wrap'><img decoding=\"async\" class='wp-image-31811 avia-img-lazy-loading-not-31811 avia_image' src=\"https:\/\/radiorevelacionfm.cl\/wp-content\/uploads\/2023\/06\/sandoval-2-1-1.jpg\" alt='' title='sandoval (2) (1) (1)' height=\"600\" width=\"1204\"  itemprop=\"thumbnailUrl\" srcset=\"https:\/\/radiorevelacionfm.cl\/wp-content\/uploads\/2023\/06\/sandoval-2-1-1.jpg 1204w, https:\/\/radiorevelacionfm.cl\/wp-content\/uploads\/2023\/06\/sandoval-2-1-1-300x150.jpg 300w, https:\/\/radiorevelacionfm.cl\/wp-content\/uploads\/2023\/06\/sandoval-2-1-1-1030x513.jpg 1030w, https:\/\/radiorevelacionfm.cl\/wp-content\/uploads\/2023\/06\/sandoval-2-1-1-768x383.jpg 768w, https:\/\/radiorevelacionfm.cl\/wp-content\/uploads\/2023\/06\/sandoval-2-1-1-705x351.jpg 705w, https:\/\/radiorevelacionfm.cl\/wp-content\/uploads\/2023\/06\/sandoval-2-1-1-450x224.jpg 450w, https:\/\/radiorevelacionfm.cl\/wp-content\/uploads\/2023\/06\/sandoval-2-1-1-600x299.jpg 600w\" sizes=\"(max-width: 1204px) 100vw, 1204px\" \/><\/div><\/div><\/div><\/div><div class=\"flex_column av_one_full  flex_column_div av-zero-column-padding first  avia-builder-el-2  el_after_av_one_full  el_before_av_one_full  column-top-margin\" style='border-radius:0px; '><section class=\"av_textblock_section \"  itemscope=\"itemscope\" itemtype=\"https:\/\/schema.org\/BlogPosting\" itemprop=\"blogPost\" ><div class='avia_textblock  '   itemprop=\"text\" ><p style=\"text-align: center;\"><strong><span style=\"font-size: 18pt;\">Sandoval y desarrollo de la pesca artesanal en Ays\u00e9n: \u201cHay necesidad de ordenar este tema\u201d<\/span><\/strong><\/p>\n<div id=\"gtx-trans\" style=\"position: absolute; left: -50px; top: 4.31534px;\">\n<div class=\"gtx-trans-icon\"><\/div>\n<\/div>\n<\/div><\/section><\/div><div class=\"flex_column av_one_full  flex_column_div av-zero-column-padding first  avia-builder-el-4  el_after_av_one_full  el_before_av_hr  column-top-margin\" style='border-radius:0px; '><section class=\"av_textblock_section \"  itemscope=\"itemscope\" itemtype=\"https:\/\/schema.org\/BlogPosting\" itemprop=\"blogPost\" ><div class='avia_textblock  '   itemprop=\"text\" ><p style=\"text-align: justify;\"><em>Durante los \u00faltimos d\u00edas, la comisi\u00f3n de Pesca del Senado recibi\u00f3 a dirigentes regionales para analizar situaci\u00f3n que vive el sector, en el marco del estudio del proyecto de ley sobre recursos bent\u00f3nicos.<\/em><\/p>\n<p style=\"text-align: justify;\">Luego de participar en los \u00faltimos d\u00edas en la comisi\u00f3n de Intereses Mar\u00edtimos de la C\u00e1mara Alta, el senador David Sandoval, insisti\u00f3 en la urgencia de ordenar el tema pesquero y su impacto a nivel regional, m\u00e1s a\u00fan cuando se tramita el proyecto de ley sobre recursos bent\u00f3nicos.<\/p>\n<p style=\"text-align: justify;\">En la oportunidad, el parlamentario dijo que en la regi\u00f3n \u201cno tenemos problemas en hacer un trabajo coordinado con otras regiones, pero s\u00ed debe haber un orden, algo que regule adecuadamente este tema\u201d, enfatizando que en el permanente conflicto de zonas contiguas \u201ctodos los gobiernos para atr\u00e1s han hecho exactamente lo mismo\u201d.<\/p>\n<p style=\"text-align: justify;\">\u201cPor eso la necesidad urgente de ordenar este tema. Cu\u00e1les son los recursos, saber si existen estudios de biomasa, conocer qu\u00e9 es lo que hay. Se debe partir por algo\u201d, agreg\u00f3.<\/p>\n<p style=\"text-align: justify;\">En esa l\u00ednea, Sandoval recalc\u00f3 que hay voluntad de hacer las cosas bien y \u201centender que a todos nos interesa darle un sentido de desarrollo a este tema\u201d, pues al final quienes m\u00e1s pierden son los pescadores artesanales, los buzos, los que hacen el esfuerzo, \u201cque son entiendo a quienes m\u00e1s preocupa al Gobierno\u201d. \u201cCu\u00e1ntos recursos estamos perdiendo y no podemos seguir extrayendo de la manera como lo estamos haciendo ni las irregularidades que se est\u00e1n cometiendo\u201d, resalt\u00f3.<\/p>\n<p style=\"text-align: justify;\">En dicha sesi\u00f3n tambi\u00e9n participaron dirigentes regionales, entre ellos, Daniel Caniull\u00e1n de Melinka, quien expres\u00f3 que es fundamental asistir a estas instancias, para poder dar a conocer la realidad de lo que est\u00e1 pasando con la pesca artesanal en Las Guaitecas y el resto de la regi\u00f3n. \u201cEsperamos hacer una ley bent\u00f3nica justa y que vaya de la mano con la sustentabilidad de los recursos pesqueros, porque es una de las principales actividades que sostiene el litoral de Ays\u00e9n\u201d, indic\u00f3.<\/p>\n<p style=\"text-align: justify;\">En la misma l\u00ednea, el dirigente de Islas Huichas, Fabi\u00e1n Teca se\u00f1al\u00f3 la importancia de hacer ver a los parlamentarios la preocupaci\u00f3n que existe por el tr\u00e1mite del proyecto de ley sobre recursos bent\u00f3nicos y el impacto que \u00e9sta tendr\u00eda en la zona. \u201cEspec\u00edficamente el art\u00edculo quinto transitorio, que permite plasmar un plan de manejo a perpetuidad, seg\u00fan nuestro punto de vista, lo que hoy d\u00eda no cuenta con estudios actualizados a la realidad que vivimos hoy en d\u00eda como pescadores artesanales\u201d, subray\u00f3.<\/p>\n<p style=\"text-align: justify;\">Finalmente, Renato Flores, de la AG Ays\u00e9n Mar Sustentable, agradeci\u00f3 el compromiso del senador Sandoval para \u201cgenerar estos espacios, que son tan importante para nosotros\u201d, insistiendo en que la gente del litoral \u201cvive \u00fanica y exclusivamente de la pesca\u201d, por lo cual es muy relevante poder trabajar en el resguardo de los recursos.<\/p>\n<\/div><\/section><\/div><div  style='height:50px' class='hr hr-invisible   avia-builder-el-6  el_after_av_one_full  el_before_av_social_share '><span class='hr-inner ' ><span class='hr-inner-style'><\/span><\/span><\/div><\/p>\n<div  class='av-social-sharing-box  avia-builder-el-7  el_after_av_hr  el_before_av_hr  '><div class='av-share-box'><h5 class='av-share-link-description av-no-toc '>Compartir esta noticia<\/h5><ul class='av-share-box-list noLightbox'><li class='av-share-link av-social-link-facebook' ><a target=\"_blank\" aria-label=\"Compartir en Facebook\" href='https:\/\/www.facebook.com\/sharer.php?u=https:\/\/radiorevelacionfm.cl\/?p=35153&#038;t=Sandoval%20y%20desarrollo%20de%20la%20pesca%20artesanal%20en%20Ays%C3%A9n%3A%20%E2%80%9CHay%20necesidad%20de%20ordenar%20este%20tema%E2%80%9D' aria-hidden='false' data-av_icon='\ue8f3' data-av_iconfont='entypo-fontello' title='' data-avia-related-tooltip='Compartir en Facebook' rel=\"noopener\"><span class='avia_hidden_link_text'>Compartir en Facebook<\/span><\/a><\/li><li class='av-share-link av-social-link-twitter' ><a target=\"_blank\" aria-label=\"Compartir en Twitter\" href='https:\/\/twitter.com\/share?text=Sandoval%20y%20desarrollo%20de%20la%20pesca%20artesanal%20en%20Ays%C3%A9n%3A%20%E2%80%9CHay%20necesidad%20de%20ordenar%20este%20tema%E2%80%9D&#038;url=https:\/\/radiorevelacionfm.cl\/?p=35153' aria-hidden='false' data-av_icon='\ue8f1' data-av_iconfont='entypo-fontello' title='' data-avia-related-tooltip='Compartir en Twitter' rel=\"noopener\"><span class='avia_hidden_link_text'>Compartir en Twitter<\/span><\/a><\/li><li class='av-share-link av-social-link-whatsapp' ><a target=\"_blank\" aria-label=\"Compartir en Whatsapp\" href='https:\/\/api.whatsapp.com\/send?text=https:\/\/radiorevelacionfm.cl\/?p=35153' aria-hidden='false' data-av_icon='\uf232' data-av_iconfont='entypo-fontello' title='' data-avia-related-tooltip='Compartir en Whatsapp' rel=\"noopener\"><span class='avia_hidden_link_text'>Compartir en Whatsapp<\/span><\/a><\/li><li class='av-share-link av-social-link-linkedin' ><a target=\"_blank\" aria-label=\"Compartir en LinkedIn\" href='https:\/\/linkedin.com\/shareArticle?mini=true&#038;title=Sandoval%20y%20desarrollo%20de%20la%20pesca%20artesanal%20en%20Ays%C3%A9n%3A%20%E2%80%9CHay%20necesidad%20de%20ordenar%20este%20tema%E2%80%9D&#038;url=https:\/\/radiorevelacionfm.cl\/?p=35153' aria-hidden='false' data-av_icon='\ue8fc' data-av_iconfont='entypo-fontello' title='' data-avia-related-tooltip='Compartir en LinkedIn' rel=\"noopener\"><span class='avia_hidden_link_text'>Compartir en LinkedIn<\/span><\/a><\/li><li class='av-share-link av-social-link-mail' ><a  aria-label=\"Compartir por correo\" href='mailto:?subject=Sandoval%20y%20desarrollo%20de%20la%20pesca%20artesanal%20en%20Ays%C3%A9n%3A%20%E2%80%9CHay%20necesidad%20de%20ordenar%20este%20tema%E2%80%9D&#038;body=https:\/\/radiorevelacionfm.cl\/?p=35153' aria-hidden='false' data-av_icon='\ue805' data-av_iconfont='entypo-fontello' title='' data-avia-related-tooltip='Compartir por correo'><span class='avia_hidden_link_text'>Compartir por correo<\/span><\/a><\/li><\/ul><\/div><\/div>\n<div  style='height:50px' class='hr hr-invisible   avia-builder-el-8  el_after_av_social_share  el_before_av_comments_list '><span class='hr-inner ' ><span class='hr-inner-style'><\/span><\/span><\/div>\n<div  class='av-buildercomment  av-blog-meta-html-info-disabled av-blog-meta-tag-disabled  '><\/div>\n","protected":false},"excerpt":{"rendered":"","protected":false},"author":1,"featured_media":31811,"comment_status":"open","ping_status":"open","sticky":false,"template":"","format":"standard","meta":{"footnotes":""},"categories":[35],"tags":[],"class_list":["post-35153","post","type-post","status-publish","format-standard","has-post-thumbnail","hentry","category-politica"],"jetpack_featured_media_url":"https:\/\/radiorevelacionfm.cl\/wp-content\/uploads\/2023\/06\/sandoval-2-1-1.jpg","_links":{"self":[{"href":"https:\/\/radiorevelacionfm.cl\/index.php?rest_route=\/wp\/v2\/posts\/35153","targetHints":{"allow":["GET"]}}],"collection":[{"href":"https:\/\/radiorevelacionfm.cl\/index.php?rest_route=\/wp\/v2\/posts"}],"about":[{"href":"https:\/\/radiorevelacionfm.cl\/index.php?rest_route=\/wp\/v2\/types\/post"}],"author":[{"embeddable":true,"href":"https:\/\/radiorevelacionfm.cl\/index.php?rest_route=\/wp\/v2\/users\/1"}],"replies":[{"embeddable":true,"href":"https:\/\/radiorevelacionfm.cl\/index.php?rest_route=%2Fwp%2Fv2%2Fcomments&post=35153"}],"version-history":[{"count":1,"href":"https:\/\/radiorevelacionfm.cl\/index.php?rest_route=\/wp\/v2\/posts\/35153\/revisions"}],"predecessor-version":[{"id":35154,"href":"https:\/\/radiorevelacionfm.cl\/index.php?rest_route=\/wp\/v2\/posts\/35153\/revisions\/35154"}],"wp:featuredmedia":[{"embeddable":true,"href":"https:\/\/radiorevelacionfm.cl\/index.php?rest_route=\/wp\/v2\/media\/31811"}],"wp:attachment":[{"href":"https:\/\/radiorevelacionfm.cl\/index.php?rest_route=%2Fwp%2Fv2%2Fmedia&parent=35153"}],"wp:term":[{"taxonomy":"category","embeddable":true,"href":"https:\/\/radiorevelacionfm.cl\/index.php?rest_route=%2Fwp%2Fv2%2Fcategories&post=35153"},{"taxonomy":"post_tag","embeddable":true,"href":"https:\/\/radiorevelacionfm.cl\/index.php?rest_route=%2Fwp%2Fv2%2Ftags&post=35153"}],"curies":[{"name":"wp","href":"https:\/\/api.w.org\/{rel}","templated":true}]}}