{"id":35150,"date":"2023-09-20T20:42:43","date_gmt":"2023-09-20T23:42:43","guid":{"rendered":"https:\/\/radiorevelacionfm.cl\/?p=35150"},"modified":"2023-09-20T20:42:43","modified_gmt":"2023-09-20T23:42:43","slug":"fiscalia-formaliza-por-homicidio-frustrado-a-imputado-en-cochrane","status":"publish","type":"post","link":"https:\/\/radiorevelacionfm.cl\/?p=35150","title":{"rendered":"Fiscal\u00eda formaliza por homicidio frustrado a imputado en Cochrane"},"content":{"rendered":"<div class=\"flex_column av_one_full  flex_column_div av-zero-column-padding first  avia-builder-el-0  el_before_av_one_full  avia-builder-el-first  \" style='border-radius:0px; '><div  class='avia-image-container  av-styling-    avia-builder-el-1  avia-builder-el-no-sibling  avia-align-center '  itemprop=\"image\" itemscope=\"itemscope\" itemtype=\"https:\/\/schema.org\/ImageObject\"  ><div class='avia-image-container-inner'><div class='avia-image-overlay-wrap'><img decoding=\"async\" class='wp-image-35151 avia-img-lazy-loading-not-35151 avia_image' src=\"https:\/\/radiorevelacionfm.cl\/wp-content\/uploads\/2023\/09\/Fiscalia-Cochrane-1-1.jpg\" alt='' title='Fiscalia Cochrane (1) (1)' height=\"600\" width=\"899\"  itemprop=\"thumbnailUrl\" srcset=\"https:\/\/radiorevelacionfm.cl\/wp-content\/uploads\/2023\/09\/Fiscalia-Cochrane-1-1.jpg 899w, https:\/\/radiorevelacionfm.cl\/wp-content\/uploads\/2023\/09\/Fiscalia-Cochrane-1-1-300x200.jpg 300w, https:\/\/radiorevelacionfm.cl\/wp-content\/uploads\/2023\/09\/Fiscalia-Cochrane-1-1-768x513.jpg 768w, https:\/\/radiorevelacionfm.cl\/wp-content\/uploads\/2023\/09\/Fiscalia-Cochrane-1-1-705x471.jpg 705w, https:\/\/radiorevelacionfm.cl\/wp-content\/uploads\/2023\/09\/Fiscalia-Cochrane-1-1-450x300.jpg 450w, https:\/\/radiorevelacionfm.cl\/wp-content\/uploads\/2023\/09\/Fiscalia-Cochrane-1-1-600x400.jpg 600w\" sizes=\"(max-width: 899px) 100vw, 899px\" \/><\/div><\/div><\/div><\/div><div class=\"flex_column av_one_full  flex_column_div av-zero-column-padding first  avia-builder-el-2  el_after_av_one_full  el_before_av_one_full  column-top-margin\" style='border-radius:0px; '><section class=\"av_textblock_section \"  itemscope=\"itemscope\" itemtype=\"https:\/\/schema.org\/BlogPosting\" itemprop=\"blogPost\" ><div class='avia_textblock  '   itemprop=\"text\" ><p style=\"text-align: center;\"><strong><span style=\"font-size: 18pt;\">Fiscal\u00eda formaliza por homicidio frustrado a imputado en Cochrane<\/span><\/strong><\/p>\n<div id=\"gtx-trans\" style=\"position: absolute; left: -50px; top: 4.31534px;\">\n<div class=\"gtx-trans-icon\"><\/div>\n<\/div>\n<\/div><\/section><\/div><div class=\"flex_column av_one_full  flex_column_div av-zero-column-padding first  avia-builder-el-4  el_after_av_one_full  el_before_av_hr  column-top-margin\" style='border-radius:0px; '><section class=\"av_textblock_section \"  itemscope=\"itemscope\" itemtype=\"https:\/\/schema.org\/BlogPosting\" itemprop=\"blogPost\" ><div class='avia_textblock  '   itemprop=\"text\" ><p style=\"text-align: justify;\">Por el delito de homicidio simple en grado de frustrado, la Fiscal\u00eda Local de Cochrane formaliz\u00f3 a un imputado de 29 a\u00f1os, luego de una agresi\u00f3n registrada la madrugada del 19 de septiembre en el Parque Costumbrista de Cochrane.<\/p>\n<p style=\"text-align: justify;\">Seg\u00fan explic\u00f3 el fiscal subrogante de dicha comuna, Jorge Carrasco, \u201cel 19 de septiembre, en el marco de las celebraciones de Fiestas Patrias, en horas de la madrugada, se gest\u00f3 un procedimiento con un lesionado con arma blanca. La v\u00edctima se trata de un joven de 22 a\u00f1os de edad que se encontraba compartiendo con sus amigos\u201d.<\/p>\n<p style=\"text-align: justify;\">El imputado, seg\u00fan explic\u00f3 el fiscal subrogante, propin\u00f3 una estocada en el pecho a la v\u00edctima, quien fue socorrido oportunamente por funcionarios policiales y de Salud, para posteriormente ser trasladado al Hospital de Cochrane y luego v\u00eda a\u00e9rea al Hospital Regional de Coyhaique, con diagn\u00f3stico reservado.<\/p>\n<p style=\"text-align: justify;\">\u201cFuncionarios de la Cuarta Comisar\u00eda de Cochrane lograron la detenci\u00f3n del imputado, quien fue puesto a disposici\u00f3n del Tribunal de Garant\u00eda del Baker Cochrane para controlar la detenci\u00f3n\u201d, a\u00f1adi\u00f3 el abogado Jorge Carrasco.<\/p>\n<p style=\"text-align: justify;\">\u201cEn dicha audiencia, el Ministerio P\u00fablico formaliz\u00f3 al imputado por el delito de homicidio simple en grado de desarrollo frustrado, adem\u00e1s de solicitar la prisi\u00f3n preventiva\u201d, coment\u00f3 el fiscal subrogante.<\/p>\n<p style=\"text-align: justify;\">En este caso, el Tribunal acogi\u00f3 \u201cla solicitud por estimar acreditada la participaci\u00f3n y existencia de delito, as\u00ed como tambi\u00e9n representar el imputado un peligro para la seguridad de la sociedad\u201d, dijo el persecutor penal.<\/p>\n<p style=\"text-align: justify;\">El plazo para el t\u00e9rmino de las diligencias fue fijado en 90 d\u00edas por el Juzgado de Garant\u00eda.<\/p>\n<\/div><\/section><\/div><div  style='height:50px' class='hr hr-invisible   avia-builder-el-6  el_after_av_one_full  el_before_av_social_share '><span class='hr-inner ' ><span class='hr-inner-style'><\/span><\/span><\/div><\/p>\n<div  class='av-social-sharing-box  avia-builder-el-7  el_after_av_hr  el_before_av_hr  '><div class='av-share-box'><h5 class='av-share-link-description av-no-toc '>Compartir esta noticia<\/h5><ul class='av-share-box-list noLightbox'><li class='av-share-link av-social-link-facebook' ><a target=\"_blank\" aria-label=\"Compartir en Facebook\" href='https:\/\/www.facebook.com\/sharer.php?u=https:\/\/radiorevelacionfm.cl\/?p=35150&#038;t=Fiscal%C3%ADa%20formaliza%20por%20homicidio%20frustrado%20a%20imputado%20en%20Cochrane' aria-hidden='false' data-av_icon='\ue8f3' data-av_iconfont='entypo-fontello' title='' data-avia-related-tooltip='Compartir en Facebook' rel=\"noopener\"><span class='avia_hidden_link_text'>Compartir en Facebook<\/span><\/a><\/li><li class='av-share-link av-social-link-twitter' ><a target=\"_blank\" aria-label=\"Compartir en Twitter\" href='https:\/\/twitter.com\/share?text=Fiscal%C3%ADa%20formaliza%20por%20homicidio%20frustrado%20a%20imputado%20en%20Cochrane&#038;url=https:\/\/radiorevelacionfm.cl\/?p=35150' aria-hidden='false' data-av_icon='\ue8f1' data-av_iconfont='entypo-fontello' title='' data-avia-related-tooltip='Compartir en Twitter' rel=\"noopener\"><span class='avia_hidden_link_text'>Compartir en Twitter<\/span><\/a><\/li><li class='av-share-link av-social-link-whatsapp' ><a target=\"_blank\" aria-label=\"Compartir en Whatsapp\" href='https:\/\/api.whatsapp.com\/send?text=https:\/\/radiorevelacionfm.cl\/?p=35150' aria-hidden='false' data-av_icon='\uf232' data-av_iconfont='entypo-fontello' title='' data-avia-related-tooltip='Compartir en Whatsapp' rel=\"noopener\"><span class='avia_hidden_link_text'>Compartir en Whatsapp<\/span><\/a><\/li><li class='av-share-link av-social-link-linkedin' ><a target=\"_blank\" aria-label=\"Compartir en LinkedIn\" href='https:\/\/linkedin.com\/shareArticle?mini=true&#038;title=Fiscal%C3%ADa%20formaliza%20por%20homicidio%20frustrado%20a%20imputado%20en%20Cochrane&#038;url=https:\/\/radiorevelacionfm.cl\/?p=35150' aria-hidden='false' data-av_icon='\ue8fc' data-av_iconfont='entypo-fontello' title='' data-avia-related-tooltip='Compartir en LinkedIn' rel=\"noopener\"><span class='avia_hidden_link_text'>Compartir en LinkedIn<\/span><\/a><\/li><li class='av-share-link av-social-link-mail' ><a  aria-label=\"Compartir por correo\" href='mailto:?subject=Fiscal%C3%ADa%20formaliza%20por%20homicidio%20frustrado%20a%20imputado%20en%20Cochrane&#038;body=https:\/\/radiorevelacionfm.cl\/?p=35150' aria-hidden='false' data-av_icon='\ue805' data-av_iconfont='entypo-fontello' title='' data-avia-related-tooltip='Compartir por correo'><span class='avia_hidden_link_text'>Compartir por correo<\/span><\/a><\/li><\/ul><\/div><\/div>\n<div  style='height:50px' class='hr hr-invisible   avia-builder-el-8  el_after_av_social_share  el_before_av_comments_list '><span class='hr-inner ' ><span class='hr-inner-style'><\/span><\/span><\/div>\n<div  class='av-buildercomment  av-blog-meta-html-info-disabled av-blog-meta-tag-disabled  '><\/div>\n","protected":false},"excerpt":{"rendered":"","protected":false},"author":1,"featured_media":35151,"comment_status":"open","ping_status":"open","sticky":false,"template":"","format":"standard","meta":{"footnotes":""},"categories":[55],"tags":[],"class_list":["post-35150","post","type-post","status-publish","format-standard","has-post-thumbnail","hentry","category-justicia"],"jetpack_featured_media_url":"https:\/\/radiorevelacionfm.cl\/wp-content\/uploads\/2023\/09\/Fiscalia-Cochrane-1-1.jpg","_links":{"self":[{"href":"https:\/\/radiorevelacionfm.cl\/index.php?rest_route=\/wp\/v2\/posts\/35150","targetHints":{"allow":["GET"]}}],"collection":[{"href":"https:\/\/radiorevelacionfm.cl\/index.php?rest_route=\/wp\/v2\/posts"}],"about":[{"href":"https:\/\/radiorevelacionfm.cl\/index.php?rest_route=\/wp\/v2\/types\/post"}],"author":[{"embeddable":true,"href":"https:\/\/radiorevelacionfm.cl\/index.php?rest_route=\/wp\/v2\/users\/1"}],"replies":[{"embeddable":true,"href":"https:\/\/radiorevelacionfm.cl\/index.php?rest_route=%2Fwp%2Fv2%2Fcomments&post=35150"}],"version-history":[{"count":1,"href":"https:\/\/radiorevelacionfm.cl\/index.php?rest_route=\/wp\/v2\/posts\/35150\/revisions"}],"predecessor-version":[{"id":35152,"href":"https:\/\/radiorevelacionfm.cl\/index.php?rest_route=\/wp\/v2\/posts\/35150\/revisions\/35152"}],"wp:featuredmedia":[{"embeddable":true,"href":"https:\/\/radiorevelacionfm.cl\/index.php?rest_route=\/wp\/v2\/media\/35151"}],"wp:attachment":[{"href":"https:\/\/radiorevelacionfm.cl\/index.php?rest_route=%2Fwp%2Fv2%2Fmedia&parent=35150"}],"wp:term":[{"taxonomy":"category","embeddable":true,"href":"https:\/\/radiorevelacionfm.cl\/index.php?rest_route=%2Fwp%2Fv2%2Fcategories&post=35150"},{"taxonomy":"post_tag","embeddable":true,"href":"https:\/\/radiorevelacionfm.cl\/index.php?rest_route=%2Fwp%2Fv2%2Ftags&post=35150"}],"curies":[{"name":"wp","href":"https:\/\/api.w.org\/{rel}","templated":true}]}}