{"id":3515,"date":"2021-04-26T12:23:35","date_gmt":"2021-04-26T15:23:35","guid":{"rendered":"https:\/\/radiorevelacionfm.cl\/?p=3515"},"modified":"2021-04-26T12:23:35","modified_gmt":"2021-04-26T15:23:35","slug":"lanzan-fondo-capital-semilla-para-emprendimientos-de-mujeres-pescadoras","status":"publish","type":"post","link":"https:\/\/radiorevelacionfm.cl\/?p=3515","title":{"rendered":"Lanzan fondo Capital Semilla para emprendimientos de mujeres pescadoras"},"content":{"rendered":"<div class=\"flex_column av_one_full  flex_column_div av-zero-column-padding first  avia-builder-el-0  el_before_av_one_full  avia-builder-el-first  \" style='border-radius:0px; '><div  class='avia-image-container  av-styling-    avia-builder-el-1  avia-builder-el-no-sibling  avia-align-center '  itemprop=\"image\" itemscope=\"itemscope\" itemtype=\"https:\/\/schema.org\/ImageObject\"  ><div class='avia-image-container-inner'><div class='avia-image-overlay-wrap'><img decoding=\"async\" class='wp-image-0 avia-img-lazy-loading-not-0 avia_image' src=\"https:\/\/radiorevelacionfm.cl\/wp-content\/uploads\/2021\/04\/img-20200124-wa0037-1_optimized.jpg\" alt='' title=''   itemprop=\"thumbnailUrl\"  \/><\/div><\/div><\/div><\/div><div class=\"flex_column av_one_full  flex_column_div av-zero-column-padding first  avia-builder-el-2  el_after_av_one_full  el_before_av_one_full  column-top-margin\" style='border-radius:0px; '><section class=\"av_textblock_section \"  itemscope=\"itemscope\" itemtype=\"https:\/\/schema.org\/BlogPosting\" itemprop=\"blogPost\" ><div class='avia_textblock  '   itemprop=\"text\" ><p style=\"text-align: center;\"><strong><span style=\"font-size: 18pt;\">Lanzan fondo Capital Semilla para emprendimientos de mujeres pescadoras<\/span><\/strong><\/p>\n<div id=\"gtx-trans\" style=\"position: absolute; left: -50px; top: 4.31534px;\">\n<div class=\"gtx-trans-icon\"><\/div>\n<\/div>\n<\/div><\/section><\/div><div class=\"flex_column av_one_full  flex_column_div av-zero-column-padding first  avia-builder-el-4  el_after_av_one_full  el_before_av_hr  column-top-margin\" style='border-radius:0px; '><section class=\"av_textblock_section \"  itemscope=\"itemscope\" itemtype=\"https:\/\/schema.org\/BlogPosting\" itemprop=\"blogPost\" ><div class='avia_textblock  '   itemprop=\"text\" ><p style=\"font-weight: 400; text-align: justify;\">Un fondo de apoyo t\u00e9cnico e inversi\u00f3n para mujeres de la pesca artesanal lanz\u00f3 este viernes el Instituto Nacional de Desarrollo Sustentable de la Pesca Artesanal y de la Acuicultura de Peque\u00f1a Escala, Indespa. El fondo\u00a0\u201cCapital Semilla Emprendedora Artesanal\u201d otorgar\u00e1 recursos para avanzar en la consolidaci\u00f3n de emprendimientos y planes de negocios ligados al sector pesquero e impulsados por mujeres.<\/p>\n<p style=\"font-weight: 400; text-align: justify;\">Esta convocatoria dispone de 200 cupos para proyectos a nivel nacional y est\u00e1 dirigida a mujeres con registro pesquero artesanal vigente que hayan egresado\u00a0 del programa Tejiendo Redes &#8211; Mujer Emprendedora de la Pesca Artesanal -ejecutado por el Indespa en 2018-2019-2020-, o que hayan participado en programas similares de otros organismos p\u00fablicos como Sercotec, Fosis, Sence o Prodemu, entre otros.<\/p>\n<p style=\"font-weight: 400; text-align: justify;\">La iniciativa contempla dos modalidades de postulaci\u00f3n: individual y asociativa (hasta dos emprendedoras por proyecto). En materia de asistencia t\u00e9cnica, las postulantes seleccionadas podr\u00e1n acceder a un proceso de acompa\u00f1amiento individual, de 20 horas aproximadas, en materias de gesti\u00f3n comercial, financiera y productiva del emprendimiento que desarrollan y culminar\u00e1 con la formalizaci\u00f3n del negocio a emprender.<\/p>\n<p style=\"font-weight: 400; text-align: justify;\">En cuanto al fondo de inversi\u00f3n, las participantes seleccionadas optar\u00e1n a recursos entre $1.500.000 a $2.350.000 por beneficiaria para financiar la implementaci\u00f3n de sus proyectos de negocio y\/o resolver problemas de car\u00e1cter productivo, jur\u00eddico o de gesti\u00f3n que sean detectados en la asistencia t\u00e9cnica o planificaci\u00f3n de negocios propuesta.<\/p>\n<p style=\"font-weight: 400; text-align: justify;\">El\u00a0Director Ejecutivo del Indespa, Jos\u00e9 Pedro N\u00fa\u00f1ez,\u00a0destac\u00f3 que para Indespa uno de los focos este a\u00f1o es el emprendimiento y el apoyo a las mujeres pescadoras, recolectoras y jefas de hogar.\u00a0\u201cEstamos trabajando para generar nuevos y mayores ingresos para\u00a0 el sector que ha sido seriamente afectado tambi\u00e9n por los efectos de la pandemia Covi19. En esta l\u00ednea exclusiva para las mujeres pescadoras vamos a apoyar y proteger los peque\u00f1os negocios pesqueros, y darles el impulso para que puedan avanzar a la consolidaci\u00f3n de sus emprendimientos\u201d, sostuvo N\u00fa\u00f1ez.<\/p>\n<p style=\"font-weight: 400; text-align: justify;\">Las bases y formularios de postulaci\u00f3n est\u00e1n disponibles en el sitio\u00a0<a href=\"http:\/\/www.indespa.cl\/\" data-saferedirecturl=\"https:\/\/www.google.com\/url?q=http:\/\/www.indespa.cl&amp;source=gmail&amp;ust=1619531600230000&amp;usg=AFQjCNGABQ5VSFRadmuihlZ7_p9EDrFiqQ\">www.indespa.cl<\/a>\u00a0y las consultas son atendidas a trav\u00e9s del correo electr\u00f3nico\u00a0\u00a0<a href=\"mailto:capitalsemilla@indespa.cl\">capitalsemilla@indespa.cl<\/a><\/p>\n<\/div><\/section><\/div><div  style='height:50px' class='hr hr-invisible   avia-builder-el-6  el_after_av_one_full  el_before_av_social_share '><span class='hr-inner ' ><span class='hr-inner-style'><\/span><\/span><\/div><\/p>\n<div  class='av-social-sharing-box  avia-builder-el-7  el_after_av_hr  el_before_av_hr  '><div class='av-share-box'><h5 class='av-share-link-description av-no-toc '>Compartir esta noticia<\/h5><ul class='av-share-box-list noLightbox'><li class='av-share-link av-social-link-facebook' ><a target=\"_blank\" aria-label=\"Compartir en Facebook\" href='https:\/\/www.facebook.com\/sharer.php?u=https:\/\/radiorevelacionfm.cl\/?p=3515&#038;t=Lanzan%20fondo%20Capital%20Semilla%20para%20emprendimientos%20de%20mujeres%20pescadoras' aria-hidden='false' data-av_icon='\ue8f3' data-av_iconfont='entypo-fontello' title='' data-avia-related-tooltip='Compartir en Facebook' rel=\"noopener\"><span class='avia_hidden_link_text'>Compartir en Facebook<\/span><\/a><\/li><li class='av-share-link av-social-link-twitter' ><a target=\"_blank\" aria-label=\"Compartir en Twitter\" href='https:\/\/twitter.com\/share?text=Lanzan%20fondo%20Capital%20Semilla%20para%20emprendimientos%20de%20mujeres%20pescadoras&#038;url=https:\/\/radiorevelacionfm.cl\/?p=3515' aria-hidden='false' data-av_icon='\ue8f1' data-av_iconfont='entypo-fontello' title='' data-avia-related-tooltip='Compartir en Twitter' rel=\"noopener\"><span class='avia_hidden_link_text'>Compartir en Twitter<\/span><\/a><\/li><li class='av-share-link av-social-link-whatsapp' ><a target=\"_blank\" aria-label=\"Compartir en Whatsapp\" href='https:\/\/api.whatsapp.com\/send?text=https:\/\/radiorevelacionfm.cl\/?p=3515' aria-hidden='false' data-av_icon='\uf232' data-av_iconfont='entypo-fontello' title='' data-avia-related-tooltip='Compartir en Whatsapp' rel=\"noopener\"><span class='avia_hidden_link_text'>Compartir en Whatsapp<\/span><\/a><\/li><li class='av-share-link av-social-link-linkedin' ><a target=\"_blank\" aria-label=\"Compartir en LinkedIn\" href='https:\/\/linkedin.com\/shareArticle?mini=true&#038;title=Lanzan%20fondo%20Capital%20Semilla%20para%20emprendimientos%20de%20mujeres%20pescadoras&#038;url=https:\/\/radiorevelacionfm.cl\/?p=3515' aria-hidden='false' data-av_icon='\ue8fc' data-av_iconfont='entypo-fontello' title='' data-avia-related-tooltip='Compartir en LinkedIn' rel=\"noopener\"><span class='avia_hidden_link_text'>Compartir en LinkedIn<\/span><\/a><\/li><li class='av-share-link av-social-link-mail' ><a  aria-label=\"Compartir por correo\" href='mailto:?subject=Lanzan%20fondo%20Capital%20Semilla%20para%20emprendimientos%20de%20mujeres%20pescadoras&#038;body=https:\/\/radiorevelacionfm.cl\/?p=3515' aria-hidden='false' data-av_icon='\ue805' data-av_iconfont='entypo-fontello' title='' data-avia-related-tooltip='Compartir por correo'><span class='avia_hidden_link_text'>Compartir por correo<\/span><\/a><\/li><\/ul><\/div><\/div>\n<div  style='height:50px' class='hr hr-invisible   avia-builder-el-8  el_after_av_social_share  el_before_av_comments_list '><span class='hr-inner ' ><span class='hr-inner-style'><\/span><\/span><\/div>\n<div  class='av-buildercomment  av-blog-meta-html-info-disabled av-blog-meta-tag-disabled  '><\/div>\n","protected":false},"excerpt":{"rendered":"","protected":false},"author":1,"featured_media":0,"comment_status":"open","ping_status":"open","sticky":false,"template":"","format":"standard","meta":{"footnotes":""},"categories":[37],"tags":[],"class_list":["post-3515","post","type-post","status-publish","format-standard","hentry","category-economia"],"jetpack_featured_media_url":"","_links":{"self":[{"href":"https:\/\/radiorevelacionfm.cl\/index.php?rest_route=\/wp\/v2\/posts\/3515","targetHints":{"allow":["GET"]}}],"collection":[{"href":"https:\/\/radiorevelacionfm.cl\/index.php?rest_route=\/wp\/v2\/posts"}],"about":[{"href":"https:\/\/radiorevelacionfm.cl\/index.php?rest_route=\/wp\/v2\/types\/post"}],"author":[{"embeddable":true,"href":"https:\/\/radiorevelacionfm.cl\/index.php?rest_route=\/wp\/v2\/users\/1"}],"replies":[{"embeddable":true,"href":"https:\/\/radiorevelacionfm.cl\/index.php?rest_route=%2Fwp%2Fv2%2Fcomments&post=3515"}],"version-history":[{"count":1,"href":"https:\/\/radiorevelacionfm.cl\/index.php?rest_route=\/wp\/v2\/posts\/3515\/revisions"}],"predecessor-version":[{"id":3517,"href":"https:\/\/radiorevelacionfm.cl\/index.php?rest_route=\/wp\/v2\/posts\/3515\/revisions\/3517"}],"wp:attachment":[{"href":"https:\/\/radiorevelacionfm.cl\/index.php?rest_route=%2Fwp%2Fv2%2Fmedia&parent=3515"}],"wp:term":[{"taxonomy":"category","embeddable":true,"href":"https:\/\/radiorevelacionfm.cl\/index.php?rest_route=%2Fwp%2Fv2%2Fcategories&post=3515"},{"taxonomy":"post_tag","embeddable":true,"href":"https:\/\/radiorevelacionfm.cl\/index.php?rest_route=%2Fwp%2Fv2%2Ftags&post=3515"}],"curies":[{"name":"wp","href":"https:\/\/api.w.org\/{rel}","templated":true}]}}