{"id":35143,"date":"2023-09-20T16:41:44","date_gmt":"2023-09-20T19:41:44","guid":{"rendered":"https:\/\/radiorevelacionfm.cl\/?p=35143"},"modified":"2023-09-20T16:41:44","modified_gmt":"2023-09-20T19:41:44","slug":"gobierno-y-policias-realizan-positivo-balance-de-la-seguridad-publica-en-fiestas-patrias","status":"publish","type":"post","link":"https:\/\/radiorevelacionfm.cl\/?p=35143","title":{"rendered":"Gobierno y polic\u00edas realizan positivo balance de la seguridad p\u00fablica en Fiestas Patrias"},"content":{"rendered":"<div class=\"flex_column av_one_full  flex_column_div av-zero-column-padding first  avia-builder-el-0  el_before_av_one_full  avia-builder-el-first  \" style='border-radius:0px; '><div  class='avia-image-container  av-styling-    avia-builder-el-1  avia-builder-el-no-sibling  avia-align-center '  itemprop=\"image\" itemscope=\"itemscope\" itemtype=\"https:\/\/schema.org\/ImageObject\"  ><div class='avia-image-container-inner'><div class='avia-image-overlay-wrap'><img decoding=\"async\" class='wp-image-35144 avia-img-lazy-loading-not-35144 avia_image' src=\"https:\/\/radiorevelacionfm.cl\/wp-content\/uploads\/2023\/09\/E-2-1-1.jpg\" alt='' title='E 2 (1) (1)' height=\"600\" width=\"800\"  itemprop=\"thumbnailUrl\" srcset=\"https:\/\/radiorevelacionfm.cl\/wp-content\/uploads\/2023\/09\/E-2-1-1.jpg 800w, https:\/\/radiorevelacionfm.cl\/wp-content\/uploads\/2023\/09\/E-2-1-1-300x225.jpg 300w, https:\/\/radiorevelacionfm.cl\/wp-content\/uploads\/2023\/09\/E-2-1-1-768x576.jpg 768w, https:\/\/radiorevelacionfm.cl\/wp-content\/uploads\/2023\/09\/E-2-1-1-705x529.jpg 705w, https:\/\/radiorevelacionfm.cl\/wp-content\/uploads\/2023\/09\/E-2-1-1-450x338.jpg 450w, https:\/\/radiorevelacionfm.cl\/wp-content\/uploads\/2023\/09\/E-2-1-1-600x450.jpg 600w\" sizes=\"(max-width: 800px) 100vw, 800px\" \/><\/div><\/div><\/div><\/div><div class=\"flex_column av_one_full  flex_column_div av-zero-column-padding first  avia-builder-el-2  el_after_av_one_full  el_before_av_one_full  column-top-margin\" style='border-radius:0px; '><section class=\"av_textblock_section \"  itemscope=\"itemscope\" itemtype=\"https:\/\/schema.org\/BlogPosting\" itemprop=\"blogPost\" ><div class='avia_textblock  '   itemprop=\"text\" ><p style=\"font-weight: 400; text-align: center;\"><span style=\"font-size: 18pt;\"><strong>Gobierno y polic\u00edas realizan positivo balance de la seguridad p\u00fablica en Fiestas Patrias<\/strong><\/span><\/p>\n<div id=\"gtx-trans\" style=\"position: absolute; left: -50px; top: 4.31534px;\">\n<div class=\"gtx-trans-icon\"><\/div>\n<\/div>\n<\/div><\/section><\/div><div class=\"flex_column av_one_full  flex_column_div av-zero-column-padding first  avia-builder-el-4  el_after_av_one_full  el_before_av_hr  column-top-margin\" style='border-radius:0px; '><section class=\"av_textblock_section \"  itemscope=\"itemscope\" itemtype=\"https:\/\/schema.org\/BlogPosting\" itemprop=\"blogPost\" ><div class='avia_textblock  '   itemprop=\"text\" ><p style=\"font-weight: 400; text-align: justify;\">Una positiva evaluaci\u00f3n de la seguridad p\u00fablica durante el feriado largo de Fiestas Patrias, realiz\u00f3 el Gobierno junto a las polic\u00edas, durante la ma\u00f1ana del mi\u00e9rcoles.<\/p>\n<p style=\"font-weight: 400; text-align: justify;\">En una conferencia de prensa ofrecida en la Delegaci\u00f3n Presidencial Regional, el delegado Rodrigo Araya destac\u00f3 el comportamiento general de la ciudadan\u00eda en la regi\u00f3n, durante las Fiestas Patrias 2023, destacando que no hubo fallecidos que lamentar, ni en las carreteras, ni en los centros urbanos.<\/p>\n<p style=\"font-weight: 400; text-align: justify;\">La autoridad de Gobierno se\u00f1al\u00f3 su satisfacci\u00f3n por los resultados de la campa\u00f1a de prevenci\u00f3n realizada bajo el lema \u201cEste 18 con Prevenci\u00f3n, Celebramos Mejor\u201d y que en Coyhaique cont\u00f3 con el valioso refuerzo de los veh\u00edculos de patrullaje comunitario, que se aportaron al municipio de la capital regional con recursos de la Subsecretar\u00eda de Prevenci\u00f3n del Delito.<\/p>\n<p style=\"font-weight: 400; text-align: justify;\">Asimismo, el delegado presidencial agradeci\u00f3 a las y los funcionarios p\u00fablicos, municipales, bomberos y polic\u00edas que durante el fin de semana pasado brindaron seguridad p\u00fablica y trabajaron para que la ciudadan\u00eda pueda celebrar y descansar.<\/p>\n<p style=\"font-weight: 400; text-align: justify;\">\u201cAgradecer tambi\u00e9n a la red asistencial que tuvo disponibilidad en todos los centros de emergencia y urgencia de nuestro territorio, as\u00ed como la labor preventiva de la autoridad sanitaria, lo mismo con SENDA, Bomberos y Senapred\u201d, mencion\u00f3 el representante de Gobierno.<\/p>\n<p style=\"font-weight: 400; text-align: justify;\">El jefe de la Regi\u00f3n Policial, prefecto Luis Torralba, destac\u00f3 el intenso tr\u00e1nsito de personas en los pasos fronterizos controlados por la instituci\u00f3n, el que se elev\u00f3 sobre las 10.000 en los \u00faltimos d\u00edas. \u201cTuvimos un alto flujo, m\u00e1s de diez mil personas, de las cuales m\u00e1s de 3.900 corresponden a personas que salieron y sobre las 6.000, que ingresaron al territorio nacional\u201d, detall\u00f3.<\/p>\n<p style=\"font-weight: 400; text-align: justify;\">El representante de la PDI record\u00f3 a la comunidad que para salir del pa\u00eds a trav\u00e9s de los pasos fronterizos controlados por Carabineros, debe obtenerse en el salvoconducto digital ingresando a la secci\u00f3n tr\u00e1mites de la p\u00e1gina\u00a0<a href=\"http:\/\/www.pdichile.cl\/\" data-saferedirecturl=\"https:\/\/www.google.com\/url?q=http:\/\/www.pdichile.cl&amp;source=gmail&amp;ust=1695319266860000&amp;usg=AOvVaw3NRoid-3IFUSjBg-qpAuUX\">www.pdichile.cl<\/a><\/p>\n<p style=\"font-weight: 400; text-align: justify;\">Por su parte, Carabineros asegur\u00f3 que el balance de la polic\u00eda uniformada es positivo y que el trabajo de planificaci\u00f3n con los dem\u00e1s servicios dio resultado. \u201cCarabineros despleg\u00f3 cerca de 650 funcionarios que trabajaron cerca de 16 horas diarias cada uno, en promedio. Por lo tanto el primer reconocimiento que yo hago es hacia el personal que trabaja incesantemente por la seguridad de las personas en la regi\u00f3n\u201d, indic\u00f3 el Jefe de Zona, general Patricio Santos.<\/p>\n<p style=\"font-weight: 400; text-align: justify;\">El uniformado agreg\u00f3 que durante estos 5 d\u00edas se detuvo a 21 personas, de las cuales 6 eran pr\u00f3fugos de la justicia por delitos graves, as\u00ed como 3 por conducci\u00f3n en estado de ebriedad y una bajo la influencia del alcohol.<\/p>\n<p style=\"font-weight: 400; text-align: justify;\">Finalmente, se mencion\u00f3 que a la fecha todav\u00eda existe una gran cantidad de personas que no ha retornado a sus lugares de origen en nuestra regi\u00f3n, por lo que cabe espera un importante flujo vehicular para los pr\u00f3ximos d\u00edas, ante lo cual, se insisti\u00f3 en mantener las conductas de autocuidado y cuidado de la comunidad.<\/p>\n<\/div><\/section><\/div><div  style='height:50px' class='hr hr-invisible   avia-builder-el-6  el_after_av_one_full  el_before_av_social_share '><span class='hr-inner ' ><span class='hr-inner-style'><\/span><\/span><\/div><\/p>\n<div  class='av-social-sharing-box  avia-builder-el-7  el_after_av_hr  el_before_av_hr  '><div class='av-share-box'><h5 class='av-share-link-description av-no-toc '>Compartir esta noticia<\/h5><ul class='av-share-box-list noLightbox'><li class='av-share-link av-social-link-facebook' ><a target=\"_blank\" aria-label=\"Compartir en Facebook\" href='https:\/\/www.facebook.com\/sharer.php?u=https:\/\/radiorevelacionfm.cl\/?p=35143&#038;t=Gobierno%20y%20polic%C3%ADas%20realizan%20positivo%20balance%20de%20la%20seguridad%20p%C3%BAblica%20en%20Fiestas%20Patrias' aria-hidden='false' data-av_icon='\ue8f3' data-av_iconfont='entypo-fontello' title='' data-avia-related-tooltip='Compartir en Facebook' rel=\"noopener\"><span class='avia_hidden_link_text'>Compartir en Facebook<\/span><\/a><\/li><li class='av-share-link av-social-link-twitter' ><a target=\"_blank\" aria-label=\"Compartir en Twitter\" href='https:\/\/twitter.com\/share?text=Gobierno%20y%20polic%C3%ADas%20realizan%20positivo%20balance%20de%20la%20seguridad%20p%C3%BAblica%20en%20Fiestas%20Patrias&#038;url=https:\/\/radiorevelacionfm.cl\/?p=35143' aria-hidden='false' data-av_icon='\ue8f1' data-av_iconfont='entypo-fontello' title='' data-avia-related-tooltip='Compartir en Twitter' rel=\"noopener\"><span class='avia_hidden_link_text'>Compartir en Twitter<\/span><\/a><\/li><li class='av-share-link av-social-link-whatsapp' ><a target=\"_blank\" aria-label=\"Compartir en Whatsapp\" href='https:\/\/api.whatsapp.com\/send?text=https:\/\/radiorevelacionfm.cl\/?p=35143' aria-hidden='false' data-av_icon='\uf232' data-av_iconfont='entypo-fontello' title='' data-avia-related-tooltip='Compartir en Whatsapp' rel=\"noopener\"><span class='avia_hidden_link_text'>Compartir en Whatsapp<\/span><\/a><\/li><li class='av-share-link av-social-link-linkedin' ><a target=\"_blank\" aria-label=\"Compartir en LinkedIn\" href='https:\/\/linkedin.com\/shareArticle?mini=true&#038;title=Gobierno%20y%20polic%C3%ADas%20realizan%20positivo%20balance%20de%20la%20seguridad%20p%C3%BAblica%20en%20Fiestas%20Patrias&#038;url=https:\/\/radiorevelacionfm.cl\/?p=35143' aria-hidden='false' data-av_icon='\ue8fc' data-av_iconfont='entypo-fontello' title='' data-avia-related-tooltip='Compartir en LinkedIn' rel=\"noopener\"><span class='avia_hidden_link_text'>Compartir en LinkedIn<\/span><\/a><\/li><li class='av-share-link av-social-link-mail' ><a  aria-label=\"Compartir por correo\" href='mailto:?subject=Gobierno%20y%20polic%C3%ADas%20realizan%20positivo%20balance%20de%20la%20seguridad%20p%C3%BAblica%20en%20Fiestas%20Patrias&#038;body=https:\/\/radiorevelacionfm.cl\/?p=35143' aria-hidden='false' data-av_icon='\ue805' data-av_iconfont='entypo-fontello' title='' data-avia-related-tooltip='Compartir por correo'><span class='avia_hidden_link_text'>Compartir por correo<\/span><\/a><\/li><\/ul><\/div><\/div>\n<div  style='height:50px' class='hr hr-invisible   avia-builder-el-8  el_after_av_social_share  el_before_av_comments_list '><span class='hr-inner ' ><span class='hr-inner-style'><\/span><\/span><\/div>\n<div  class='av-buildercomment  av-blog-meta-html-info-disabled av-blog-meta-tag-disabled  '><\/div>\n","protected":false},"excerpt":{"rendered":"","protected":false},"author":1,"featured_media":35144,"comment_status":"open","ping_status":"open","sticky":false,"template":"","format":"standard","meta":{"footnotes":""},"categories":[38],"tags":[],"class_list":["post-35143","post","type-post","status-publish","format-standard","has-post-thumbnail","hentry","category-regional"],"jetpack_featured_media_url":"https:\/\/radiorevelacionfm.cl\/wp-content\/uploads\/2023\/09\/E-2-1-1.jpg","_links":{"self":[{"href":"https:\/\/radiorevelacionfm.cl\/index.php?rest_route=\/wp\/v2\/posts\/35143","targetHints":{"allow":["GET"]}}],"collection":[{"href":"https:\/\/radiorevelacionfm.cl\/index.php?rest_route=\/wp\/v2\/posts"}],"about":[{"href":"https:\/\/radiorevelacionfm.cl\/index.php?rest_route=\/wp\/v2\/types\/post"}],"author":[{"embeddable":true,"href":"https:\/\/radiorevelacionfm.cl\/index.php?rest_route=\/wp\/v2\/users\/1"}],"replies":[{"embeddable":true,"href":"https:\/\/radiorevelacionfm.cl\/index.php?rest_route=%2Fwp%2Fv2%2Fcomments&post=35143"}],"version-history":[{"count":1,"href":"https:\/\/radiorevelacionfm.cl\/index.php?rest_route=\/wp\/v2\/posts\/35143\/revisions"}],"predecessor-version":[{"id":35145,"href":"https:\/\/radiorevelacionfm.cl\/index.php?rest_route=\/wp\/v2\/posts\/35143\/revisions\/35145"}],"wp:featuredmedia":[{"embeddable":true,"href":"https:\/\/radiorevelacionfm.cl\/index.php?rest_route=\/wp\/v2\/media\/35144"}],"wp:attachment":[{"href":"https:\/\/radiorevelacionfm.cl\/index.php?rest_route=%2Fwp%2Fv2%2Fmedia&parent=35143"}],"wp:term":[{"taxonomy":"category","embeddable":true,"href":"https:\/\/radiorevelacionfm.cl\/index.php?rest_route=%2Fwp%2Fv2%2Fcategories&post=35143"},{"taxonomy":"post_tag","embeddable":true,"href":"https:\/\/radiorevelacionfm.cl\/index.php?rest_route=%2Fwp%2Fv2%2Ftags&post=35143"}],"curies":[{"name":"wp","href":"https:\/\/api.w.org\/{rel}","templated":true}]}}