{"id":35124,"date":"2023-09-20T10:46:52","date_gmt":"2023-09-20T13:46:52","guid":{"rendered":"https:\/\/radiorevelacionfm.cl\/?p=35124"},"modified":"2023-09-20T10:46:52","modified_gmt":"2023-09-20T13:46:52","slug":"agrupaysen-se-reune-con-senador-sandoval-para-abordar-desafios-del-desarrollo-acuicola-en-la-region","status":"publish","type":"post","link":"https:\/\/radiorevelacionfm.cl\/?p=35124","title":{"rendered":"AgrupAys\u00e9n se re\u00fane con senador Sandoval para abordar desaf\u00edos del desarrollo acu\u00edcola en la regi\u00f3n"},"content":{"rendered":"<div class=\"flex_column av_one_full  flex_column_div av-zero-column-padding first  avia-builder-el-0  el_before_av_one_full  avia-builder-el-first  \" style='border-radius:0px; '><div  class='avia-image-container  av-styling-    avia-builder-el-1  avia-builder-el-no-sibling  avia-align-center '  itemprop=\"image\" itemscope=\"itemscope\" itemtype=\"https:\/\/schema.org\/ImageObject\"  ><div class='avia-image-container-inner'><div class='avia-image-overlay-wrap'><img decoding=\"async\" class='wp-image-35125 avia-img-lazy-loading-not-35125 avia_image' src=\"https:\/\/radiorevelacionfm.cl\/wp-content\/uploads\/2023\/09\/01-1_optimized-1.jpeg\" alt='' title='01-(1)_optimized (1)' height=\"600\" width=\"800\"  itemprop=\"thumbnailUrl\" srcset=\"https:\/\/radiorevelacionfm.cl\/wp-content\/uploads\/2023\/09\/01-1_optimized-1.jpeg 800w, https:\/\/radiorevelacionfm.cl\/wp-content\/uploads\/2023\/09\/01-1_optimized-1-300x225.jpeg 300w, https:\/\/radiorevelacionfm.cl\/wp-content\/uploads\/2023\/09\/01-1_optimized-1-768x576.jpeg 768w, https:\/\/radiorevelacionfm.cl\/wp-content\/uploads\/2023\/09\/01-1_optimized-1-705x529.jpeg 705w, https:\/\/radiorevelacionfm.cl\/wp-content\/uploads\/2023\/09\/01-1_optimized-1-450x338.jpeg 450w, https:\/\/radiorevelacionfm.cl\/wp-content\/uploads\/2023\/09\/01-1_optimized-1-600x450.jpeg 600w\" sizes=\"(max-width: 800px) 100vw, 800px\" \/><\/div><\/div><\/div><\/div><div class=\"flex_column av_one_full  flex_column_div av-zero-column-padding first  avia-builder-el-2  el_after_av_one_full  el_before_av_one_full  column-top-margin\" style='border-radius:0px; '><section class=\"av_textblock_section \"  itemscope=\"itemscope\" itemtype=\"https:\/\/schema.org\/BlogPosting\" itemprop=\"blogPost\" ><div class='avia_textblock  '   itemprop=\"text\" ><p style=\"text-align: center;\"><strong><span style=\"font-size: 18pt;\">AgrupAys\u00e9n se re\u00fane con senador Sandoval para abordar desaf\u00edos del desarrollo acu\u00edcola en la regi\u00f3n<\/span><\/strong><\/p>\n<div id=\"gtx-trans\" style=\"position: absolute; left: -50px; top: 4.31534px;\">\n<div class=\"gtx-trans-icon\"><\/div>\n<\/div>\n<\/div><\/section><\/div><div class=\"flex_column av_one_full  flex_column_div av-zero-column-padding first  avia-builder-el-4  el_after_av_one_full  el_before_av_hr  column-top-margin\" style='border-radius:0px; '><section class=\"av_textblock_section \"  itemscope=\"itemscope\" itemtype=\"https:\/\/schema.org\/BlogPosting\" itemprop=\"blogPost\" ><div class='avia_textblock  '   itemprop=\"text\" ><p style=\"text-align: justify;\">La directiva de AgrupAys\u00e9n, organizaci\u00f3n que re\u00fane a prestadores de servicios de la industria acu\u00edcola y salmonera de la regi\u00f3n, se reuni\u00f3 recientemente con el senador David Sandoval, con quien abordaron y analizaron los desaf\u00edos del desarrollo vinculados al \u00e1mbito acu\u00edcola.<\/p>\n<p style=\"text-align: justify;\">La reuni\u00f3n, que tuvo lugar en la capital regional, se centr\u00f3 en fortalecer la vinculaci\u00f3n de la actividad con el progreso de la regi\u00f3n y abordar los desaf\u00edos pendientes.<\/p>\n<p style=\"text-align: justify;\">Durante el encuentro, se destac\u00f3 la importancia de no s\u00f3lo impulsar el desarrollo de la industria, sino tambi\u00e9n de abordar de manera integral los impactos que esta genera en aspectos ambientales, laborales y sociales.<\/p>\n<p style=\"text-align: justify;\">\u00abAgrupAys\u00e9n\u00bb re\u00fane una diversidad de servicios de distintas naturalezas y ha demostrado un compromiso sobresaliente en el desarrollo regional.<\/p>\n<p style=\"text-align: justify;\">El Senador Sandoval enfatiz\u00f3 la necesidad de que la industria acu\u00edcola respalde y promueva el crecimiento de sus prestadores, asegurando relaciones productivas, contratos claros y pagos oportunos. \u201cEste enfoque es fundamental para garantizar un desarrollo sostenible en Ays\u00e9n y cumplir con los compromisos establecidos en el protocolo productivo.<\/p>\n<p style=\"text-align: justify;\">El parlamentario por otra parte, aprovech\u00f3 la instancia para elogiar al gremio por su gesti\u00f3n, \u201c yo quiero felicitar a la entidad AgrupAys\u00e9n por su inter\u00e9s, su motivaci\u00f3n, su dedicaci\u00f3n y particularmente por el profundo amor que tienen no solamente por la actividad sino tambi\u00e9n por la capacidad de generar trabajo para la gente de la regi\u00f3n de Ays\u00e9n\u201d.<\/p>\n<p style=\"text-align: justify;\">Finalmente, el Director de la Agrupaci\u00f3n Gremial de prestadores de servicios acu\u00edcolas de la regi\u00f3n de Ays\u00e9n \u2013 AgrupAys\u00e9n, Giovanni Rosso, se mostr\u00f3 satisfecho por la jornada y destac\u00f3 el compromiso de seguir trabajando para fortalecer la industria y contribuir al desarrollo de Ays\u00e9n, \u201cestamos comprometidos en hacer que Ays\u00e9n se convierta en un polo de desarrollo y crecimiento en el \u00e1mbito acu\u00edcola, reconociendo la importancia del trabajo conjunto de los actores p\u00fablicos y privados. El di\u00e1logo directo con las autoridades que representan a la regi\u00f3n es necesario por un bien com\u00fan. Nuestra labor es clave para generar empleo y darle sentido a los esfuerzos en la industria salmonera, impulsando un s\u00f3lido encadenamiento productivo en la regi\u00f3n. Seguiremos trabajando juntos por un Ays\u00e9n m\u00e1s fuerte y pr\u00f3spero.\u201d<\/p>\n<\/div><\/section><\/div><div  style='height:50px' class='hr hr-invisible   avia-builder-el-6  el_after_av_one_full  el_before_av_social_share '><span class='hr-inner ' ><span class='hr-inner-style'><\/span><\/span><\/div><\/p>\n<div  class='av-social-sharing-box  avia-builder-el-7  el_after_av_hr  el_before_av_hr  '><div class='av-share-box'><h5 class='av-share-link-description av-no-toc '>Compartir esta noticia<\/h5><ul class='av-share-box-list noLightbox'><li class='av-share-link av-social-link-facebook' ><a target=\"_blank\" aria-label=\"Compartir en Facebook\" href='https:\/\/www.facebook.com\/sharer.php?u=https:\/\/radiorevelacionfm.cl\/?p=35124&#038;t=AgrupAys%C3%A9n%20se%20re%C3%BAne%20con%20senador%20Sandoval%20para%20abordar%20desaf%C3%ADos%20del%20desarrollo%20acu%C3%ADcola%20en%20la%20regi%C3%B3n' aria-hidden='false' data-av_icon='\ue8f3' data-av_iconfont='entypo-fontello' title='' data-avia-related-tooltip='Compartir en Facebook' rel=\"noopener\"><span class='avia_hidden_link_text'>Compartir en Facebook<\/span><\/a><\/li><li class='av-share-link av-social-link-twitter' ><a target=\"_blank\" aria-label=\"Compartir en Twitter\" href='https:\/\/twitter.com\/share?text=AgrupAys%C3%A9n%20se%20re%C3%BAne%20con%20senador%20Sandoval%20para%20abordar%20desaf%C3%ADos%20del%20desarrollo%20acu%C3%ADcola%20en%20la%20regi%C3%B3n&#038;url=https:\/\/radiorevelacionfm.cl\/?p=35124' aria-hidden='false' data-av_icon='\ue8f1' data-av_iconfont='entypo-fontello' title='' data-avia-related-tooltip='Compartir en Twitter' rel=\"noopener\"><span class='avia_hidden_link_text'>Compartir en Twitter<\/span><\/a><\/li><li class='av-share-link av-social-link-whatsapp' ><a target=\"_blank\" aria-label=\"Compartir en Whatsapp\" href='https:\/\/api.whatsapp.com\/send?text=https:\/\/radiorevelacionfm.cl\/?p=35124' aria-hidden='false' data-av_icon='\uf232' data-av_iconfont='entypo-fontello' title='' data-avia-related-tooltip='Compartir en Whatsapp' rel=\"noopener\"><span class='avia_hidden_link_text'>Compartir en Whatsapp<\/span><\/a><\/li><li class='av-share-link av-social-link-linkedin' ><a target=\"_blank\" aria-label=\"Compartir en LinkedIn\" href='https:\/\/linkedin.com\/shareArticle?mini=true&#038;title=AgrupAys%C3%A9n%20se%20re%C3%BAne%20con%20senador%20Sandoval%20para%20abordar%20desaf%C3%ADos%20del%20desarrollo%20acu%C3%ADcola%20en%20la%20regi%C3%B3n&#038;url=https:\/\/radiorevelacionfm.cl\/?p=35124' aria-hidden='false' data-av_icon='\ue8fc' data-av_iconfont='entypo-fontello' title='' data-avia-related-tooltip='Compartir en LinkedIn' rel=\"noopener\"><span class='avia_hidden_link_text'>Compartir en LinkedIn<\/span><\/a><\/li><li class='av-share-link av-social-link-mail' ><a  aria-label=\"Compartir por correo\" href='mailto:?subject=AgrupAys%C3%A9n%20se%20re%C3%BAne%20con%20senador%20Sandoval%20para%20abordar%20desaf%C3%ADos%20del%20desarrollo%20acu%C3%ADcola%20en%20la%20regi%C3%B3n&#038;body=https:\/\/radiorevelacionfm.cl\/?p=35124' aria-hidden='false' data-av_icon='\ue805' data-av_iconfont='entypo-fontello' title='' data-avia-related-tooltip='Compartir por correo'><span class='avia_hidden_link_text'>Compartir por correo<\/span><\/a><\/li><\/ul><\/div><\/div>\n<div  style='height:50px' class='hr hr-invisible   avia-builder-el-8  el_after_av_social_share  el_before_av_comments_list '><span class='hr-inner ' ><span class='hr-inner-style'><\/span><\/span><\/div>\n<div  class='av-buildercomment  av-blog-meta-html-info-disabled av-blog-meta-tag-disabled  '><\/div>\n","protected":false},"excerpt":{"rendered":"","protected":false},"author":1,"featured_media":35125,"comment_status":"open","ping_status":"open","sticky":false,"template":"","format":"standard","meta":{"footnotes":""},"categories":[38],"tags":[],"class_list":["post-35124","post","type-post","status-publish","format-standard","has-post-thumbnail","hentry","category-regional"],"jetpack_featured_media_url":"https:\/\/radiorevelacionfm.cl\/wp-content\/uploads\/2023\/09\/01-1_optimized-1.jpeg","_links":{"self":[{"href":"https:\/\/radiorevelacionfm.cl\/index.php?rest_route=\/wp\/v2\/posts\/35124","targetHints":{"allow":["GET"]}}],"collection":[{"href":"https:\/\/radiorevelacionfm.cl\/index.php?rest_route=\/wp\/v2\/posts"}],"about":[{"href":"https:\/\/radiorevelacionfm.cl\/index.php?rest_route=\/wp\/v2\/types\/post"}],"author":[{"embeddable":true,"href":"https:\/\/radiorevelacionfm.cl\/index.php?rest_route=\/wp\/v2\/users\/1"}],"replies":[{"embeddable":true,"href":"https:\/\/radiorevelacionfm.cl\/index.php?rest_route=%2Fwp%2Fv2%2Fcomments&post=35124"}],"version-history":[{"count":1,"href":"https:\/\/radiorevelacionfm.cl\/index.php?rest_route=\/wp\/v2\/posts\/35124\/revisions"}],"predecessor-version":[{"id":35126,"href":"https:\/\/radiorevelacionfm.cl\/index.php?rest_route=\/wp\/v2\/posts\/35124\/revisions\/35126"}],"wp:featuredmedia":[{"embeddable":true,"href":"https:\/\/radiorevelacionfm.cl\/index.php?rest_route=\/wp\/v2\/media\/35125"}],"wp:attachment":[{"href":"https:\/\/radiorevelacionfm.cl\/index.php?rest_route=%2Fwp%2Fv2%2Fmedia&parent=35124"}],"wp:term":[{"taxonomy":"category","embeddable":true,"href":"https:\/\/radiorevelacionfm.cl\/index.php?rest_route=%2Fwp%2Fv2%2Fcategories&post=35124"},{"taxonomy":"post_tag","embeddable":true,"href":"https:\/\/radiorevelacionfm.cl\/index.php?rest_route=%2Fwp%2Fv2%2Ftags&post=35124"}],"curies":[{"name":"wp","href":"https:\/\/api.w.org\/{rel}","templated":true}]}}