{"id":3512,"date":"2021-04-26T11:56:49","date_gmt":"2021-04-26T14:56:49","guid":{"rendered":"https:\/\/radiorevelacionfm.cl\/?p=3512"},"modified":"2021-04-26T11:56:49","modified_gmt":"2021-04-26T14:56:49","slug":"sandoval-y-proyecto-del-gobierno-por-retiro-del-10-la-propuesta-mejora-sustantivamente-lo-que-aprobamos-en-el-congreso","status":"publish","type":"post","link":"https:\/\/radiorevelacionfm.cl\/?p=3512","title":{"rendered":"Sandoval y proyecto del Gobierno por retiro del 10% : \u201cLa propuesta mejora sustantivamente lo que aprobamos en el Congreso\u201d"},"content":{"rendered":"<div class=\"flex_column av_one_full  flex_column_div av-zero-column-padding first  avia-builder-el-0  el_before_av_one_full  avia-builder-el-first  \" style='border-radius:0px; '><div  class='avia-image-container  av-styling-    avia-builder-el-1  avia-builder-el-no-sibling  avia-align-center '  itemprop=\"image\" itemscope=\"itemscope\" itemtype=\"https:\/\/schema.org\/ImageObject\"  ><div class='avia-image-container-inner'><div class='avia-image-overlay-wrap'><img decoding=\"async\" class='wp-image-0 avia-img-lazy-loading-not-0 avia_image' src=\"https:\/\/radiorevelacionfm.cl\/wp-content\/uploads\/2021\/04\/senador-sandoval-29_optimized.11.2020.jpg\" alt='' title=''   itemprop=\"thumbnailUrl\"  \/><\/div><\/div><\/div><\/div><div class=\"flex_column av_one_full  flex_column_div av-zero-column-padding first  avia-builder-el-2  el_after_av_one_full  el_before_av_one_full  column-top-margin\" style='border-radius:0px; '><section class=\"av_textblock_section \"  itemscope=\"itemscope\" itemtype=\"https:\/\/schema.org\/BlogPosting\" itemprop=\"blogPost\" ><div class='avia_textblock  '   itemprop=\"text\" ><p style=\"text-align: center;\"><span style=\"font-size: 18pt;\"><strong>Sandoval y proyecto del Gobierno por retiro del 10% : \u201cLa propuesta mejora sustantivamente lo que aprobamos en el Congreso\u201d<\/strong><\/span><\/p>\n<div id=\"gtx-trans\" style=\"position: absolute; left: -50px; top: 4.31534px;\">\n<div class=\"gtx-trans-icon\"><\/div>\n<\/div>\n<\/div><\/section><\/div><div class=\"flex_column av_one_full  flex_column_div av-zero-column-padding first  avia-builder-el-4  el_after_av_one_full  el_before_av_hr  column-top-margin\" style='border-radius:0px; '><section class=\"av_textblock_section \"  itemscope=\"itemscope\" itemtype=\"https:\/\/schema.org\/BlogPosting\" itemprop=\"blogPost\" ><div class='avia_textblock  '   itemprop=\"text\" ><p style=\"text-align: justify;\">El parlamentario indic\u00f3 que \u00e9sta es \u201cuna muestra potente de sinton\u00eda\u201d, ante la situaci\u00f3n que se vive en el pa\u00eds producto de la pandemia.<\/p>\n<p style=\"text-align: justify;\">\u201cValoro sustantivamente la apertura que hace el Gobierno para ponerse a tono ante una realidad humana, social, econ\u00f3mica y sanitaria que est\u00e1 golpeando tan duramente a un amplio sector de nuestra sociedad\u201d. Con estas palabras, el senador David Sandoval destac\u00f3 el anuncio del Presidente Sebasti\u00e1n Pi\u00f1era, en relaci\u00f3n al retiro de fondos previsionales.<\/p>\n<p style=\"text-align: justify;\">A juicio de Sandoval, esto se trata de \u201cuna muestra potente de sinton\u00eda\u201d, recalcando que \u201cla propuesta mejora sustantivamente lo que aprobamos en el Congreso\u201d, donde se mantiene el retiro del 10%, con un m\u00ednimo de 35 UF y un m\u00e1ximo de 150 UF, pero incorporando elementos adicionales.<\/p>\n<p style=\"text-align: justify;\">En particular, el parlamentario destac\u00f3 lo anunciado respecto de las personas que ya no cuentan con fondos en sus cuentas de AFP. \u201cEl retiro que se aprob\u00f3 en el Congreso dejaba afuera a 3 millones de chilenos y chilenas que no iban a poder sacar absolutamente ning\u00fan peso, porque ya no los ten\u00edan. La propuesta del Gobierno incorpora un bono directo ($200.000)\u201d, puntualiz\u00f3<\/p>\n<p style=\"text-align: justify;\">Tambi\u00e9n resalt\u00f3 que se proponga la recuperaci\u00f3n de lo retirado, con un 2% adicional de cotizaci\u00f3n (1% con cargo al empleador y 1% por parte del Estado), el no pago de impuestos para aquellas personas que tengan rentas inferiores a 1,8 millones de pesos y que se apoye a quienes cuenten con rentas vitalicias. \u201cLe da justicia a este segmento de jubilados, que no han podido realizar ning\u00fan retiro de fondos\u201d, subray\u00f3.<\/p>\n<p style=\"text-align: justify;\">\u201cEl anuncio del Presidente es potente\u201d, insisti\u00f3 el legislador, se\u00f1alando que ahora los tiempos de tramitaci\u00f3n de la instancia depender\u00e1n del Congreso. \u201cHoy no habr\u00edan razones pol\u00edticas para rechazar un proyecto de esta naturaleza, dado que es sensiblemente mejor al que aprobamos recientemente\u201d, recalc\u00f3.<\/p>\n<p style=\"text-align: justify;\">Finalmente, el senador Sandoval se\u00f1al\u00f3: \u201cTal cual como lo dijo el Presidente, sin tener que pasar por el drama del Tribunal Constitucional, entre la primera quincena del mes de mayo, las personas podr\u00e1n estar retirando sus recursos para hacer frente a esta pandemia. Espero que nos allanemos todos a una tramitaci\u00f3n expedita y r\u00e1pida\u201d, concluy\u00f3.<\/p>\n<\/div><\/section><\/div><div  style='height:50px' class='hr hr-invisible   avia-builder-el-6  el_after_av_one_full  el_before_av_social_share '><span class='hr-inner ' ><span class='hr-inner-style'><\/span><\/span><\/div><\/p>\n<div  class='av-social-sharing-box  avia-builder-el-7  el_after_av_hr  el_before_av_hr  '><div class='av-share-box'><h5 class='av-share-link-description av-no-toc '>Compartir esta noticia<\/h5><ul class='av-share-box-list noLightbox'><li class='av-share-link av-social-link-facebook' ><a target=\"_blank\" aria-label=\"Compartir en Facebook\" href='https:\/\/www.facebook.com\/sharer.php?u=https:\/\/radiorevelacionfm.cl\/?p=3512&#038;t=Sandoval%20y%20proyecto%20del%20Gobierno%20por%20retiro%20del%2010%25%20%3A%20%E2%80%9CLa%20propuesta%20mejora%20sustantivamente%20lo%20que%20aprobamos%20en%20el%20Congreso%E2%80%9D' aria-hidden='false' data-av_icon='\ue8f3' data-av_iconfont='entypo-fontello' title='' data-avia-related-tooltip='Compartir en Facebook' rel=\"noopener\"><span class='avia_hidden_link_text'>Compartir en Facebook<\/span><\/a><\/li><li class='av-share-link av-social-link-twitter' ><a target=\"_blank\" aria-label=\"Compartir en Twitter\" href='https:\/\/twitter.com\/share?text=Sandoval%20y%20proyecto%20del%20Gobierno%20por%20retiro%20del%2010%25%20%3A%20%E2%80%9CLa%20propuesta%20mejora%20sustantivamente%20lo%20que%20aprobamos%20en%20el%20Congreso%E2%80%9D&#038;url=https:\/\/radiorevelacionfm.cl\/?p=3512' aria-hidden='false' data-av_icon='\ue8f1' data-av_iconfont='entypo-fontello' title='' data-avia-related-tooltip='Compartir en Twitter' rel=\"noopener\"><span class='avia_hidden_link_text'>Compartir en Twitter<\/span><\/a><\/li><li class='av-share-link av-social-link-whatsapp' ><a target=\"_blank\" aria-label=\"Compartir en Whatsapp\" href='https:\/\/api.whatsapp.com\/send?text=https:\/\/radiorevelacionfm.cl\/?p=3512' aria-hidden='false' data-av_icon='\uf232' data-av_iconfont='entypo-fontello' title='' data-avia-related-tooltip='Compartir en Whatsapp' rel=\"noopener\"><span class='avia_hidden_link_text'>Compartir en Whatsapp<\/span><\/a><\/li><li class='av-share-link av-social-link-linkedin' ><a target=\"_blank\" aria-label=\"Compartir en LinkedIn\" href='https:\/\/linkedin.com\/shareArticle?mini=true&#038;title=Sandoval%20y%20proyecto%20del%20Gobierno%20por%20retiro%20del%2010%25%20%3A%20%E2%80%9CLa%20propuesta%20mejora%20sustantivamente%20lo%20que%20aprobamos%20en%20el%20Congreso%E2%80%9D&#038;url=https:\/\/radiorevelacionfm.cl\/?p=3512' aria-hidden='false' data-av_icon='\ue8fc' data-av_iconfont='entypo-fontello' title='' data-avia-related-tooltip='Compartir en LinkedIn' rel=\"noopener\"><span class='avia_hidden_link_text'>Compartir en LinkedIn<\/span><\/a><\/li><li class='av-share-link av-social-link-mail' ><a  aria-label=\"Compartir por correo\" href='mailto:?subject=Sandoval%20y%20proyecto%20del%20Gobierno%20por%20retiro%20del%2010%25%20%3A%20%E2%80%9CLa%20propuesta%20mejora%20sustantivamente%20lo%20que%20aprobamos%20en%20el%20Congreso%E2%80%9D&#038;body=https:\/\/radiorevelacionfm.cl\/?p=3512' aria-hidden='false' data-av_icon='\ue805' data-av_iconfont='entypo-fontello' title='' data-avia-related-tooltip='Compartir por correo'><span class='avia_hidden_link_text'>Compartir por correo<\/span><\/a><\/li><\/ul><\/div><\/div>\n<div  style='height:50px' class='hr hr-invisible   avia-builder-el-8  el_after_av_social_share  el_before_av_comments_list '><span class='hr-inner ' ><span class='hr-inner-style'><\/span><\/span><\/div>\n<div  class='av-buildercomment  av-blog-meta-html-info-disabled av-blog-meta-tag-disabled  '><\/div>\n","protected":false},"excerpt":{"rendered":"","protected":false},"author":1,"featured_media":0,"comment_status":"open","ping_status":"open","sticky":false,"template":"","format":"standard","meta":{"footnotes":""},"categories":[35],"tags":[],"class_list":["post-3512","post","type-post","status-publish","format-standard","hentry","category-politica"],"jetpack_featured_media_url":"","_links":{"self":[{"href":"https:\/\/radiorevelacionfm.cl\/index.php?rest_route=\/wp\/v2\/posts\/3512","targetHints":{"allow":["GET"]}}],"collection":[{"href":"https:\/\/radiorevelacionfm.cl\/index.php?rest_route=\/wp\/v2\/posts"}],"about":[{"href":"https:\/\/radiorevelacionfm.cl\/index.php?rest_route=\/wp\/v2\/types\/post"}],"author":[{"embeddable":true,"href":"https:\/\/radiorevelacionfm.cl\/index.php?rest_route=\/wp\/v2\/users\/1"}],"replies":[{"embeddable":true,"href":"https:\/\/radiorevelacionfm.cl\/index.php?rest_route=%2Fwp%2Fv2%2Fcomments&post=3512"}],"version-history":[{"count":1,"href":"https:\/\/radiorevelacionfm.cl\/index.php?rest_route=\/wp\/v2\/posts\/3512\/revisions"}],"predecessor-version":[{"id":3514,"href":"https:\/\/radiorevelacionfm.cl\/index.php?rest_route=\/wp\/v2\/posts\/3512\/revisions\/3514"}],"wp:attachment":[{"href":"https:\/\/radiorevelacionfm.cl\/index.php?rest_route=%2Fwp%2Fv2%2Fmedia&parent=3512"}],"wp:term":[{"taxonomy":"category","embeddable":true,"href":"https:\/\/radiorevelacionfm.cl\/index.php?rest_route=%2Fwp%2Fv2%2Fcategories&post=3512"},{"taxonomy":"post_tag","embeddable":true,"href":"https:\/\/radiorevelacionfm.cl\/index.php?rest_route=%2Fwp%2Fv2%2Ftags&post=3512"}],"curies":[{"name":"wp","href":"https:\/\/api.w.org\/{rel}","templated":true}]}}