{"id":35113,"date":"2023-09-19T20:11:28","date_gmt":"2023-09-19T23:11:28","guid":{"rendered":"https:\/\/radiorevelacionfm.cl\/?p=35113"},"modified":"2023-09-19T20:35:43","modified_gmt":"2023-09-19T23:35:43","slug":"un-joven-de-22-anos-fue-herido-de-gravedad-tras-ser-atacado-con-arma-blanca-en-cochrane","status":"publish","type":"post","link":"https:\/\/radiorevelacionfm.cl\/?p=35113","title":{"rendered":"Un joven de 22 a\u00f1os fue herido de gravedad tras ser atacado con arma blanca en Cochrane"},"content":{"rendered":"<div class=\"flex_column av_one_full  flex_column_div av-zero-column-padding first  avia-builder-el-0  el_before_av_one_full  avia-builder-el-first  \" style='border-radius:0px; '><div  class='avia-image-container  av-styling-    avia-builder-el-1  avia-builder-el-no-sibling  avia-align-center '  itemprop=\"image\" itemscope=\"itemscope\" itemtype=\"https:\/\/schema.org\/ImageObject\"  ><div class='avia-image-container-inner'><div class='avia-image-overlay-wrap'><img decoding=\"async\" class='wp-image-11257 avia-img-lazy-loading-not-11257 avia_image' src=\"https:\/\/radiorevelacionfm.cl\/wp-content\/uploads\/2021\/11\/cochrane1-2-1-1.jpg\" alt='' title='cochrane1 (2) (1) (1)' height=\"600\" width=\"1075\"  itemprop=\"thumbnailUrl\" srcset=\"https:\/\/radiorevelacionfm.cl\/wp-content\/uploads\/2021\/11\/cochrane1-2-1-1.jpg 1075w, https:\/\/radiorevelacionfm.cl\/wp-content\/uploads\/2021\/11\/cochrane1-2-1-1-300x167.jpg 300w, https:\/\/radiorevelacionfm.cl\/wp-content\/uploads\/2021\/11\/cochrane1-2-1-1-1030x575.jpg 1030w, https:\/\/radiorevelacionfm.cl\/wp-content\/uploads\/2021\/11\/cochrane1-2-1-1-768x429.jpg 768w, https:\/\/radiorevelacionfm.cl\/wp-content\/uploads\/2021\/11\/cochrane1-2-1-1-705x393.jpg 705w, https:\/\/radiorevelacionfm.cl\/wp-content\/uploads\/2021\/11\/cochrane1-2-1-1-600x335.jpg 600w\" sizes=\"(max-width: 1075px) 100vw, 1075px\" \/><\/div><\/div><\/div><\/div>\n<div class=\"flex_column av_one_full  flex_column_div av-zero-column-padding first  avia-builder-el-2  el_after_av_one_full  el_before_av_one_full  column-top-margin\" style='border-radius:0px; '><section class=\"av_textblock_section \"  itemscope=\"itemscope\" itemtype=\"https:\/\/schema.org\/BlogPosting\" itemprop=\"blogPost\" ><div class='avia_textblock  '   itemprop=\"text\" ><p style=\"text-align: center;\"><strong><span style=\"font-size: 18pt;\">Un joven de 22 a\u00f1os fue herido de gravedad tras ser atacado con arma blanca en Cochrane<\/span><\/strong><\/p>\n<div id=\"gtx-trans\" style=\"position: absolute; left: -50px; top: 4.31534px;\">\n<div class=\"gtx-trans-icon\"><\/div>\n<\/div>\n<\/div><\/section><\/div>\n<div class=\"flex_column av_one_full  flex_column_div av-zero-column-padding first  avia-builder-el-4  el_after_av_one_full  el_before_av_hr  column-top-margin\" style='border-radius:0px; '><section class=\"av_textblock_section \"  itemscope=\"itemscope\" itemtype=\"https:\/\/schema.org\/BlogPosting\" itemprop=\"blogPost\" ><div class='avia_textblock  '   itemprop=\"text\" ><p style=\"text-align: justify;\">En la localidad de Cochrane, mientras se desarrollan actividades de Fiestas Patrias, un lamentable hecho marc\u00f3 la jornada de este 19 de septiembre 2023, seg\u00fan antecedentes un joven de 22 a\u00f1os fue herido de gravedad en el Parque Costumbrista de dicha localidad, quien habr\u00eda sido atacado por otro sujeto con un arma blanca provoc\u00e1ndole una herida de gravedad en el pecho.<\/p>\n<p style=\"text-align: justify;\">Antecedentes entregados por el Fiscal, Jorge Carrasco \u201cLa victima se trata de un joven de 22 a\u00f1os de edad, quien se encontraba compartiendo con sus amigos en el Parque Costumbrista. De acuerdo a los hechos investigados, la v\u00edctima fue agredida por un sujeto de 29 a\u00f1os de edad, quien con un arma blanca le propin\u00f3 una estocada en el pecho. Afortunadamente la v\u00edctima fue socorrida oportunamente por funcionarios policiales y personal de salud, para posteriormente trasladarla al hospital de Cochrane y finalmente v\u00eda a\u00e9rea al hospital regional de Coyhaique, cuyo diagn\u00f3stico es reservado\u201d, preciso el Fiscal.<\/p>\n<p style=\"text-align: justify;\">El Fiscal, indic\u00f3 adem\u00e1s que, personal de Carabineros realiz\u00f3 las diligencias correspondientes que permitieron ubicar al autor de la agresi\u00f3n, quien fue puesto a disposici\u00f3n de los Tribunales. \u201cEn dicha audiencia, el Ministerio P\u00fablico formaliz\u00f3 al imputado por el delito de homicidio simple, en grado de desarrollo frustrado, adem\u00e1s, de solicitar la prisi\u00f3n preventiva, acogiendo el Tribunal la solicitud, por estimar acreditada la participaci\u00f3n y existencia del delito, as\u00ed como tambi\u00e9n, representar el imputado un peligro para la seguridad de la sociedad\u201d.<\/p>\n<p style=\"text-align: justify;\">En tanto, el plazo para la investigaci\u00f3n de este caso se fij\u00f3 en 90 d\u00edas.<\/p>\n<\/div><\/section><\/div><div  style='height:50px' class='hr hr-invisible   avia-builder-el-6  el_after_av_one_full  el_before_av_social_share '><span class='hr-inner ' ><span class='hr-inner-style'><\/span><\/span><\/div><\/p>\n<div  class='av-social-sharing-box  avia-builder-el-7  el_after_av_hr  el_before_av_hr  '><div class='av-share-box'><h5 class='av-share-link-description av-no-toc '>Compartir esta noticia<\/h5><ul class='av-share-box-list noLightbox'><li class='av-share-link av-social-link-facebook' ><a target=\"_blank\" aria-label=\"Compartir en Facebook\" href='https:\/\/www.facebook.com\/sharer.php?u=https:\/\/radiorevelacionfm.cl\/?p=35113&#038;t=Un%20joven%20de%2022%20a%C3%B1os%20fue%20herido%20de%20gravedad%20tras%20ser%20atacado%20con%20arma%20blanca%20en%20Cochrane' aria-hidden='false' data-av_icon='\ue8f3' data-av_iconfont='entypo-fontello' title='' data-avia-related-tooltip='Compartir en Facebook' rel=\"noopener\"><span class='avia_hidden_link_text'>Compartir en Facebook<\/span><\/a><\/li><li class='av-share-link av-social-link-twitter' ><a target=\"_blank\" aria-label=\"Compartir en Twitter\" href='https:\/\/twitter.com\/share?text=Un%20joven%20de%2022%20a%C3%B1os%20fue%20herido%20de%20gravedad%20tras%20ser%20atacado%20con%20arma%20blanca%20en%20Cochrane&#038;url=https:\/\/radiorevelacionfm.cl\/?p=35113' aria-hidden='false' data-av_icon='\ue8f1' data-av_iconfont='entypo-fontello' title='' data-avia-related-tooltip='Compartir en Twitter' rel=\"noopener\"><span class='avia_hidden_link_text'>Compartir en Twitter<\/span><\/a><\/li><li class='av-share-link av-social-link-whatsapp' ><a target=\"_blank\" aria-label=\"Compartir en Whatsapp\" href='https:\/\/api.whatsapp.com\/send?text=https:\/\/radiorevelacionfm.cl\/?p=35113' aria-hidden='false' data-av_icon='\uf232' data-av_iconfont='entypo-fontello' title='' data-avia-related-tooltip='Compartir en Whatsapp' rel=\"noopener\"><span class='avia_hidden_link_text'>Compartir en Whatsapp<\/span><\/a><\/li><li class='av-share-link av-social-link-linkedin' ><a target=\"_blank\" aria-label=\"Compartir en LinkedIn\" href='https:\/\/linkedin.com\/shareArticle?mini=true&#038;title=Un%20joven%20de%2022%20a%C3%B1os%20fue%20herido%20de%20gravedad%20tras%20ser%20atacado%20con%20arma%20blanca%20en%20Cochrane&#038;url=https:\/\/radiorevelacionfm.cl\/?p=35113' aria-hidden='false' data-av_icon='\ue8fc' data-av_iconfont='entypo-fontello' title='' data-avia-related-tooltip='Compartir en LinkedIn' rel=\"noopener\"><span class='avia_hidden_link_text'>Compartir en LinkedIn<\/span><\/a><\/li><li class='av-share-link av-social-link-mail' ><a  aria-label=\"Compartir por correo\" href='mailto:?subject=Un%20joven%20de%2022%20a%C3%B1os%20fue%20herido%20de%20gravedad%20tras%20ser%20atacado%20con%20arma%20blanca%20en%20Cochrane&#038;body=https:\/\/radiorevelacionfm.cl\/?p=35113' aria-hidden='false' data-av_icon='\ue805' data-av_iconfont='entypo-fontello' title='' data-avia-related-tooltip='Compartir por correo'><span class='avia_hidden_link_text'>Compartir por correo<\/span><\/a><\/li><\/ul><\/div><\/div>\n<div  style='height:50px' class='hr hr-invisible   avia-builder-el-8  el_after_av_social_share  el_before_av_comments_list '><span class='hr-inner ' ><span class='hr-inner-style'><\/span><\/span><\/div>\n<div  class='av-buildercomment  av-blog-meta-html-info-disabled av-blog-meta-tag-disabled  '><\/div>\n","protected":false},"excerpt":{"rendered":"","protected":false},"author":1,"featured_media":11257,"comment_status":"open","ping_status":"open","sticky":false,"template":"","format":"standard","meta":{"footnotes":""},"categories":[36],"tags":[],"class_list":["post-35113","post","type-post","status-publish","format-standard","has-post-thumbnail","hentry","category-policial"],"jetpack_featured_media_url":"https:\/\/radiorevelacionfm.cl\/wp-content\/uploads\/2021\/11\/cochrane1-2-1-1.jpg","_links":{"self":[{"href":"https:\/\/radiorevelacionfm.cl\/index.php?rest_route=\/wp\/v2\/posts\/35113","targetHints":{"allow":["GET"]}}],"collection":[{"href":"https:\/\/radiorevelacionfm.cl\/index.php?rest_route=\/wp\/v2\/posts"}],"about":[{"href":"https:\/\/radiorevelacionfm.cl\/index.php?rest_route=\/wp\/v2\/types\/post"}],"author":[{"embeddable":true,"href":"https:\/\/radiorevelacionfm.cl\/index.php?rest_route=\/wp\/v2\/users\/1"}],"replies":[{"embeddable":true,"href":"https:\/\/radiorevelacionfm.cl\/index.php?rest_route=%2Fwp%2Fv2%2Fcomments&post=35113"}],"version-history":[{"count":2,"href":"https:\/\/radiorevelacionfm.cl\/index.php?rest_route=\/wp\/v2\/posts\/35113\/revisions"}],"predecessor-version":[{"id":35115,"href":"https:\/\/radiorevelacionfm.cl\/index.php?rest_route=\/wp\/v2\/posts\/35113\/revisions\/35115"}],"wp:featuredmedia":[{"embeddable":true,"href":"https:\/\/radiorevelacionfm.cl\/index.php?rest_route=\/wp\/v2\/media\/11257"}],"wp:attachment":[{"href":"https:\/\/radiorevelacionfm.cl\/index.php?rest_route=%2Fwp%2Fv2%2Fmedia&parent=35113"}],"wp:term":[{"taxonomy":"category","embeddable":true,"href":"https:\/\/radiorevelacionfm.cl\/index.php?rest_route=%2Fwp%2Fv2%2Fcategories&post=35113"},{"taxonomy":"post_tag","embeddable":true,"href":"https:\/\/radiorevelacionfm.cl\/index.php?rest_route=%2Fwp%2Fv2%2Ftags&post=35113"}],"curies":[{"name":"wp","href":"https:\/\/api.w.org\/{rel}","templated":true}]}}