{"id":35110,"date":"2023-09-19T20:37:57","date_gmt":"2023-09-19T23:37:57","guid":{"rendered":"https:\/\/radiorevelacionfm.cl\/?p=35110"},"modified":"2023-09-19T20:37:57","modified_gmt":"2023-09-19T23:37:57","slug":"realizan-lanzamiento-del-programa-biblioteca-migrante-en-la-region-de-aysen","status":"publish","type":"post","link":"https:\/\/radiorevelacionfm.cl\/?p=35110","title":{"rendered":"Realizan lanzamiento del Programa \u201cBiblioteca Migrante\u201d en la regi\u00f3n de Ays\u00e9n"},"content":{"rendered":"<div class=\"flex_column av_one_full  flex_column_div av-zero-column-padding first  avia-builder-el-0  el_before_av_one_full  avia-builder-el-first  \" style='border-radius:0px; '><div  class='avia-image-container  av-styling-    avia-builder-el-1  avia-builder-el-no-sibling  avia-align-center '  itemprop=\"image\" itemscope=\"itemscope\" itemtype=\"https:\/\/schema.org\/ImageObject\"  ><div class='avia-image-container-inner'><div class='avia-image-overlay-wrap'><img decoding=\"async\" class='wp-image-35111 avia-img-lazy-loading-not-35111 avia_image' src=\"https:\/\/radiorevelacionfm.cl\/wp-content\/uploads\/2023\/09\/378807854_828861639160127_63397102245095923_n-1-1.jpg\" alt='' title='378807854_828861639160127_63397102245095923_n (1) (1)' height=\"600\" width=\"817\"  itemprop=\"thumbnailUrl\" srcset=\"https:\/\/radiorevelacionfm.cl\/wp-content\/uploads\/2023\/09\/378807854_828861639160127_63397102245095923_n-1-1.jpg 817w, https:\/\/radiorevelacionfm.cl\/wp-content\/uploads\/2023\/09\/378807854_828861639160127_63397102245095923_n-1-1-300x220.jpg 300w, https:\/\/radiorevelacionfm.cl\/wp-content\/uploads\/2023\/09\/378807854_828861639160127_63397102245095923_n-1-1-768x564.jpg 768w, https:\/\/radiorevelacionfm.cl\/wp-content\/uploads\/2023\/09\/378807854_828861639160127_63397102245095923_n-1-1-705x518.jpg 705w, https:\/\/radiorevelacionfm.cl\/wp-content\/uploads\/2023\/09\/378807854_828861639160127_63397102245095923_n-1-1-450x330.jpg 450w, https:\/\/radiorevelacionfm.cl\/wp-content\/uploads\/2023\/09\/378807854_828861639160127_63397102245095923_n-1-1-600x441.jpg 600w\" sizes=\"(max-width: 817px) 100vw, 817px\" \/><\/div><\/div><\/div><\/div><div class=\"flex_column av_one_full  flex_column_div av-zero-column-padding first  avia-builder-el-2  el_after_av_one_full  el_before_av_one_full  column-top-margin\" style='border-radius:0px; '><section class=\"av_textblock_section \"  itemscope=\"itemscope\" itemtype=\"https:\/\/schema.org\/BlogPosting\" itemprop=\"blogPost\" ><div class='avia_textblock  '   itemprop=\"text\" ><p style=\"text-align: center;\"><strong><span style=\"font-size: 18pt;\">Realizan lanzamiento del Programa \u201cBiblioteca Migrante\u201d en la regi\u00f3n de Ays\u00e9n<\/span><\/strong><\/p>\n<div id=\"gtx-trans\" style=\"position: absolute; left: -50px; top: 4.31534px;\">\n<div class=\"gtx-trans-icon\"><\/div>\n<\/div>\n<\/div><\/section><\/div><div class=\"flex_column av_one_full  flex_column_div av-zero-column-padding first  avia-builder-el-4  el_after_av_one_full  el_before_av_hr  column-top-margin\" style='border-radius:0px; '><section class=\"av_textblock_section \"  itemscope=\"itemscope\" itemtype=\"https:\/\/schema.org\/BlogPosting\" itemprop=\"blogPost\" ><div class='avia_textblock  '   itemprop=\"text\" ><p style=\"font-weight: 400; text-align: justify;\">En Coyhaique en el jard\u00edn infantil \u201cMi Peque\u00f1a Estancia\u201d se desarroll\u00f3 el lanzamiento del Programa \u201cBiblioteca Migrante\u201d para el nivel de Educaci\u00f3n Parvularia, como una herramienta para desarrollar y fortalecer pr\u00e1cticas pedag\u00f3gicas inclusivas que permitan y resguarden el acceso y la participaci\u00f3n de todos los ni\u00f1os y ni\u00f1as, valorando con ello su diversidad cultural y la de sus familias (nacionales y extranjeras).<\/p>\n<p style=\"font-weight: 400; text-align: justify;\">\u201cEl programa de biblioteca migrante transmite, capacita a educadoras de nivel parvulario en estrategias distintas, did\u00e1cticas, para poder implementar las bases curriculares con un enfoque de inclusi\u00f3n y de apreciar la diversidad que convive en el pa\u00eds y en la regi\u00f3n. Este programa se engarza con el plan de reactivaci\u00f3n educativa, con el prop\u00f3sito de ir reforzando este cierre de brechas de aprendizaje, aportando estrategias a educadoras para incentivar el goce por la lectura desde la primera infancia\u201d se\u00f1al\u00f3 Isabel Garrido Casassa, Seremi de Educaci\u00f3n.<\/p>\n<p style=\"font-weight: 400; text-align: justify;\">El programa se basa en la inclusi\u00f3n, el reconocimiento y la valoraci\u00f3n de la diversidad cultural presentes en las comunidades educativas. En este mismo sentido el director regional de Junji Ays\u00e9n, Juan Eduardo Lorca coment\u00f3 respecto de lo positivo de esta iniciativa: \u201cComo Junji en la regi\u00f3n de Ays\u00e9n estamos tremendamente felices de poder trabajar con Biblioteca Migrante, como un programa que va a entregar nuevas estrategias a nuestras educadoras, t\u00e9cnicas y t\u00e9cnicos, para favorecer la integraci\u00f3n de nuestros ni\u00f1os y ni\u00f1as. En ese sentido, consideramos que es sumamente importante poder trabajar desde la primera infancia, para que puedan integrar, conocer y tambi\u00e9n comprender que las diferencias son parte importante de cada una de las personas. Entender como la cultura latinoamericana y en general, nos permite generar mayores lazos, convivencia\u201d.<\/p>\n<p style=\"font-weight: 400; text-align: justify;\">Este programa est\u00e1 dise\u00f1ado con base en elementos claves que aportan riqueza a las experiencias pedag\u00f3gicas, uno de ellos es la oralidad y la lectura como herramientas claves para construir representaciones que valoren la diversidad cultural de cada ni\u00f1o, ni\u00f1a y sus familias. Para ello se han proyectado diversas estrategias, en las que la lectura y la conversaci\u00f3n de cuentos, poes\u00edas y otros tipos de textos son la principal estrategia invitando a ni\u00f1os y ni\u00f1as a dialogar a partir de preguntas mediadas por el equipo pedag\u00f3gico para incentivar la observaci\u00f3n, reflexi\u00f3n y conexi\u00f3n con sus experiencias personales.<\/p>\n<p style=\"font-weight: 400; text-align: justify;\">Esta iniciativa de Mineduc y la Subsecretar\u00eda de Educaci\u00f3n Parvularia ha tenido muy buena acogida por parte de los equipos, as\u00ed lo manifiesta Marcela Noches Amthauer, educadora de Fundaci\u00f3n Integra: \u201cFue una invitaci\u00f3n especial, a nivel personal y como profesional de la educaci\u00f3n parvularia. De manera muy personal tengo un v\u00ednculo estrecho con la literatura desde peque\u00f1a, a trav\u00e9s de la motivaci\u00f3n que me dio mi mam\u00e1 por el goce por la lectura, y eso mismo se ha visto enriquecido con este programa y capacitaci\u00f3n donde me invitaron a participar con mis otros colegas de Junji. Me planteo un desaf\u00edo de manera profesional para poder motivar a mis colegas y a mi equipo educativo, a que incentiven en ni\u00f1os y ni\u00f1as el goce por la lectura\u201d se\u00f1al\u00f3.<\/p>\n<\/div><\/section><\/div><div  style='height:50px' class='hr hr-invisible   avia-builder-el-6  el_after_av_one_full  el_before_av_social_share '><span class='hr-inner ' ><span class='hr-inner-style'><\/span><\/span><\/div><\/p>\n<div  class='av-social-sharing-box  avia-builder-el-7  el_after_av_hr  el_before_av_hr  '><div class='av-share-box'><h5 class='av-share-link-description av-no-toc '>Compartir esta noticia<\/h5><ul class='av-share-box-list noLightbox'><li class='av-share-link av-social-link-facebook' ><a target=\"_blank\" aria-label=\"Compartir en Facebook\" href='https:\/\/www.facebook.com\/sharer.php?u=https:\/\/radiorevelacionfm.cl\/?p=35110&#038;t=Realizan%20lanzamiento%20del%20Programa%20%E2%80%9CBiblioteca%20Migrante%E2%80%9D%20en%20la%20regi%C3%B3n%20de%20Ays%C3%A9n' aria-hidden='false' data-av_icon='\ue8f3' data-av_iconfont='entypo-fontello' title='' data-avia-related-tooltip='Compartir en Facebook' rel=\"noopener\"><span class='avia_hidden_link_text'>Compartir en Facebook<\/span><\/a><\/li><li class='av-share-link av-social-link-twitter' ><a target=\"_blank\" aria-label=\"Compartir en Twitter\" href='https:\/\/twitter.com\/share?text=Realizan%20lanzamiento%20del%20Programa%20%E2%80%9CBiblioteca%20Migrante%E2%80%9D%20en%20la%20regi%C3%B3n%20de%20Ays%C3%A9n&#038;url=https:\/\/radiorevelacionfm.cl\/?p=35110' aria-hidden='false' data-av_icon='\ue8f1' data-av_iconfont='entypo-fontello' title='' data-avia-related-tooltip='Compartir en Twitter' rel=\"noopener\"><span class='avia_hidden_link_text'>Compartir en Twitter<\/span><\/a><\/li><li class='av-share-link av-social-link-whatsapp' ><a target=\"_blank\" aria-label=\"Compartir en Whatsapp\" href='https:\/\/api.whatsapp.com\/send?text=https:\/\/radiorevelacionfm.cl\/?p=35110' aria-hidden='false' data-av_icon='\uf232' data-av_iconfont='entypo-fontello' title='' data-avia-related-tooltip='Compartir en Whatsapp' rel=\"noopener\"><span class='avia_hidden_link_text'>Compartir en Whatsapp<\/span><\/a><\/li><li class='av-share-link av-social-link-linkedin' ><a target=\"_blank\" aria-label=\"Compartir en LinkedIn\" href='https:\/\/linkedin.com\/shareArticle?mini=true&#038;title=Realizan%20lanzamiento%20del%20Programa%20%E2%80%9CBiblioteca%20Migrante%E2%80%9D%20en%20la%20regi%C3%B3n%20de%20Ays%C3%A9n&#038;url=https:\/\/radiorevelacionfm.cl\/?p=35110' aria-hidden='false' data-av_icon='\ue8fc' data-av_iconfont='entypo-fontello' title='' data-avia-related-tooltip='Compartir en LinkedIn' rel=\"noopener\"><span class='avia_hidden_link_text'>Compartir en LinkedIn<\/span><\/a><\/li><li class='av-share-link av-social-link-mail' ><a  aria-label=\"Compartir por correo\" href='mailto:?subject=Realizan%20lanzamiento%20del%20Programa%20%E2%80%9CBiblioteca%20Migrante%E2%80%9D%20en%20la%20regi%C3%B3n%20de%20Ays%C3%A9n&#038;body=https:\/\/radiorevelacionfm.cl\/?p=35110' aria-hidden='false' data-av_icon='\ue805' data-av_iconfont='entypo-fontello' title='' data-avia-related-tooltip='Compartir por correo'><span class='avia_hidden_link_text'>Compartir por correo<\/span><\/a><\/li><\/ul><\/div><\/div>\n<div  style='height:50px' class='hr hr-invisible   avia-builder-el-8  el_after_av_social_share  el_before_av_comments_list '><span class='hr-inner ' ><span class='hr-inner-style'><\/span><\/span><\/div>\n<div  class='av-buildercomment  av-blog-meta-html-info-disabled av-blog-meta-tag-disabled  '><\/div>\n","protected":false},"excerpt":{"rendered":"","protected":false},"author":1,"featured_media":35111,"comment_status":"open","ping_status":"open","sticky":false,"template":"","format":"standard","meta":{"footnotes":""},"categories":[49],"tags":[],"class_list":["post-35110","post","type-post","status-publish","format-standard","has-post-thumbnail","hentry","category-educacion"],"jetpack_featured_media_url":"https:\/\/radiorevelacionfm.cl\/wp-content\/uploads\/2023\/09\/378807854_828861639160127_63397102245095923_n-1-1.jpg","_links":{"self":[{"href":"https:\/\/radiorevelacionfm.cl\/index.php?rest_route=\/wp\/v2\/posts\/35110","targetHints":{"allow":["GET"]}}],"collection":[{"href":"https:\/\/radiorevelacionfm.cl\/index.php?rest_route=\/wp\/v2\/posts"}],"about":[{"href":"https:\/\/radiorevelacionfm.cl\/index.php?rest_route=\/wp\/v2\/types\/post"}],"author":[{"embeddable":true,"href":"https:\/\/radiorevelacionfm.cl\/index.php?rest_route=\/wp\/v2\/users\/1"}],"replies":[{"embeddable":true,"href":"https:\/\/radiorevelacionfm.cl\/index.php?rest_route=%2Fwp%2Fv2%2Fcomments&post=35110"}],"version-history":[{"count":1,"href":"https:\/\/radiorevelacionfm.cl\/index.php?rest_route=\/wp\/v2\/posts\/35110\/revisions"}],"predecessor-version":[{"id":35112,"href":"https:\/\/radiorevelacionfm.cl\/index.php?rest_route=\/wp\/v2\/posts\/35110\/revisions\/35112"}],"wp:featuredmedia":[{"embeddable":true,"href":"https:\/\/radiorevelacionfm.cl\/index.php?rest_route=\/wp\/v2\/media\/35111"}],"wp:attachment":[{"href":"https:\/\/radiorevelacionfm.cl\/index.php?rest_route=%2Fwp%2Fv2%2Fmedia&parent=35110"}],"wp:term":[{"taxonomy":"category","embeddable":true,"href":"https:\/\/radiorevelacionfm.cl\/index.php?rest_route=%2Fwp%2Fv2%2Fcategories&post=35110"},{"taxonomy":"post_tag","embeddable":true,"href":"https:\/\/radiorevelacionfm.cl\/index.php?rest_route=%2Fwp%2Fv2%2Ftags&post=35110"}],"curies":[{"name":"wp","href":"https:\/\/api.w.org\/{rel}","templated":true}]}}