{"id":35107,"date":"2023-09-20T10:27:11","date_gmt":"2023-09-20T13:27:11","guid":{"rendered":"https:\/\/radiorevelacionfm.cl\/?p=35107"},"modified":"2023-09-20T10:27:11","modified_gmt":"2023-09-20T13:27:11","slug":"proyecciones-y-perspectiva-del-rubro-marcan-encuentro-tras-evento-nacional-apimondia-2023","status":"publish","type":"post","link":"https:\/\/radiorevelacionfm.cl\/?p=35107","title":{"rendered":"Proyecciones y perspectiva del rubro marcan encuentro tras evento nacional Apimondia 2023"},"content":{"rendered":"<div class=\"flex_column av_one_full  flex_column_div av-zero-column-padding first  avia-builder-el-0  el_before_av_one_full  avia-builder-el-first  \" style='border-radius:0px; '><div  class='avia-image-container  av-styling-    avia-builder-el-1  avia-builder-el-no-sibling  avia-align-center '  itemprop=\"image\" itemscope=\"itemscope\" itemtype=\"https:\/\/schema.org\/ImageObject\"  ><div class='avia-image-container-inner'><div class='avia-image-overlay-wrap'><img decoding=\"async\" class='wp-image-35108 avia-img-lazy-loading-not-35108 avia_image' src=\"https:\/\/radiorevelacionfm.cl\/wp-content\/uploads\/2023\/09\/whatsapp-image-2023-09-15-at-16_optimized.27.14-1-1.jpeg\" alt='' title='whatsapp-image-2023-09-15-at-16_optimized.27.14-(1) (1)' height=\"600\" width=\"1049\"  itemprop=\"thumbnailUrl\" srcset=\"https:\/\/radiorevelacionfm.cl\/wp-content\/uploads\/2023\/09\/whatsapp-image-2023-09-15-at-16_optimized.27.14-1-1.jpeg 1049w, https:\/\/radiorevelacionfm.cl\/wp-content\/uploads\/2023\/09\/whatsapp-image-2023-09-15-at-16_optimized.27.14-1-1-300x172.jpeg 300w, https:\/\/radiorevelacionfm.cl\/wp-content\/uploads\/2023\/09\/whatsapp-image-2023-09-15-at-16_optimized.27.14-1-1-1030x589.jpeg 1030w, https:\/\/radiorevelacionfm.cl\/wp-content\/uploads\/2023\/09\/whatsapp-image-2023-09-15-at-16_optimized.27.14-1-1-768x439.jpeg 768w, https:\/\/radiorevelacionfm.cl\/wp-content\/uploads\/2023\/09\/whatsapp-image-2023-09-15-at-16_optimized.27.14-1-1-705x403.jpeg 705w, https:\/\/radiorevelacionfm.cl\/wp-content\/uploads\/2023\/09\/whatsapp-image-2023-09-15-at-16_optimized.27.14-1-1-450x257.jpeg 450w, https:\/\/radiorevelacionfm.cl\/wp-content\/uploads\/2023\/09\/whatsapp-image-2023-09-15-at-16_optimized.27.14-1-1-600x343.jpeg 600w\" sizes=\"(max-width: 1049px) 100vw, 1049px\" \/><\/div><\/div><\/div><\/div><div class=\"flex_column av_one_full  flex_column_div av-zero-column-padding first  avia-builder-el-2  el_after_av_one_full  el_before_av_one_full  column-top-margin\" style='border-radius:0px; '><section class=\"av_textblock_section \"  itemscope=\"itemscope\" itemtype=\"https:\/\/schema.org\/BlogPosting\" itemprop=\"blogPost\" ><div class='avia_textblock  '   itemprop=\"text\" ><p style=\"text-align: center;\"><span style=\"font-size: 18pt;\"><b><span class=\"v1ContentPasted0\">Proyecciones y perspectiva del rubro marcan encuentro tras evento nacional Apimondia 2023\u00a0<\/span><\/b><\/span><\/p>\n<div id=\"gtx-trans\" style=\"position: absolute; left: -50px; top: 4.31534px;\">\n<div class=\"gtx-trans-icon\"><\/div>\n<\/div>\n<\/div><\/section><\/div><div class=\"flex_column av_one_full  flex_column_div av-zero-column-padding first  avia-builder-el-4  el_after_av_one_full  el_before_av_hr  column-top-margin\" style='border-radius:0px; '><section class=\"av_textblock_section \"  itemscope=\"itemscope\" itemtype=\"https:\/\/schema.org\/BlogPosting\" itemprop=\"blogPost\" ><div class='avia_textblock  '   itemprop=\"text\" ><p class=\"v1MsoNormal\" style=\"text-align: justify;\"><span class=\"v1ContentPasted0\">Intercambiar experiencias relacionadas con la participaci\u00f3n en el 48\u00b0 Congreso Apimondia Chile 2023, as\u00ed como continuar profundizando en el conocimiento en torno al rubro de la apicultura, fue el objetivo del seminario realizado este jueves en Coyhaique. El encuentro, organizado por la Red Ap\u00edcola Nacional en conjunto con el Ministerio de Agricultura, estuvo enfocado en dar cuenta de las diversas actividades realizadas en el marco de este evento que reuni\u00f3 en Santiago a m\u00e1s de 7.000 representantes de todo el mundo, quienes bajo el lema \u00abDesde el Sur del Mundo por una Apicultura Sostenible,\u00bb dieron vida a esta nueva versi\u00f3n de Apimondia.\u00a0<\/span><\/p>\n<p class=\"v1MsoNormal\" style=\"text-align: justify;\"><span class=\"v1ContentPasted0\">\u00abDesde el Ministerio de Agricultura, a trav\u00e9s de la Mesa Ap\u00edcola, donde est\u00e1n incluidos cada uno de los servicios: INDAP, SAG, INFOR y FIA, hemos destacado la apicultura a nivel regional. Por eso es tan importante conocer la experiencia de la delegaci\u00f3n que ha estado en este Congreso Internacional, donde pudieron ver experiencias, conocer modelos y ver otras formas de producci\u00f3n y as\u00ed poder transmitirlo en nuestra regi\u00f3n a los apicultores,\u00bb se\u00f1al\u00f3 el Seremi de Agricultura, Alan Espinoza Ortiz.\u00a0<\/span><\/p>\n<p class=\"v1MsoNormal\" style=\"text-align: justify;\"><span class=\"v1ContentPasted0\">\u00abLo primero fue difundir lo que fue el evento; las dos \u00faltimas charlas justamente apuntan a eso,\u00bb sostuvo Camilo Ruiz Ruiz, representante de la organizaci\u00f3n de productores, quien destac\u00f3 que esta instancia apunta a abordar \u00abla sostenibilidad del rubro ap\u00edcola. Y es lo que nosotros tratamos de sembrar y compartir con autoridades y colegas. Buscar que la apicultura sea sostenible, con igualdad de g\u00e9nero y bien desarrollada en los diferentes territorios,\u00bb sostuvo.\u00a0<\/span><\/p>\n<p class=\"v1MsoNormal\" style=\"text-align: justify;\"><span class=\"v1ContentPasted0\">Sebasti\u00e1n Fritsch Schwarzenberg, apicultor participante en el evento realizado entre el 4 y el 8 de septiembre en Santiago, relat\u00f3 la importancia de este encuentro para el futuro del rubro en Ays\u00e9n.\u00a0<\/span><\/p>\n<p class=\"v1MsoNormal\" style=\"text-align: justify;\"><span class=\"v1ContentPasted0\">\u00abLo que se est\u00e1 haciendo va en la direcci\u00f3n correcta. Y eso se reafirma con esta visita a Santiago, a Apimondia. Conocer qu\u00e9 es lo que se est\u00e1 haciendo en pa\u00edses productores importantes; Turqu\u00eda, Nueva Zelanda. Ese es el camino, agregar valor, diferenciarse, mantener la calidad, certificar el origen. Y eso es lo que estamos haciendo aqu\u00ed, junto con la autoridad y las instituciones p\u00fablicas,\u00bb se\u00f1al\u00f3.\u00a0<\/span><\/p>\n<p class=\"v1MsoNormal\" style=\"text-align: justify;\"><span class=\"v1ContentPasted0\">Destacar que la participaci\u00f3n de los productores regionales se gestion\u00f3 a trav\u00e9s de la Fundaci\u00f3n para la Innovaci\u00f3n Agraria(FIA), que apoy\u00f3 la gira de apicultores de zonas extremas, permitiendo la participaci\u00f3n de 15 apicultores, de los cuales 6 son de Ays\u00e9n.\u00a0<\/span><\/p>\n<p class=\"v1MsoNormal\" style=\"text-align: justify;\"><span class=\"v1ContentPasted0\">\u00abHa habido m\u00faltiples iniciativas, pero hoy en d\u00eda nos hemos dado cuenta de que la asociatividad genera relevancia. Por ende, productores de zonas extremas, tanto del norte grande de nuestro pa\u00eds como de Isla de Pascua y nuestra Regi\u00f3n de Ays\u00e9n, han participado en una gira a este Mundial de la Apicultura en su 48\u00b0 versi\u00f3n,\u00bb se\u00f1al\u00f3 Deysi Rubilar Vel\u00e1squez, representante de FIA en Ays\u00e9n.\u00a0<\/span><\/p>\n<p class=\"v1MsoNormal\" style=\"text-align: justify;\"><span class=\"v1ContentPasted0\">En la regi\u00f3n Ays\u00e9n, el Instituto Nacional Forestal, Sede Patagonia, con el apoyo FIA, realiz\u00f3 un estudio de caracterizaci\u00f3n y diferenciaci\u00f3n de la miel, el cual arroj\u00f3, entre otros resultados, que la apicultura est\u00e1 constituida por 100 apicultores\/as y 1.822 colmenas. En una actividad realizada de manera equitativa en cuanto a g\u00e9nero, con un 51% de apicultores masculinos y un 49% de apicultoras femeninas.\u00a0<\/span><\/p>\n<p class=\"v1MsoNormal\" style=\"text-align: justify;\"><span class=\"v1ContentPasted0\">Adem\u00e1s, entre estos resultados se obtuvo que las comunas con mayor cantidad de apicultores\/as son Cisnes y Chile Chico, cada una con un 33% de participaci\u00f3n.\u00a0<\/span><\/p>\n<p class=\"v1MsoNormal\" style=\"text-align: justify;\"><span class=\"v1ContentPasted0\">Por \u00faltimo, el estudio resalt\u00f3 las condiciones regionales, como ambientes libres de pesticidas, contaminantes, transg\u00e9nicos y la enfermedad \u00abLoque americana\u00bb, que hacen propicio un potencial de crecimiento del rubro.\u00a0<\/span><\/p>\n<\/div><\/section><\/div><div  style='height:50px' class='hr hr-invisible   avia-builder-el-6  el_after_av_one_full  el_before_av_social_share '><span class='hr-inner ' ><span class='hr-inner-style'><\/span><\/span><\/div><\/p>\n<div  class='av-social-sharing-box  avia-builder-el-7  el_after_av_hr  el_before_av_hr  '><div class='av-share-box'><h5 class='av-share-link-description av-no-toc '>Compartir esta noticia<\/h5><ul class='av-share-box-list noLightbox'><li class='av-share-link av-social-link-facebook' ><a target=\"_blank\" aria-label=\"Compartir en Facebook\" href='https:\/\/www.facebook.com\/sharer.php?u=https:\/\/radiorevelacionfm.cl\/?p=35107&#038;t=Proyecciones%20y%20perspectiva%20del%20rubro%20marcan%20encuentro%20tras%20evento%20nacional%20Apimondia%202023' aria-hidden='false' data-av_icon='\ue8f3' data-av_iconfont='entypo-fontello' title='' data-avia-related-tooltip='Compartir en Facebook' rel=\"noopener\"><span class='avia_hidden_link_text'>Compartir en Facebook<\/span><\/a><\/li><li class='av-share-link av-social-link-twitter' ><a target=\"_blank\" aria-label=\"Compartir en Twitter\" href='https:\/\/twitter.com\/share?text=Proyecciones%20y%20perspectiva%20del%20rubro%20marcan%20encuentro%20tras%20evento%20nacional%20Apimondia%202023&#038;url=https:\/\/radiorevelacionfm.cl\/?p=35107' aria-hidden='false' data-av_icon='\ue8f1' data-av_iconfont='entypo-fontello' title='' data-avia-related-tooltip='Compartir en Twitter' rel=\"noopener\"><span class='avia_hidden_link_text'>Compartir en Twitter<\/span><\/a><\/li><li class='av-share-link av-social-link-whatsapp' ><a target=\"_blank\" aria-label=\"Compartir en Whatsapp\" href='https:\/\/api.whatsapp.com\/send?text=https:\/\/radiorevelacionfm.cl\/?p=35107' aria-hidden='false' data-av_icon='\uf232' data-av_iconfont='entypo-fontello' title='' data-avia-related-tooltip='Compartir en Whatsapp' rel=\"noopener\"><span class='avia_hidden_link_text'>Compartir en Whatsapp<\/span><\/a><\/li><li class='av-share-link av-social-link-linkedin' ><a target=\"_blank\" aria-label=\"Compartir en LinkedIn\" href='https:\/\/linkedin.com\/shareArticle?mini=true&#038;title=Proyecciones%20y%20perspectiva%20del%20rubro%20marcan%20encuentro%20tras%20evento%20nacional%20Apimondia%202023&#038;url=https:\/\/radiorevelacionfm.cl\/?p=35107' aria-hidden='false' data-av_icon='\ue8fc' data-av_iconfont='entypo-fontello' title='' data-avia-related-tooltip='Compartir en LinkedIn' rel=\"noopener\"><span class='avia_hidden_link_text'>Compartir en LinkedIn<\/span><\/a><\/li><li class='av-share-link av-social-link-mail' ><a  aria-label=\"Compartir por correo\" href='mailto:?subject=Proyecciones%20y%20perspectiva%20del%20rubro%20marcan%20encuentro%20tras%20evento%20nacional%20Apimondia%202023&#038;body=https:\/\/radiorevelacionfm.cl\/?p=35107' aria-hidden='false' data-av_icon='\ue805' data-av_iconfont='entypo-fontello' title='' data-avia-related-tooltip='Compartir por correo'><span class='avia_hidden_link_text'>Compartir por correo<\/span><\/a><\/li><\/ul><\/div><\/div>\n<div  style='height:50px' class='hr hr-invisible   avia-builder-el-8  el_after_av_social_share  el_before_av_comments_list '><span class='hr-inner ' ><span class='hr-inner-style'><\/span><\/span><\/div>\n<div  class='av-buildercomment  av-blog-meta-html-info-disabled av-blog-meta-tag-disabled  '><\/div>\n","protected":false},"excerpt":{"rendered":"","protected":false},"author":1,"featured_media":35108,"comment_status":"open","ping_status":"open","sticky":false,"template":"","format":"standard","meta":{"footnotes":""},"categories":[58],"tags":[],"class_list":["post-35107","post","type-post","status-publish","format-standard","has-post-thumbnail","hentry","category-agricultura"],"jetpack_featured_media_url":"https:\/\/radiorevelacionfm.cl\/wp-content\/uploads\/2023\/09\/whatsapp-image-2023-09-15-at-16_optimized.27.14-1-1.jpeg","_links":{"self":[{"href":"https:\/\/radiorevelacionfm.cl\/index.php?rest_route=\/wp\/v2\/posts\/35107","targetHints":{"allow":["GET"]}}],"collection":[{"href":"https:\/\/radiorevelacionfm.cl\/index.php?rest_route=\/wp\/v2\/posts"}],"about":[{"href":"https:\/\/radiorevelacionfm.cl\/index.php?rest_route=\/wp\/v2\/types\/post"}],"author":[{"embeddable":true,"href":"https:\/\/radiorevelacionfm.cl\/index.php?rest_route=\/wp\/v2\/users\/1"}],"replies":[{"embeddable":true,"href":"https:\/\/radiorevelacionfm.cl\/index.php?rest_route=%2Fwp%2Fv2%2Fcomments&post=35107"}],"version-history":[{"count":1,"href":"https:\/\/radiorevelacionfm.cl\/index.php?rest_route=\/wp\/v2\/posts\/35107\/revisions"}],"predecessor-version":[{"id":35109,"href":"https:\/\/radiorevelacionfm.cl\/index.php?rest_route=\/wp\/v2\/posts\/35107\/revisions\/35109"}],"wp:featuredmedia":[{"embeddable":true,"href":"https:\/\/radiorevelacionfm.cl\/index.php?rest_route=\/wp\/v2\/media\/35108"}],"wp:attachment":[{"href":"https:\/\/radiorevelacionfm.cl\/index.php?rest_route=%2Fwp%2Fv2%2Fmedia&parent=35107"}],"wp:term":[{"taxonomy":"category","embeddable":true,"href":"https:\/\/radiorevelacionfm.cl\/index.php?rest_route=%2Fwp%2Fv2%2Fcategories&post=35107"},{"taxonomy":"post_tag","embeddable":true,"href":"https:\/\/radiorevelacionfm.cl\/index.php?rest_route=%2Fwp%2Fv2%2Ftags&post=35107"}],"curies":[{"name":"wp","href":"https:\/\/api.w.org\/{rel}","templated":true}]}}