{"id":35104,"date":"2023-09-19T18:15:00","date_gmt":"2023-09-19T21:15:00","guid":{"rendered":"https:\/\/radiorevelacionfm.cl\/?p=35104"},"modified":"2023-09-19T18:15:00","modified_gmt":"2023-09-19T21:15:00","slug":"carabineros-detuvo-a-dos-sujetos-por-hurto-y-porte-de-arma-de-fuego-en-ramadas-en-parque-urbano-de-coyhaique","status":"publish","type":"post","link":"https:\/\/radiorevelacionfm.cl\/?p=35104","title":{"rendered":"Carabineros detuvo a dos sujetos por hurto y porte de arma de fuego en ramadas en Parque Urbano de Coyhaique"},"content":{"rendered":"<div class=\"flex_column av_one_full  flex_column_div av-zero-column-padding first  avia-builder-el-0  el_before_av_one_full  avia-builder-el-first  \" style='border-radius:0px; '><div  class='avia-image-container  av-styling-    avia-builder-el-1  avia-builder-el-no-sibling  avia-align-center '  itemprop=\"image\" itemscope=\"itemscope\" itemtype=\"https:\/\/schema.org\/ImageObject\"  ><div class='avia-image-container-inner'><div class='avia-image-overlay-wrap'><img decoding=\"async\" class='wp-image-35105 avia-img-lazy-loading-not-35105 avia_image' src=\"https:\/\/radiorevelacionfm.cl\/wp-content\/uploads\/2023\/09\/e19ea85e-527d-4c09-8099-2e85ed2f8bfc-1-1.jpg\" alt='' title='e19ea85e-527d-4c09-8099-2e85ed2f8bfc (1) (1)' height=\"600\" width=\"784\"  itemprop=\"thumbnailUrl\" srcset=\"https:\/\/radiorevelacionfm.cl\/wp-content\/uploads\/2023\/09\/e19ea85e-527d-4c09-8099-2e85ed2f8bfc-1-1.jpg 784w, https:\/\/radiorevelacionfm.cl\/wp-content\/uploads\/2023\/09\/e19ea85e-527d-4c09-8099-2e85ed2f8bfc-1-1-300x230.jpg 300w, https:\/\/radiorevelacionfm.cl\/wp-content\/uploads\/2023\/09\/e19ea85e-527d-4c09-8099-2e85ed2f8bfc-1-1-768x588.jpg 768w, https:\/\/radiorevelacionfm.cl\/wp-content\/uploads\/2023\/09\/e19ea85e-527d-4c09-8099-2e85ed2f8bfc-1-1-705x540.jpg 705w, https:\/\/radiorevelacionfm.cl\/wp-content\/uploads\/2023\/09\/e19ea85e-527d-4c09-8099-2e85ed2f8bfc-1-1-450x344.jpg 450w, https:\/\/radiorevelacionfm.cl\/wp-content\/uploads\/2023\/09\/e19ea85e-527d-4c09-8099-2e85ed2f8bfc-1-1-600x459.jpg 600w\" sizes=\"(max-width: 784px) 100vw, 784px\" \/><\/div><\/div><\/div><\/div><div class=\"flex_column av_one_full  flex_column_div av-zero-column-padding first  avia-builder-el-2  el_after_av_one_full  el_before_av_one_full  column-top-margin\" style='border-radius:0px; '><section class=\"av_textblock_section \"  itemscope=\"itemscope\" itemtype=\"https:\/\/schema.org\/BlogPosting\" itemprop=\"blogPost\" ><div class='avia_textblock  '   itemprop=\"text\" ><p style=\"text-align: center;\"><span style=\"font-size: 18pt;\"><strong>Carabineros detuvo a dos sujetos por hurto y porte de arma de fuego en ramadas en Parque Urbano de Coyhaique<\/strong><\/span><\/p>\n<div id=\"gtx-trans\" style=\"position: absolute; left: -50px; top: 4.31534px;\">\n<div class=\"gtx-trans-icon\"><\/div>\n<\/div>\n<\/div><\/section><\/div><div class=\"flex_column av_one_full  flex_column_div av-zero-column-padding first  avia-builder-el-4  el_after_av_one_full  el_before_av_hr  column-top-margin\" style='border-radius:0px; '><section class=\"av_textblock_section \"  itemscope=\"itemscope\" itemtype=\"https:\/\/schema.org\/BlogPosting\" itemprop=\"blogPost\" ><div class='avia_textblock  '   itemprop=\"text\" ><p class=\"v1gmail-MsoListParagraph\" style=\"text-align: justify;\"><span lang=\"ES-CL\">Ambos individuos con antecedentes policiales, se movilizaban a bordo de un veh\u00edculo con documentaci\u00f3n vencida, uno de los cuales sustrajo un casco de motorista, especie que se encontraba al interior del m\u00f3vil junto a un rev\u00f3lver con su n\u00famero de serie borrado.<\/span><\/p>\n<p class=\"v1MsoNormal\" style=\"text-align: justify;\"><span lang=\"ES-CL\">Carabineros de Coyhaique a cargo de la seguridad en el sector Parque Urbano donde se desarrollan las ramadas -en el contexto de fiestas patrias- detuvo a dos sujetos por los delitos de hurto y porte ilegal de arma de fuego.<\/span><\/p>\n<p class=\"v1MsoNormal\" style=\"text-align: justify;\"><span lang=\"ES-CL\">El personal policial se percat\u00f3 de la llegada de un veh\u00edculo todo terreno hasta el sector de estacionamientos, desde el cual descendi\u00f3 un sujeto quien se dirigi\u00f3 hasta una motocicleta aparcada en el lugar, desde la cual sustrajo el casco de motorista, para acto seguido subir al veh\u00edculo comenzando la huida desde el sector.<\/span><\/p>\n<p class=\"v1MsoNormal\" style=\"text-align: justify;\"><span lang=\"ES-CL\">Dicha situaci\u00f3n que fue presenciada tanto por personal municipal como por Carabineros encargados del resguardo de las actividades en el Parque, procediendo el personal policial a fiscalizar el m\u00f3vil, encontrado en su interior el casco de motorista sustra\u00eddo adem\u00e1s de un banano, el cual manten\u00eda en su interior un arma de fuego del tipo rev\u00f3lver -sin munici\u00f3n su rec\u00e1mara- y con su n\u00famero de serie borrado.<\/span><\/p>\n<p class=\"v1MsoNormal\" style=\"text-align: justify;\"><span lang=\"ES-CL\">Frente al delito flagrante y la evidencia encontrada, Carabineros detuvo a dos sujetos de 23 a\u00f1os de edad.<\/span><\/p>\n<p class=\"v1MsoNormal\" style=\"text-align: justify;\"><span lang=\"ES-CL\">Ambos individuos registran en conjunto siete detenciones previas, uno de los cuales se encuentra en la actualidad sometido a la medida cautelar de arresto domiciliario nocturno por el delito de receptaci\u00f3n, arraigo nacional por infracci\u00f3n a la ley de drogas y robo, cuyos antecedentes del procedimiento fueron puestos en conocimiento de la Fiscal\u00eda que dirige investigaci\u00f3n por este hecho.<\/span><\/p>\n<p class=\"v1MsoNormal\" style=\"text-align: justify;\"><span lang=\"ES-CL\">En cuanto al veh\u00edculo en que se movilizaban, este mantiene la totalidad de la documentaci\u00f3n vencida, siendo retirado de circulaci\u00f3n siendo puesto a disposici\u00f3n del Juzgado de Polic\u00eda Local de Coyhaique.<\/span><\/p>\n<\/div><\/section><\/div><div  style='height:50px' class='hr hr-invisible   avia-builder-el-6  el_after_av_one_full  el_before_av_social_share '><span class='hr-inner ' ><span class='hr-inner-style'><\/span><\/span><\/div><\/p>\n<div  class='av-social-sharing-box  avia-builder-el-7  el_after_av_hr  el_before_av_hr  '><div class='av-share-box'><h5 class='av-share-link-description av-no-toc '>Compartir esta noticia<\/h5><ul class='av-share-box-list noLightbox'><li class='av-share-link av-social-link-facebook' ><a target=\"_blank\" aria-label=\"Compartir en Facebook\" href='https:\/\/www.facebook.com\/sharer.php?u=https:\/\/radiorevelacionfm.cl\/?p=35104&#038;t=Carabineros%20detuvo%20a%20dos%20sujetos%20por%20hurto%20y%20porte%20de%20arma%20de%20fuego%20en%20ramadas%20en%20Parque%20Urbano%20de%20Coyhaique' aria-hidden='false' data-av_icon='\ue8f3' data-av_iconfont='entypo-fontello' title='' data-avia-related-tooltip='Compartir en Facebook' rel=\"noopener\"><span class='avia_hidden_link_text'>Compartir en Facebook<\/span><\/a><\/li><li class='av-share-link av-social-link-twitter' ><a target=\"_blank\" aria-label=\"Compartir en Twitter\" href='https:\/\/twitter.com\/share?text=Carabineros%20detuvo%20a%20dos%20sujetos%20por%20hurto%20y%20porte%20de%20arma%20de%20fuego%20en%20ramadas%20en%20Parque%20Urbano%20de%20Coyhaique&#038;url=https:\/\/radiorevelacionfm.cl\/?p=35104' aria-hidden='false' data-av_icon='\ue8f1' data-av_iconfont='entypo-fontello' title='' data-avia-related-tooltip='Compartir en Twitter' rel=\"noopener\"><span class='avia_hidden_link_text'>Compartir en Twitter<\/span><\/a><\/li><li class='av-share-link av-social-link-whatsapp' ><a target=\"_blank\" aria-label=\"Compartir en Whatsapp\" href='https:\/\/api.whatsapp.com\/send?text=https:\/\/radiorevelacionfm.cl\/?p=35104' aria-hidden='false' data-av_icon='\uf232' data-av_iconfont='entypo-fontello' title='' data-avia-related-tooltip='Compartir en Whatsapp' rel=\"noopener\"><span class='avia_hidden_link_text'>Compartir en Whatsapp<\/span><\/a><\/li><li class='av-share-link av-social-link-linkedin' ><a target=\"_blank\" aria-label=\"Compartir en LinkedIn\" href='https:\/\/linkedin.com\/shareArticle?mini=true&#038;title=Carabineros%20detuvo%20a%20dos%20sujetos%20por%20hurto%20y%20porte%20de%20arma%20de%20fuego%20en%20ramadas%20en%20Parque%20Urbano%20de%20Coyhaique&#038;url=https:\/\/radiorevelacionfm.cl\/?p=35104' aria-hidden='false' data-av_icon='\ue8fc' data-av_iconfont='entypo-fontello' title='' data-avia-related-tooltip='Compartir en LinkedIn' rel=\"noopener\"><span class='avia_hidden_link_text'>Compartir en LinkedIn<\/span><\/a><\/li><li class='av-share-link av-social-link-mail' ><a  aria-label=\"Compartir por correo\" href='mailto:?subject=Carabineros%20detuvo%20a%20dos%20sujetos%20por%20hurto%20y%20porte%20de%20arma%20de%20fuego%20en%20ramadas%20en%20Parque%20Urbano%20de%20Coyhaique&#038;body=https:\/\/radiorevelacionfm.cl\/?p=35104' aria-hidden='false' data-av_icon='\ue805' data-av_iconfont='entypo-fontello' title='' data-avia-related-tooltip='Compartir por correo'><span class='avia_hidden_link_text'>Compartir por correo<\/span><\/a><\/li><\/ul><\/div><\/div>\n<div  style='height:50px' class='hr hr-invisible   avia-builder-el-8  el_after_av_social_share  el_before_av_comments_list '><span class='hr-inner ' ><span class='hr-inner-style'><\/span><\/span><\/div>\n<div  class='av-buildercomment  av-blog-meta-html-info-disabled av-blog-meta-tag-disabled  '><\/div>\n","protected":false},"excerpt":{"rendered":"","protected":false},"author":1,"featured_media":35105,"comment_status":"open","ping_status":"open","sticky":false,"template":"","format":"standard","meta":{"footnotes":""},"categories":[36],"tags":[],"class_list":["post-35104","post","type-post","status-publish","format-standard","has-post-thumbnail","hentry","category-policial"],"jetpack_featured_media_url":"https:\/\/radiorevelacionfm.cl\/wp-content\/uploads\/2023\/09\/e19ea85e-527d-4c09-8099-2e85ed2f8bfc-1-1.jpg","_links":{"self":[{"href":"https:\/\/radiorevelacionfm.cl\/index.php?rest_route=\/wp\/v2\/posts\/35104","targetHints":{"allow":["GET"]}}],"collection":[{"href":"https:\/\/radiorevelacionfm.cl\/index.php?rest_route=\/wp\/v2\/posts"}],"about":[{"href":"https:\/\/radiorevelacionfm.cl\/index.php?rest_route=\/wp\/v2\/types\/post"}],"author":[{"embeddable":true,"href":"https:\/\/radiorevelacionfm.cl\/index.php?rest_route=\/wp\/v2\/users\/1"}],"replies":[{"embeddable":true,"href":"https:\/\/radiorevelacionfm.cl\/index.php?rest_route=%2Fwp%2Fv2%2Fcomments&post=35104"}],"version-history":[{"count":1,"href":"https:\/\/radiorevelacionfm.cl\/index.php?rest_route=\/wp\/v2\/posts\/35104\/revisions"}],"predecessor-version":[{"id":35106,"href":"https:\/\/radiorevelacionfm.cl\/index.php?rest_route=\/wp\/v2\/posts\/35104\/revisions\/35106"}],"wp:featuredmedia":[{"embeddable":true,"href":"https:\/\/radiorevelacionfm.cl\/index.php?rest_route=\/wp\/v2\/media\/35105"}],"wp:attachment":[{"href":"https:\/\/radiorevelacionfm.cl\/index.php?rest_route=%2Fwp%2Fv2%2Fmedia&parent=35104"}],"wp:term":[{"taxonomy":"category","embeddable":true,"href":"https:\/\/radiorevelacionfm.cl\/index.php?rest_route=%2Fwp%2Fv2%2Fcategories&post=35104"},{"taxonomy":"post_tag","embeddable":true,"href":"https:\/\/radiorevelacionfm.cl\/index.php?rest_route=%2Fwp%2Fv2%2Ftags&post=35104"}],"curies":[{"name":"wp","href":"https:\/\/api.w.org\/{rel}","templated":true}]}}