{"id":35101,"date":"2023-09-17T12:09:10","date_gmt":"2023-09-17T15:09:10","guid":{"rendered":"https:\/\/radiorevelacionfm.cl\/?p=35101"},"modified":"2023-09-17T12:09:10","modified_gmt":"2023-09-17T15:09:10","slug":"carabineros-despliega-mas-de-600-efectivos-para-resguardar-seguridad-en-24-eventos-de-fiestas-patrias-en-la-region-de-aysen","status":"publish","type":"post","link":"https:\/\/radiorevelacionfm.cl\/?p=35101","title":{"rendered":"Carabineros despliega m\u00e1s de 600 efectivos para resguardar seguridad en 24 eventos de Fiestas Patrias en la regi\u00f3n de Ays\u00e9n"},"content":{"rendered":"<div class=\"flex_column av_one_full  flex_column_div av-zero-column-padding first  avia-builder-el-0  el_before_av_one_full  avia-builder-el-first  \" style='border-radius:0px; '><div  class='avia-image-container  av-styling-    avia-builder-el-1  avia-builder-el-no-sibling  avia-align-center '  itemprop=\"image\" itemscope=\"itemscope\" itemtype=\"https:\/\/schema.org\/ImageObject\"  ><div class='avia-image-container-inner'><div class='avia-image-overlay-wrap'><img decoding=\"async\" class='wp-image-35102 avia-img-lazy-loading-not-35102 avia_image' src=\"https:\/\/radiorevelacionfm.cl\/wp-content\/uploads\/2023\/09\/e35d0a3d-abcd-4a43-af3c-ff6570bc49bc-1_optimized-1.jpg\" alt='' title='e35d0a3d-abcd-4a43-af3c-ff6570bc49bc-(1)_optimized (1)' height=\"600\" width=\"800\"  itemprop=\"thumbnailUrl\" srcset=\"https:\/\/radiorevelacionfm.cl\/wp-content\/uploads\/2023\/09\/e35d0a3d-abcd-4a43-af3c-ff6570bc49bc-1_optimized-1.jpg 800w, https:\/\/radiorevelacionfm.cl\/wp-content\/uploads\/2023\/09\/e35d0a3d-abcd-4a43-af3c-ff6570bc49bc-1_optimized-1-300x225.jpg 300w, https:\/\/radiorevelacionfm.cl\/wp-content\/uploads\/2023\/09\/e35d0a3d-abcd-4a43-af3c-ff6570bc49bc-1_optimized-1-768x576.jpg 768w, https:\/\/radiorevelacionfm.cl\/wp-content\/uploads\/2023\/09\/e35d0a3d-abcd-4a43-af3c-ff6570bc49bc-1_optimized-1-705x529.jpg 705w, https:\/\/radiorevelacionfm.cl\/wp-content\/uploads\/2023\/09\/e35d0a3d-abcd-4a43-af3c-ff6570bc49bc-1_optimized-1-450x338.jpg 450w, https:\/\/radiorevelacionfm.cl\/wp-content\/uploads\/2023\/09\/e35d0a3d-abcd-4a43-af3c-ff6570bc49bc-1_optimized-1-600x450.jpg 600w\" sizes=\"(max-width: 800px) 100vw, 800px\" \/><\/div><\/div><\/div><\/div><div class=\"flex_column av_one_full  flex_column_div av-zero-column-padding first  avia-builder-el-2  el_after_av_one_full  el_before_av_one_full  column-top-margin\" style='border-radius:0px; '><section class=\"av_textblock_section \"  itemscope=\"itemscope\" itemtype=\"https:\/\/schema.org\/BlogPosting\" itemprop=\"blogPost\" ><div class='avia_textblock  '   itemprop=\"text\" ><p style=\"text-align: center;\"><span style=\"font-size: 18pt;\"><b><span lang=\"ES-CL\">Carabineros despliega m\u00e1s de 600 efectivos para resguardar seguridad en 24 eventos de Fiestas Patrias en la regi\u00f3n de Ays\u00e9n<\/span><\/b><\/span><\/p>\n<div id=\"gtx-trans\" style=\"position: absolute; left: -50px; top: 4.31534px;\">\n<div class=\"gtx-trans-icon\"><\/div>\n<\/div>\n<\/div><\/section><\/div><div class=\"flex_column av_one_full  flex_column_div av-zero-column-padding first  avia-builder-el-4  el_after_av_one_full  el_before_av_hr  column-top-margin\" style='border-radius:0px; '><section class=\"av_textblock_section \"  itemscope=\"itemscope\" itemtype=\"https:\/\/schema.org\/BlogPosting\" itemprop=\"blogPost\" ><div class='avia_textblock  '   itemprop=\"text\" ><p class=\"v1MsoNormal\" style=\"text-align: justify;\"><span lang=\"ES-CL\">A trav\u00e9s de un amplio despliegue de 626 efectivos, Carabineros resguardar\u00e1 la seguridad durante las celebraciones de fiestas patrias en 24 eventos que se desarrollan a lo largo de la regi\u00f3n de Ays\u00e9n.<\/span><\/p>\n<p class=\"v1MsoNormal\" style=\"text-align: justify;\"><span lang=\"ES-CL\">El Jefe de Zona de Carabineros Ays\u00e9n, General Patricio Javier Santos Poblete indic\u00f3 que esta es una fecha que genera unidad en torno a la cultura y costumbres propias de nuestra tierra.<\/span><\/p>\n<p class=\"v1MsoNormal\" style=\"text-align: justify;\"><span lang=\"ES-CL\">\u00abDebemos dar sentido a estas tradiciones y estas actividades que desarrollamos como sociedad y en particular como coyhaiquinos. En la medida que sean actividades familiares, entonces, lo m\u00e1s esperable es que esto tienda a unirnos como sociedad y eso es lo m\u00e1s positivo\u00bb, expres\u00f3.<\/span><\/p>\n<p class=\"v1MsoNormal\" style=\"text-align: justify;\"><b><span lang=\"ES-CL\">Control focalizado y patrullaje<\/span><\/b><\/p>\n<p class=\"v1MsoNormal\" style=\"text-align: justify;\"><span lang=\"ES-CL\">El Oficial General quien particip\u00f3 junto a las autoridades regionales, comunales y la comunidad en el lanzamiento de las fondas y ramadas en el parque urbano de Coyhaique, verific\u00f3 tambi\u00e9n \u2013junto al Prefecto de Ays\u00e9n Coronel Fuad Chaban Vilches- el despliegue de los servicios preventivos y stand Institucional a cargo de la Oficina de Integraci\u00f3n Comunitaria (MICC) de la 1ra. Comisar\u00eda de Coyhaique, ocasi\u00f3n en que manifest\u00f3 que Carabineros prestar\u00e1 una amplia cobertura manteniendo actividades de control focalizado e integrado con otras autoridades tales como Senda a trav\u00e9s de controles de alcotest.<\/span><\/p>\n<p class=\"v1MsoNormal\" style=\"text-align: justify;\"><span lang=\"ES-CL\">\u00abTambi\u00e9n realizaremos rutinas de patrullajes para prevenir robos o delitos que se puedan cometer de oportunidad en las inmediaciones de estos lugares. La idea es acompa\u00f1ar, permitir y facilitar las actividades de la comunidad de tal forma que las puedan desarrollar de forma segura\u00bb, acot\u00f3.<\/span><\/p>\n<p class=\"v1MsoNormal\" style=\"text-align: justify;\"><b><span lang=\"ES-CL\">Ingesta de alcohol y derivadas\u00a0<\/span><\/b><\/p>\n<p class=\"v1MsoNormal\" style=\"text-align: justify;\"><span lang=\"ES-CL\">Asimismo, el General Patricio Santos indic\u00f3 que la mayor atenci\u00f3n est\u00e1 en la ingesta de alcohol y sus distintas derivadas, desde los accidentes en el tr\u00e1nsito hasta manifestaciones de violencia familiar, amenazas, da\u00f1os, siendo estos los delitos a cautelar que no ocurran.<\/span><\/p>\n<p class=\"v1MsoNormal\" style=\"text-align: justify;\"><span lang=\"ES-CL\">\u00abEl llamado a la comunidad es a moderar su comportamiento, de tal forma de no tener que hacer necesario las intervenciones policiales. El a\u00f1o pasado el balance fue positivo, no hubo accidentabilidad de tr\u00e1nsito grave, tampoco personas fallecidas y esperamos que eso tambi\u00e9n se desarrolle de la misma forma este a\u00f1o y para eso vamos a potenciar la labor de control y fiscalizaci\u00f3n sobre peatones y conductores\u00bb, expres\u00f3 el Jefe de Zona Ays\u00e9n.\u00a0<\/span><\/p>\n<\/div><\/section><\/div><div  style='height:50px' class='hr hr-invisible   avia-builder-el-6  el_after_av_one_full  el_before_av_social_share '><span class='hr-inner ' ><span class='hr-inner-style'><\/span><\/span><\/div><\/p>\n<div  class='av-social-sharing-box  avia-builder-el-7  el_after_av_hr  el_before_av_hr  '><div class='av-share-box'><h5 class='av-share-link-description av-no-toc '>Compartir esta noticia<\/h5><ul class='av-share-box-list noLightbox'><li class='av-share-link av-social-link-facebook' ><a target=\"_blank\" aria-label=\"Compartir en Facebook\" href='https:\/\/www.facebook.com\/sharer.php?u=https:\/\/radiorevelacionfm.cl\/?p=35101&#038;t=Carabineros%20despliega%20m%C3%A1s%20de%20600%20efectivos%20para%20resguardar%20seguridad%20en%2024%20eventos%20de%20Fiestas%20Patrias%20en%20la%20regi%C3%B3n%20de%20Ays%C3%A9n' aria-hidden='false' data-av_icon='\ue8f3' data-av_iconfont='entypo-fontello' title='' data-avia-related-tooltip='Compartir en Facebook' rel=\"noopener\"><span class='avia_hidden_link_text'>Compartir en Facebook<\/span><\/a><\/li><li class='av-share-link av-social-link-twitter' ><a target=\"_blank\" aria-label=\"Compartir en Twitter\" href='https:\/\/twitter.com\/share?text=Carabineros%20despliega%20m%C3%A1s%20de%20600%20efectivos%20para%20resguardar%20seguridad%20en%2024%20eventos%20de%20Fiestas%20Patrias%20en%20la%20regi%C3%B3n%20de%20Ays%C3%A9n&#038;url=https:\/\/radiorevelacionfm.cl\/?p=35101' aria-hidden='false' data-av_icon='\ue8f1' data-av_iconfont='entypo-fontello' title='' data-avia-related-tooltip='Compartir en Twitter' rel=\"noopener\"><span class='avia_hidden_link_text'>Compartir en Twitter<\/span><\/a><\/li><li class='av-share-link av-social-link-whatsapp' ><a target=\"_blank\" aria-label=\"Compartir en Whatsapp\" href='https:\/\/api.whatsapp.com\/send?text=https:\/\/radiorevelacionfm.cl\/?p=35101' aria-hidden='false' data-av_icon='\uf232' data-av_iconfont='entypo-fontello' title='' data-avia-related-tooltip='Compartir en Whatsapp' rel=\"noopener\"><span class='avia_hidden_link_text'>Compartir en Whatsapp<\/span><\/a><\/li><li class='av-share-link av-social-link-linkedin' ><a target=\"_blank\" aria-label=\"Compartir en LinkedIn\" href='https:\/\/linkedin.com\/shareArticle?mini=true&#038;title=Carabineros%20despliega%20m%C3%A1s%20de%20600%20efectivos%20para%20resguardar%20seguridad%20en%2024%20eventos%20de%20Fiestas%20Patrias%20en%20la%20regi%C3%B3n%20de%20Ays%C3%A9n&#038;url=https:\/\/radiorevelacionfm.cl\/?p=35101' aria-hidden='false' data-av_icon='\ue8fc' data-av_iconfont='entypo-fontello' title='' data-avia-related-tooltip='Compartir en LinkedIn' rel=\"noopener\"><span class='avia_hidden_link_text'>Compartir en LinkedIn<\/span><\/a><\/li><li class='av-share-link av-social-link-mail' ><a  aria-label=\"Compartir por correo\" href='mailto:?subject=Carabineros%20despliega%20m%C3%A1s%20de%20600%20efectivos%20para%20resguardar%20seguridad%20en%2024%20eventos%20de%20Fiestas%20Patrias%20en%20la%20regi%C3%B3n%20de%20Ays%C3%A9n&#038;body=https:\/\/radiorevelacionfm.cl\/?p=35101' aria-hidden='false' data-av_icon='\ue805' data-av_iconfont='entypo-fontello' title='' data-avia-related-tooltip='Compartir por correo'><span class='avia_hidden_link_text'>Compartir por correo<\/span><\/a><\/li><\/ul><\/div><\/div>\n<div  style='height:50px' class='hr hr-invisible   avia-builder-el-8  el_after_av_social_share  el_before_av_comments_list '><span class='hr-inner ' ><span class='hr-inner-style'><\/span><\/span><\/div>\n<div  class='av-buildercomment  av-blog-meta-html-info-disabled av-blog-meta-tag-disabled  '><\/div>\n","protected":false},"excerpt":{"rendered":"","protected":false},"author":1,"featured_media":35102,"comment_status":"open","ping_status":"open","sticky":false,"template":"","format":"standard","meta":{"footnotes":""},"categories":[36],"tags":[],"class_list":["post-35101","post","type-post","status-publish","format-standard","has-post-thumbnail","hentry","category-policial"],"jetpack_featured_media_url":"https:\/\/radiorevelacionfm.cl\/wp-content\/uploads\/2023\/09\/e35d0a3d-abcd-4a43-af3c-ff6570bc49bc-1_optimized-1.jpg","_links":{"self":[{"href":"https:\/\/radiorevelacionfm.cl\/index.php?rest_route=\/wp\/v2\/posts\/35101","targetHints":{"allow":["GET"]}}],"collection":[{"href":"https:\/\/radiorevelacionfm.cl\/index.php?rest_route=\/wp\/v2\/posts"}],"about":[{"href":"https:\/\/radiorevelacionfm.cl\/index.php?rest_route=\/wp\/v2\/types\/post"}],"author":[{"embeddable":true,"href":"https:\/\/radiorevelacionfm.cl\/index.php?rest_route=\/wp\/v2\/users\/1"}],"replies":[{"embeddable":true,"href":"https:\/\/radiorevelacionfm.cl\/index.php?rest_route=%2Fwp%2Fv2%2Fcomments&post=35101"}],"version-history":[{"count":1,"href":"https:\/\/radiorevelacionfm.cl\/index.php?rest_route=\/wp\/v2\/posts\/35101\/revisions"}],"predecessor-version":[{"id":35103,"href":"https:\/\/radiorevelacionfm.cl\/index.php?rest_route=\/wp\/v2\/posts\/35101\/revisions\/35103"}],"wp:featuredmedia":[{"embeddable":true,"href":"https:\/\/radiorevelacionfm.cl\/index.php?rest_route=\/wp\/v2\/media\/35102"}],"wp:attachment":[{"href":"https:\/\/radiorevelacionfm.cl\/index.php?rest_route=%2Fwp%2Fv2%2Fmedia&parent=35101"}],"wp:term":[{"taxonomy":"category","embeddable":true,"href":"https:\/\/radiorevelacionfm.cl\/index.php?rest_route=%2Fwp%2Fv2%2Fcategories&post=35101"},{"taxonomy":"post_tag","embeddable":true,"href":"https:\/\/radiorevelacionfm.cl\/index.php?rest_route=%2Fwp%2Fv2%2Ftags&post=35101"}],"curies":[{"name":"wp","href":"https:\/\/api.w.org\/{rel}","templated":true}]}}