{"id":35098,"date":"2023-09-16T19:39:30","date_gmt":"2023-09-16T22:39:30","guid":{"rendered":"https:\/\/radiorevelacionfm.cl\/?p=35098"},"modified":"2023-09-16T19:39:30","modified_gmt":"2023-09-16T22:39:30","slug":"fiestas-patrias-2023-en-coyhaique-edelaysen-promueve-el-autocuidado-y-la-responsabilidad","status":"publish","type":"post","link":"https:\/\/radiorevelacionfm.cl\/?p=35098","title":{"rendered":"Fiestas Patrias 2023 en Coyhaique: Edelaysen promueve el autocuidado y la responsabilidad"},"content":{"rendered":"<div class=\"flex_column av_one_full  flex_column_div av-zero-column-padding first  avia-builder-el-0  el_before_av_one_full  avia-builder-el-first  \" style='border-radius:0px; '><div  class='avia-image-container  av-styling-    avia-builder-el-1  avia-builder-el-no-sibling  avia-align-center '  itemprop=\"image\" itemscope=\"itemscope\" itemtype=\"https:\/\/schema.org\/ImageObject\"  ><div class='avia-image-container-inner'><div class='avia-image-overlay-wrap'><img decoding=\"async\" class='wp-image-35099 avia-img-lazy-loading-not-35099 avia_image' src=\"https:\/\/radiorevelacionfm.cl\/wp-content\/uploads\/2023\/09\/fiestas-patrias-1_optimized.jpg\" alt='' title='fiestas-patrias-(1)_optimized' height=\"600\" width=\"800\"  itemprop=\"thumbnailUrl\" srcset=\"https:\/\/radiorevelacionfm.cl\/wp-content\/uploads\/2023\/09\/fiestas-patrias-1_optimized.jpg 800w, https:\/\/radiorevelacionfm.cl\/wp-content\/uploads\/2023\/09\/fiestas-patrias-1_optimized-300x225.jpg 300w, https:\/\/radiorevelacionfm.cl\/wp-content\/uploads\/2023\/09\/fiestas-patrias-1_optimized-768x576.jpg 768w, https:\/\/radiorevelacionfm.cl\/wp-content\/uploads\/2023\/09\/fiestas-patrias-1_optimized-705x529.jpg 705w, https:\/\/radiorevelacionfm.cl\/wp-content\/uploads\/2023\/09\/fiestas-patrias-1_optimized-450x338.jpg 450w, https:\/\/radiorevelacionfm.cl\/wp-content\/uploads\/2023\/09\/fiestas-patrias-1_optimized-600x450.jpg 600w\" sizes=\"(max-width: 800px) 100vw, 800px\" \/><\/div><\/div><\/div><\/div><div class=\"flex_column av_one_full  flex_column_div av-zero-column-padding first  avia-builder-el-2  el_after_av_one_full  el_before_av_one_full  column-top-margin\" style='border-radius:0px; '><section class=\"av_textblock_section \"  itemscope=\"itemscope\" itemtype=\"https:\/\/schema.org\/BlogPosting\" itemprop=\"blogPost\" ><div class='avia_textblock  '   itemprop=\"text\" ><p style=\"text-align: center;\"><span style=\"font-size: 18pt;\"><strong>Fiestas Patrias 2023 en Coyhaique: Edelaysen promueve el autocuidado y la responsabilidad<\/strong><\/span><\/p>\n<div id=\"gtx-trans\" style=\"position: absolute; left: -50px; top: 4.31534px;\">\n<div class=\"gtx-trans-icon\"><\/div>\n<\/div>\n<\/div><\/section><\/div><div class=\"flex_column av_one_full  flex_column_div av-zero-column-padding first  avia-builder-el-4  el_after_av_one_full  el_before_av_hr  column-top-margin\" style='border-radius:0px; '><section class=\"av_textblock_section \"  itemscope=\"itemscope\" itemtype=\"https:\/\/schema.org\/BlogPosting\" itemprop=\"blogPost\" ><div class='avia_textblock  '   itemprop=\"text\" ><p style=\"text-align: justify;\">Las Fiestas Patrias en Chile son un momento muy esperado para celebrar la independencia y la cultura del pa\u00eds. El inicio de las fondas marca el comienzo de una semana de celebraciones y alegr\u00eda. En esta ocasi\u00f3n, la comunidad de Coyhaique dio por inauguradas las festividades en un evento especial en el que las autoridades locales resaltaron la importancia del autocuidado y la responsabilidad durante este per\u00edodo festivo.<\/p>\n<p style=\"text-align: justify;\">En la inauguraci\u00f3n de las fondas, autoridades p\u00fablicas y de orden hicieron hincapi\u00e9 en la necesidad de celebrar con responsabilidad y evitar conducir bajo los efectos del alcohol. Esta iniciativa busca prevenir accidentes de tr\u00e1fico y promover un ambiente seguro para todos los asistentes a las festividades de Fiestas Patrias.<\/p>\n<p style=\"text-align: justify;\">En ese sentido, Carlos Gatica alcalde de Coyhaique destac\u00f3 \u201cComo municipio, lo primero es llamarlos a celebrar, en compartir en familia responsablemente, a que por favor compartamos entre todos de manera responsable, cuid\u00e1ndonos siempre, celebrando con la familia entera. Nosotros ya tenemos un espacio dispuesto para las celebraciones ac\u00e1 en nuestro parque urbano. Est\u00e1 toda la seguridad dispuesta, est\u00e1n nuestros artesanos, las fondas, tambi\u00e9n todo lo que es nuestros juegos t\u00edpicos chilenos, y por supuesto el llamado es a conducir con precauci\u00f3n, si van a beber no conduzcan\u201d.<\/p>\n<p style=\"text-align: justify;\">Yasna Vera, Ejecutiva de Relacionamiento de Edelaysen, quien particip\u00f3 de este evento, reafirm\u00f3 el compromiso de la empresa con la comunidad. \u00abEn esta apertura de las fondas de Fiestas Patrias, queremos enfatizar la importancia del autocuidado y la responsabilidad. Como Edelaysen, nos enorgullece ser parte de esta iniciativa que busca garantizar un ambiente festivo y seguro para todos nuestros vecinos y vecinas\u00bb.<\/p>\n<p style=\"text-align: justify;\">Por \u00faltimo el General de zona de Carabineros de Chile,\u00a0 Patricio Santos destac\u00f3 \u201cAcabamos de dar inicio oficial a las fondas ac\u00e1 en Coyhaique, pero tambi\u00e9n en la regi\u00f3n tenemos cerca de otros 29 eventos y cerca de 450 carabineros comprometidos en rutinas de control y fiscalizaci\u00f3n. Pero el control y fiscalizaci\u00f3n es expost al comportamiento de las personas y la idea y el llamado es que las personas se comporten en forma prudente, que beban con moderaci\u00f3n si van a conducir, no beber alcohol o entregar las llaves y el volante a otra persona responsable de tal forma de evitar la accidentabilidad\u201d.<\/p>\n<p style=\"text-align: justify;\">Este hito conmemorativo en la apertura de las fondas de Fiestas Patrias 2023 en Coyhaique representa un paso importante en la promoci\u00f3n del autocuidado y la responsabilidad durante esta temporada de celebraci\u00f3n nacional. Edelaysen continuar\u00e1 trabajando en colaboraci\u00f3n con la comunidad para garantizar un ambiente festivo y seguro para todos los ciudadanos.<\/p>\n<\/div><\/section><\/div><div  style='height:50px' class='hr hr-invisible   avia-builder-el-6  el_after_av_one_full  el_before_av_social_share '><span class='hr-inner ' ><span class='hr-inner-style'><\/span><\/span><\/div><\/p>\n<div  class='av-social-sharing-box  avia-builder-el-7  el_after_av_hr  el_before_av_hr  '><div class='av-share-box'><h5 class='av-share-link-description av-no-toc '>Compartir esta noticia<\/h5><ul class='av-share-box-list noLightbox'><li class='av-share-link av-social-link-facebook' ><a target=\"_blank\" aria-label=\"Compartir en Facebook\" href='https:\/\/www.facebook.com\/sharer.php?u=https:\/\/radiorevelacionfm.cl\/?p=35098&#038;t=Fiestas%20Patrias%202023%20en%20Coyhaique%3A%20Edelaysen%20promueve%20el%20autocuidado%20y%20la%20responsabilidad' aria-hidden='false' data-av_icon='\ue8f3' data-av_iconfont='entypo-fontello' title='' data-avia-related-tooltip='Compartir en Facebook' rel=\"noopener\"><span class='avia_hidden_link_text'>Compartir en Facebook<\/span><\/a><\/li><li class='av-share-link av-social-link-twitter' ><a target=\"_blank\" aria-label=\"Compartir en Twitter\" href='https:\/\/twitter.com\/share?text=Fiestas%20Patrias%202023%20en%20Coyhaique%3A%20Edelaysen%20promueve%20el%20autocuidado%20y%20la%20responsabilidad&#038;url=https:\/\/radiorevelacionfm.cl\/?p=35098' aria-hidden='false' data-av_icon='\ue8f1' data-av_iconfont='entypo-fontello' title='' data-avia-related-tooltip='Compartir en Twitter' rel=\"noopener\"><span class='avia_hidden_link_text'>Compartir en Twitter<\/span><\/a><\/li><li class='av-share-link av-social-link-whatsapp' ><a target=\"_blank\" aria-label=\"Compartir en Whatsapp\" href='https:\/\/api.whatsapp.com\/send?text=https:\/\/radiorevelacionfm.cl\/?p=35098' aria-hidden='false' data-av_icon='\uf232' data-av_iconfont='entypo-fontello' title='' data-avia-related-tooltip='Compartir en Whatsapp' rel=\"noopener\"><span class='avia_hidden_link_text'>Compartir en Whatsapp<\/span><\/a><\/li><li class='av-share-link av-social-link-linkedin' ><a target=\"_blank\" aria-label=\"Compartir en LinkedIn\" href='https:\/\/linkedin.com\/shareArticle?mini=true&#038;title=Fiestas%20Patrias%202023%20en%20Coyhaique%3A%20Edelaysen%20promueve%20el%20autocuidado%20y%20la%20responsabilidad&#038;url=https:\/\/radiorevelacionfm.cl\/?p=35098' aria-hidden='false' data-av_icon='\ue8fc' data-av_iconfont='entypo-fontello' title='' data-avia-related-tooltip='Compartir en LinkedIn' rel=\"noopener\"><span class='avia_hidden_link_text'>Compartir en LinkedIn<\/span><\/a><\/li><li class='av-share-link av-social-link-mail' ><a  aria-label=\"Compartir por correo\" href='mailto:?subject=Fiestas%20Patrias%202023%20en%20Coyhaique%3A%20Edelaysen%20promueve%20el%20autocuidado%20y%20la%20responsabilidad&#038;body=https:\/\/radiorevelacionfm.cl\/?p=35098' aria-hidden='false' data-av_icon='\ue805' data-av_iconfont='entypo-fontello' title='' data-avia-related-tooltip='Compartir por correo'><span class='avia_hidden_link_text'>Compartir por correo<\/span><\/a><\/li><\/ul><\/div><\/div>\n<div  style='height:50px' class='hr hr-invisible   avia-builder-el-8  el_after_av_social_share  el_before_av_comments_list '><span class='hr-inner ' ><span class='hr-inner-style'><\/span><\/span><\/div>\n<div  class='av-buildercomment  av-blog-meta-html-info-disabled av-blog-meta-tag-disabled  '><\/div>\n","protected":false},"excerpt":{"rendered":"","protected":false},"author":1,"featured_media":35099,"comment_status":"open","ping_status":"open","sticky":false,"template":"","format":"standard","meta":{"footnotes":""},"categories":[38],"tags":[],"class_list":["post-35098","post","type-post","status-publish","format-standard","has-post-thumbnail","hentry","category-regional"],"jetpack_featured_media_url":"https:\/\/radiorevelacionfm.cl\/wp-content\/uploads\/2023\/09\/fiestas-patrias-1_optimized.jpg","_links":{"self":[{"href":"https:\/\/radiorevelacionfm.cl\/index.php?rest_route=\/wp\/v2\/posts\/35098","targetHints":{"allow":["GET"]}}],"collection":[{"href":"https:\/\/radiorevelacionfm.cl\/index.php?rest_route=\/wp\/v2\/posts"}],"about":[{"href":"https:\/\/radiorevelacionfm.cl\/index.php?rest_route=\/wp\/v2\/types\/post"}],"author":[{"embeddable":true,"href":"https:\/\/radiorevelacionfm.cl\/index.php?rest_route=\/wp\/v2\/users\/1"}],"replies":[{"embeddable":true,"href":"https:\/\/radiorevelacionfm.cl\/index.php?rest_route=%2Fwp%2Fv2%2Fcomments&post=35098"}],"version-history":[{"count":1,"href":"https:\/\/radiorevelacionfm.cl\/index.php?rest_route=\/wp\/v2\/posts\/35098\/revisions"}],"predecessor-version":[{"id":35100,"href":"https:\/\/radiorevelacionfm.cl\/index.php?rest_route=\/wp\/v2\/posts\/35098\/revisions\/35100"}],"wp:featuredmedia":[{"embeddable":true,"href":"https:\/\/radiorevelacionfm.cl\/index.php?rest_route=\/wp\/v2\/media\/35099"}],"wp:attachment":[{"href":"https:\/\/radiorevelacionfm.cl\/index.php?rest_route=%2Fwp%2Fv2%2Fmedia&parent=35098"}],"wp:term":[{"taxonomy":"category","embeddable":true,"href":"https:\/\/radiorevelacionfm.cl\/index.php?rest_route=%2Fwp%2Fv2%2Fcategories&post=35098"},{"taxonomy":"post_tag","embeddable":true,"href":"https:\/\/radiorevelacionfm.cl\/index.php?rest_route=%2Fwp%2Fv2%2Ftags&post=35098"}],"curies":[{"name":"wp","href":"https:\/\/api.w.org\/{rel}","templated":true}]}}