{"id":35093,"date":"2023-09-15T17:07:29","date_gmt":"2023-09-15T20:07:29","guid":{"rendered":"https:\/\/radiorevelacionfm.cl\/?p=35093"},"modified":"2023-09-15T17:07:29","modified_gmt":"2023-09-15T20:07:29","slug":"mas-de-un-kilo-de-marihuana-decomisan-en-melinka-gracias-a-trabajo-conjunto-de-carabineros-armada-y-fiscalia","status":"publish","type":"post","link":"https:\/\/radiorevelacionfm.cl\/?p=35093","title":{"rendered":"M\u00e1s de un kilo de marihuana decomisan en Melinka gracias a trabajo conjunto de Carabineros, Armada y Fiscal\u00eda"},"content":{"rendered":"<div class=\"flex_column av_one_full  flex_column_div av-zero-column-padding first  avia-builder-el-0  el_before_av_one_full  avia-builder-el-first  \" style='border-radius:0px; '><div  class='avia-image-container  av-styling-    avia-builder-el-1  avia-builder-el-no-sibling  avia-align-center '  itemprop=\"image\" itemscope=\"itemscope\" itemtype=\"https:\/\/schema.org\/ImageObject\"  ><div class='avia-image-container-inner'><div class='avia-image-overlay-wrap'><img decoding=\"async\" class='wp-image-35094 avia-img-lazy-loading-not-35094 avia_image' src=\"https:\/\/radiorevelacionfm.cl\/wp-content\/uploads\/2023\/09\/IMG-20230915-WA0023-1-1.jpg\" alt='' title='IMG-20230915-WA0023 (1) (1)' height=\"600\" width=\"781\"  itemprop=\"thumbnailUrl\" srcset=\"https:\/\/radiorevelacionfm.cl\/wp-content\/uploads\/2023\/09\/IMG-20230915-WA0023-1-1.jpg 781w, https:\/\/radiorevelacionfm.cl\/wp-content\/uploads\/2023\/09\/IMG-20230915-WA0023-1-1-300x230.jpg 300w, https:\/\/radiorevelacionfm.cl\/wp-content\/uploads\/2023\/09\/IMG-20230915-WA0023-1-1-768x590.jpg 768w, https:\/\/radiorevelacionfm.cl\/wp-content\/uploads\/2023\/09\/IMG-20230915-WA0023-1-1-705x542.jpg 705w, https:\/\/radiorevelacionfm.cl\/wp-content\/uploads\/2023\/09\/IMG-20230915-WA0023-1-1-450x346.jpg 450w, https:\/\/radiorevelacionfm.cl\/wp-content\/uploads\/2023\/09\/IMG-20230915-WA0023-1-1-600x461.jpg 600w\" sizes=\"(max-width: 781px) 100vw, 781px\" \/><\/div><\/div><\/div><\/div><div class=\"flex_column av_one_full  flex_column_div av-zero-column-padding first  avia-builder-el-2  el_after_av_one_full  el_before_av_one_full  column-top-margin\" style='border-radius:0px; '><section class=\"av_textblock_section \"  itemscope=\"itemscope\" itemtype=\"https:\/\/schema.org\/BlogPosting\" itemprop=\"blogPost\" ><div class='avia_textblock  '   itemprop=\"text\" ><p style=\"text-align: center;\"><span style=\"font-size: 18pt;\"><b><span lang=\"ES\">M\u00e1s de un kilo de marihuana decomisan en Melinka gracias a trabajo conjunto de Carabineros, Armada y Fiscal\u00eda<\/span><\/b><\/span><\/p>\n<div id=\"gtx-trans\" style=\"position: absolute; left: -50px; top: 4.31534px;\">\n<div class=\"gtx-trans-icon\"><\/div>\n<\/div>\n<\/div><\/section><\/div><div class=\"flex_column av_one_full  flex_column_div av-zero-column-padding first  avia-builder-el-4  el_after_av_one_full  el_before_av_hr  column-top-margin\" style='border-radius:0px; '><section class=\"av_textblock_section \"  itemscope=\"itemscope\" itemtype=\"https:\/\/schema.org\/BlogPosting\" itemprop=\"blogPost\" ><div class='avia_textblock  '   itemprop=\"text\" ><p style=\"font-weight: 400; text-align: justify;\">Acciones coordinadas entre el Ministerio P\u00fablico, Carabineros y la Armada en el puerto de Melinka, extremo norte de la regi\u00f3n, permitieron la detenci\u00f3n de un imputado de 27 a\u00f1os y el decomiso de 1 kilo 93 gramos de marihuana elaborada, que se presume ser\u00eda comercializada en la Regi\u00f3n de Ays\u00e9n durante el per\u00edodo de fiestas patrias.<\/p>\n<p style=\"font-weight: 400; text-align: justify;\">Seg\u00fan explic\u00f3 el fiscal jefe de Coyhaique, Jos\u00e9 Moris Ferrando, \u201choy se control\u00f3 la detenci\u00f3n y se formaliz\u00f3 a un imputado de fuera de la regi\u00f3n, que ven\u00eda ingresando con m\u00e1s de un kilo de marihuana a trav\u00e9s del puerto de Melinka\u201d.<\/p>\n<p style=\"font-weight: 400; text-align: justify;\">El persecutor penal agreg\u00f3 que gracias a labores investigativas realizadas por el OS-7 de Carabineros, la Armada y la Fiscal\u00eda, \u201cse logr\u00f3 descubrir a este sujeto que ve\u00eda importando la droga hasta la regi\u00f3n. Se le detuvo y traslad\u00f3 al Juzgado de Garant\u00eda de Puerto Cisnes donde fue controlada la detenci\u00f3n hoy\u201d.<\/p>\n<p style=\"font-weight: 400; text-align: justify;\">El fiscal Moris a\u00f1adi\u00f3 que el imputado fue formalizado por tr\u00e1fico de estupefacientes y se solicit\u00f3 su prisi\u00f3n preventiva. \u201cSi bien el Juzgado de Garant\u00eda de Cisnes no accedi\u00f3 a la prisi\u00f3n preventiva, la Fiscal\u00eda apel\u00f3 y la Ilustr\u00edsima Corte de Apelaciones de Coyhaique revoc\u00f3 la resoluci\u00f3n, a petici\u00f3n del Ministerio P\u00fablico, dejando al imputado en prisi\u00f3n preventiva por ser su libertad un peligro para la seguridad de la sociedad\u201d.<\/p>\n<p style=\"font-weight: 400; text-align: justify;\">El Tribunal de Alzada justific\u00f3 adem\u00e1s su decisi\u00f3n considerando que existe peligro de fuga por parte del imputado, al no contar con domicilio conocido en la regi\u00f3n. El alegato ante la Corte de Apelaciones fue realizado por la Unidad de Asesor\u00eda Jur\u00eddica de la Fiscal\u00eda Regional y el plazo para el t\u00e9rmino de la investigaci\u00f3n fue fijado por el Juzgado de Garant\u00eda en 90 d\u00edas.<\/p>\n<p style=\"font-weight: 400; text-align: justify;\">CARABINEROS<\/p>\n<p style=\"font-weight: 400; text-align: justify;\">Al respecto y sobre esta diligencia, el Jefe de la Secci\u00f3n OS-7 Ays\u00e9n, Capit\u00e1n Pablo Ardiles Herrera, indic\u00f3 que Carabineros especializados de la Secci\u00f3n se encuentra desarrollando m\u00faltiples servicios con motivo del inicio de las actividades por fiestas patrias, efectuando una b\u00fasqueda de diferentes puntos de ingreso de sustancias ilegales a la regi\u00f3n.<\/p>\n<p style=\"font-weight: 400; text-align: justify;\">\u201cEn este orden de ideas es que una patrulla se encontraba desarrollando trabajos especializados de control en conjunto con la Armada de Chile, en la alejada isla de Melinka, en donde nuestros carabineros se encuentran de manera permanente desarrollando un apoyo a la comunidad. Es por ello que se logra identificar, dentro de los pasajeros de una barcaza que llega desde Quell\u00f3n hasta la isla de Melinka, a un individuo mayor de edad que entre sus pertenencias manten\u00eda m\u00e1s de 1 kilo de marihuana que trasladaba hasta la localidad de Puerto Cisnes, lo anterior para posteriormente ser dividido y ofertado probablemente a diferentes consumidores finales de la regi\u00f3n\u201d, expres\u00f3 el Capit\u00e1n Pablo Ardiles Herrera.<\/p>\n<p style=\"font-weight: 400; text-align: justify;\">El Oficial y Jefe de Drogas de Carabineros en la regi\u00f3n de Ays\u00e9n a\u00f1adi\u00f3 que se \u201cse logra la detenci\u00f3n, se entrega la totalidad de los antecedentes al Ministerio P\u00fablico y gracias a la contundencia y al trabajo de nuestros Carabineros, se efectu\u00f3 un control de detenci\u00f3n, donde se declar\u00f3 su legalidad\u201d, indic\u00f3.<\/p>\n<p style=\"font-weight: 400; text-align: justify;\">Carabineros reiter\u00f3 una vez m\u00e1s el llamado a la comunidad a entregar informaci\u00f3n gratuita y an\u00f3nima al fono drogas 135, para de ese modo fomentar el trabajo especializado para materializar intervenciones que afecten a sujetos que se presten a cometer el delito de tr\u00e1fico de drogas y tambi\u00e9n advertir posibles n\u00facleos de venta de drogas en nuestro territorio.<\/p>\n<p style=\"font-weight: 400; text-align: justify;\">Es importante consignar que, desde enero al 10 de septiembre del presente a\u00f1o, Carabineros ha detenido en la regi\u00f3n de Ays\u00e9n a 178 personas por infracci\u00f3n a la ley de drogas, de los cuales un 37% registra detenciones previas por parte de esta polic\u00eda uniformada.<\/p>\n<p style=\"font-weight: 400; text-align: justify;\">Asimismo, durante este mismo periodo han sido decomisados m\u00e1s de 12 kg de drogas, logrando con ello evitar que esta llegue a nuestros j\u00f3venes y consumidores de la regi\u00f3n, donde tanto da\u00f1o genera.<\/p>\n<\/div><\/section><\/div><div  style='height:50px' class='hr hr-invisible   avia-builder-el-6  el_after_av_one_full  el_before_av_social_share '><span class='hr-inner ' ><span class='hr-inner-style'><\/span><\/span><\/div><\/p>\n<div  class='av-social-sharing-box  avia-builder-el-7  el_after_av_hr  el_before_av_hr  '><div class='av-share-box'><h5 class='av-share-link-description av-no-toc '>Compartir esta noticia<\/h5><ul class='av-share-box-list noLightbox'><li class='av-share-link av-social-link-facebook' ><a target=\"_blank\" aria-label=\"Compartir en Facebook\" href='https:\/\/www.facebook.com\/sharer.php?u=https:\/\/radiorevelacionfm.cl\/?p=35093&#038;t=M%C3%A1s%20de%20un%20kilo%20de%20marihuana%20decomisan%20en%20Melinka%20gracias%20a%20trabajo%20conjunto%20de%20Carabineros%2C%20Armada%20y%20Fiscal%C3%ADa' aria-hidden='false' data-av_icon='\ue8f3' data-av_iconfont='entypo-fontello' title='' data-avia-related-tooltip='Compartir en Facebook' rel=\"noopener\"><span class='avia_hidden_link_text'>Compartir en Facebook<\/span><\/a><\/li><li class='av-share-link av-social-link-twitter' ><a target=\"_blank\" aria-label=\"Compartir en Twitter\" href='https:\/\/twitter.com\/share?text=M%C3%A1s%20de%20un%20kilo%20de%20marihuana%20decomisan%20en%20Melinka%20gracias%20a%20trabajo%20conjunto%20de%20Carabineros%2C%20Armada%20y%20Fiscal%C3%ADa&#038;url=https:\/\/radiorevelacionfm.cl\/?p=35093' aria-hidden='false' data-av_icon='\ue8f1' data-av_iconfont='entypo-fontello' title='' data-avia-related-tooltip='Compartir en Twitter' rel=\"noopener\"><span class='avia_hidden_link_text'>Compartir en Twitter<\/span><\/a><\/li><li class='av-share-link av-social-link-whatsapp' ><a target=\"_blank\" aria-label=\"Compartir en Whatsapp\" href='https:\/\/api.whatsapp.com\/send?text=https:\/\/radiorevelacionfm.cl\/?p=35093' aria-hidden='false' data-av_icon='\uf232' data-av_iconfont='entypo-fontello' title='' data-avia-related-tooltip='Compartir en Whatsapp' rel=\"noopener\"><span class='avia_hidden_link_text'>Compartir en Whatsapp<\/span><\/a><\/li><li class='av-share-link av-social-link-linkedin' ><a target=\"_blank\" aria-label=\"Compartir en LinkedIn\" href='https:\/\/linkedin.com\/shareArticle?mini=true&#038;title=M%C3%A1s%20de%20un%20kilo%20de%20marihuana%20decomisan%20en%20Melinka%20gracias%20a%20trabajo%20conjunto%20de%20Carabineros%2C%20Armada%20y%20Fiscal%C3%ADa&#038;url=https:\/\/radiorevelacionfm.cl\/?p=35093' aria-hidden='false' data-av_icon='\ue8fc' data-av_iconfont='entypo-fontello' title='' data-avia-related-tooltip='Compartir en LinkedIn' rel=\"noopener\"><span class='avia_hidden_link_text'>Compartir en LinkedIn<\/span><\/a><\/li><li class='av-share-link av-social-link-mail' ><a  aria-label=\"Compartir por correo\" href='mailto:?subject=M%C3%A1s%20de%20un%20kilo%20de%20marihuana%20decomisan%20en%20Melinka%20gracias%20a%20trabajo%20conjunto%20de%20Carabineros%2C%20Armada%20y%20Fiscal%C3%ADa&#038;body=https:\/\/radiorevelacionfm.cl\/?p=35093' aria-hidden='false' data-av_icon='\ue805' data-av_iconfont='entypo-fontello' title='' data-avia-related-tooltip='Compartir por correo'><span class='avia_hidden_link_text'>Compartir por correo<\/span><\/a><\/li><\/ul><\/div><\/div>\n<div  style='height:50px' class='hr hr-invisible   avia-builder-el-8  el_after_av_social_share  el_before_av_comments_list '><span class='hr-inner ' ><span class='hr-inner-style'><\/span><\/span><\/div>\n<div  class='av-buildercomment  av-blog-meta-html-info-disabled av-blog-meta-tag-disabled  '><\/div>\n","protected":false},"excerpt":{"rendered":"","protected":false},"author":1,"featured_media":35094,"comment_status":"open","ping_status":"open","sticky":false,"template":"","format":"standard","meta":{"footnotes":""},"categories":[36],"tags":[],"class_list":["post-35093","post","type-post","status-publish","format-standard","has-post-thumbnail","hentry","category-policial"],"jetpack_featured_media_url":"https:\/\/radiorevelacionfm.cl\/wp-content\/uploads\/2023\/09\/IMG-20230915-WA0023-1-1.jpg","_links":{"self":[{"href":"https:\/\/radiorevelacionfm.cl\/index.php?rest_route=\/wp\/v2\/posts\/35093","targetHints":{"allow":["GET"]}}],"collection":[{"href":"https:\/\/radiorevelacionfm.cl\/index.php?rest_route=\/wp\/v2\/posts"}],"about":[{"href":"https:\/\/radiorevelacionfm.cl\/index.php?rest_route=\/wp\/v2\/types\/post"}],"author":[{"embeddable":true,"href":"https:\/\/radiorevelacionfm.cl\/index.php?rest_route=\/wp\/v2\/users\/1"}],"replies":[{"embeddable":true,"href":"https:\/\/radiorevelacionfm.cl\/index.php?rest_route=%2Fwp%2Fv2%2Fcomments&post=35093"}],"version-history":[{"count":1,"href":"https:\/\/radiorevelacionfm.cl\/index.php?rest_route=\/wp\/v2\/posts\/35093\/revisions"}],"predecessor-version":[{"id":35095,"href":"https:\/\/radiorevelacionfm.cl\/index.php?rest_route=\/wp\/v2\/posts\/35093\/revisions\/35095"}],"wp:featuredmedia":[{"embeddable":true,"href":"https:\/\/radiorevelacionfm.cl\/index.php?rest_route=\/wp\/v2\/media\/35094"}],"wp:attachment":[{"href":"https:\/\/radiorevelacionfm.cl\/index.php?rest_route=%2Fwp%2Fv2%2Fmedia&parent=35093"}],"wp:term":[{"taxonomy":"category","embeddable":true,"href":"https:\/\/radiorevelacionfm.cl\/index.php?rest_route=%2Fwp%2Fv2%2Fcategories&post=35093"},{"taxonomy":"post_tag","embeddable":true,"href":"https:\/\/radiorevelacionfm.cl\/index.php?rest_route=%2Fwp%2Fv2%2Ftags&post=35093"}],"curies":[{"name":"wp","href":"https:\/\/api.w.org\/{rel}","templated":true}]}}