{"id":35090,"date":"2023-09-16T16:37:22","date_gmt":"2023-09-16T19:37:22","guid":{"rendered":"https:\/\/radiorevelacionfm.cl\/?p=35090"},"modified":"2023-09-16T16:37:22","modified_gmt":"2023-09-16T19:37:22","slug":"seremi-tatiana-pla-decir-que-el-presidente-boric-solo-habla-para-su-sector-politico-y-no-para-todos-los-chilenos-es-poco-real","status":"publish","type":"post","link":"https:\/\/radiorevelacionfm.cl\/?p=35090","title":{"rendered":"Seremi Tatiana Pl\u00e1: \u00abDecir que el Presidente Boric s\u00f3lo habla para su sector pol\u00edtico y no para todos los chilenos es poco real\u00bb"},"content":{"rendered":"<div class=\"flex_column av_one_full  flex_column_div av-zero-column-padding first  avia-builder-el-0  el_before_av_one_full  avia-builder-el-first  \" style='border-radius:0px; '><div  class='avia-image-container  av-styling-    avia-builder-el-1  avia-builder-el-no-sibling  avia-align-center '  itemprop=\"image\" itemscope=\"itemscope\" itemtype=\"https:\/\/schema.org\/ImageObject\"  ><div class='avia-image-container-inner'><div class='avia-image-overlay-wrap'><img decoding=\"async\" class='wp-image-35091 avia-img-lazy-loading-not-35091 avia_image' src=\"https:\/\/radiorevelacionfm.cl\/wp-content\/uploads\/2023\/09\/Seremi1-2-1-1.jpg\" alt='' title='Seremi1 (2) (1) (1)' height=\"600\" width=\"800\"  itemprop=\"thumbnailUrl\" srcset=\"https:\/\/radiorevelacionfm.cl\/wp-content\/uploads\/2023\/09\/Seremi1-2-1-1.jpg 800w, https:\/\/radiorevelacionfm.cl\/wp-content\/uploads\/2023\/09\/Seremi1-2-1-1-300x225.jpg 300w, https:\/\/radiorevelacionfm.cl\/wp-content\/uploads\/2023\/09\/Seremi1-2-1-1-768x576.jpg 768w, https:\/\/radiorevelacionfm.cl\/wp-content\/uploads\/2023\/09\/Seremi1-2-1-1-705x529.jpg 705w, https:\/\/radiorevelacionfm.cl\/wp-content\/uploads\/2023\/09\/Seremi1-2-1-1-450x338.jpg 450w, https:\/\/radiorevelacionfm.cl\/wp-content\/uploads\/2023\/09\/Seremi1-2-1-1-600x450.jpg 600w\" sizes=\"(max-width: 800px) 100vw, 800px\" \/><\/div><\/div><\/div><\/div><div class=\"flex_column av_one_full  flex_column_div av-zero-column-padding first  avia-builder-el-2  el_after_av_one_full  el_before_av_one_full  column-top-margin\" style='border-radius:0px; '><section class=\"av_textblock_section \"  itemscope=\"itemscope\" itemtype=\"https:\/\/schema.org\/BlogPosting\" itemprop=\"blogPost\" ><div class='avia_textblock  '   itemprop=\"text\" ><p style=\"text-align: center;\"><strong><span style=\"font-size: 18pt;\">Seremi Tatiana Pl\u00e1: \u00abDecir que el Presidente Boric s\u00f3lo habla para su sector pol\u00edtico y no para todos los chilenos es poco real\u00bb<\/span><\/strong><\/p>\n<div id=\"gtx-trans\" style=\"position: absolute; left: -50px; top: 4.31534px;\">\n<div class=\"gtx-trans-icon\"><\/div>\n<\/div>\n<\/div><\/section><\/div><div class=\"flex_column av_one_full  flex_column_div av-zero-column-padding first  avia-builder-el-4  el_after_av_one_full  el_before_av_hr  column-top-margin\" style='border-radius:0px; '><section class=\"av_textblock_section \"  itemscope=\"itemscope\" itemtype=\"https:\/\/schema.org\/BlogPosting\" itemprop=\"blogPost\" ><div class='avia_textblock  '   itemprop=\"text\" ><p class=\"v1MsoNormal\" style=\"text-align: justify;\">Recientemente, la Seremi de\u00a0 Gobierno, Tatiana Pl\u00e1 \u00c1lvarez; se refiri\u00f3 a los dichos de la presidenta regional del partido pol\u00edtico Uni\u00f3n Dem\u00f3crata Independiente (UDI), quien dio su parecer en un medio de comunicaci\u00f3n de circulaci\u00f3n regional, con respecto a la conmemoraci\u00f3n de los 50 a\u00f1os del Golpe de Estado.<\/p>\n<p class=\"v1MsoNormal\" style=\"text-align: justify;\">La vocera de Gobierno, indic\u00f3: \u00abEl Presidente fue muy claro en la invitaci\u00f3n a participar de una Declaraci\u00f3n conjunta por la Conmemoraci\u00f3n de los 50 a\u00f1os del Golpe de Estado, invitando a todos los ex mandatarios (a) vivos, a participar de ella y tambi\u00e9n a todos los sectores pol\u00edticos con un solo fin, la firma de un \u00abCompromiso por la Democracia\u00bb y de esta manera fomentar el di\u00e1logo para construir acuerdos en el marco de fortalecer nuestra democracia y su capacidad de dar respuesta. Condenar la ruptura violenta de nuestra Democracia y el posterior terrorismo de Estado, ponerse de parte de quienes por d\u00e9cadas han buscado a sus familiares y que fueron v\u00edctimas del horror durante la Dictadura, es precisamente hablarle con claridad a todas y todos los chilenos, es comprometernos como Gobierno con un principio b\u00e1sico: Democracia siempre, respeto a los Derechos Humanos siempre\u00bb, concluy\u00f3.<\/p>\n<\/div><\/section><\/div><div  style='height:50px' class='hr hr-invisible   avia-builder-el-6  el_after_av_one_full  el_before_av_social_share '><span class='hr-inner ' ><span class='hr-inner-style'><\/span><\/span><\/div><\/p>\n<div  class='av-social-sharing-box  avia-builder-el-7  el_after_av_hr  el_before_av_hr  '><div class='av-share-box'><h5 class='av-share-link-description av-no-toc '>Compartir esta noticia<\/h5><ul class='av-share-box-list noLightbox'><li class='av-share-link av-social-link-facebook' ><a target=\"_blank\" aria-label=\"Compartir en Facebook\" href='https:\/\/www.facebook.com\/sharer.php?u=https:\/\/radiorevelacionfm.cl\/?p=35090&#038;t=Seremi%20Tatiana%20Pl%C3%A1%3A%20%C2%ABDecir%20que%20el%20Presidente%20Boric%20s%C3%B3lo%20habla%20para%20su%20sector%20pol%C3%ADtico%20y%20no%20para%20todos%20los%20chilenos%20es%20poco%20real%C2%BB' aria-hidden='false' data-av_icon='\ue8f3' data-av_iconfont='entypo-fontello' title='' data-avia-related-tooltip='Compartir en Facebook' rel=\"noopener\"><span class='avia_hidden_link_text'>Compartir en Facebook<\/span><\/a><\/li><li class='av-share-link av-social-link-twitter' ><a target=\"_blank\" aria-label=\"Compartir en Twitter\" href='https:\/\/twitter.com\/share?text=Seremi%20Tatiana%20Pl%C3%A1%3A%20%C2%ABDecir%20que%20el%20Presidente%20Boric%20s%C3%B3lo%20habla%20para%20su%20sector%20pol%C3%ADtico%20y%20no%20para%20todos%20los%20chilenos%20es%20poco%20real%C2%BB&#038;url=https:\/\/radiorevelacionfm.cl\/?p=35090' aria-hidden='false' data-av_icon='\ue8f1' data-av_iconfont='entypo-fontello' title='' data-avia-related-tooltip='Compartir en Twitter' rel=\"noopener\"><span class='avia_hidden_link_text'>Compartir en Twitter<\/span><\/a><\/li><li class='av-share-link av-social-link-whatsapp' ><a target=\"_blank\" aria-label=\"Compartir en Whatsapp\" href='https:\/\/api.whatsapp.com\/send?text=https:\/\/radiorevelacionfm.cl\/?p=35090' aria-hidden='false' data-av_icon='\uf232' data-av_iconfont='entypo-fontello' title='' data-avia-related-tooltip='Compartir en Whatsapp' rel=\"noopener\"><span class='avia_hidden_link_text'>Compartir en Whatsapp<\/span><\/a><\/li><li class='av-share-link av-social-link-linkedin' ><a target=\"_blank\" aria-label=\"Compartir en LinkedIn\" href='https:\/\/linkedin.com\/shareArticle?mini=true&#038;title=Seremi%20Tatiana%20Pl%C3%A1%3A%20%C2%ABDecir%20que%20el%20Presidente%20Boric%20s%C3%B3lo%20habla%20para%20su%20sector%20pol%C3%ADtico%20y%20no%20para%20todos%20los%20chilenos%20es%20poco%20real%C2%BB&#038;url=https:\/\/radiorevelacionfm.cl\/?p=35090' aria-hidden='false' data-av_icon='\ue8fc' data-av_iconfont='entypo-fontello' title='' data-avia-related-tooltip='Compartir en LinkedIn' rel=\"noopener\"><span class='avia_hidden_link_text'>Compartir en LinkedIn<\/span><\/a><\/li><li class='av-share-link av-social-link-mail' ><a  aria-label=\"Compartir por correo\" href='mailto:?subject=Seremi%20Tatiana%20Pl%C3%A1%3A%20%C2%ABDecir%20que%20el%20Presidente%20Boric%20s%C3%B3lo%20habla%20para%20su%20sector%20pol%C3%ADtico%20y%20no%20para%20todos%20los%20chilenos%20es%20poco%20real%C2%BB&#038;body=https:\/\/radiorevelacionfm.cl\/?p=35090' aria-hidden='false' data-av_icon='\ue805' data-av_iconfont='entypo-fontello' title='' data-avia-related-tooltip='Compartir por correo'><span class='avia_hidden_link_text'>Compartir por correo<\/span><\/a><\/li><\/ul><\/div><\/div>\n<div  style='height:50px' class='hr hr-invisible   avia-builder-el-8  el_after_av_social_share  el_before_av_comments_list '><span class='hr-inner ' ><span class='hr-inner-style'><\/span><\/span><\/div>\n<div  class='av-buildercomment  av-blog-meta-html-info-disabled av-blog-meta-tag-disabled  '><\/div>\n","protected":false},"excerpt":{"rendered":"","protected":false},"author":1,"featured_media":35091,"comment_status":"open","ping_status":"open","sticky":false,"template":"","format":"standard","meta":{"footnotes":""},"categories":[38],"tags":[],"class_list":["post-35090","post","type-post","status-publish","format-standard","has-post-thumbnail","hentry","category-regional"],"jetpack_featured_media_url":"https:\/\/radiorevelacionfm.cl\/wp-content\/uploads\/2023\/09\/Seremi1-2-1-1.jpg","_links":{"self":[{"href":"https:\/\/radiorevelacionfm.cl\/index.php?rest_route=\/wp\/v2\/posts\/35090","targetHints":{"allow":["GET"]}}],"collection":[{"href":"https:\/\/radiorevelacionfm.cl\/index.php?rest_route=\/wp\/v2\/posts"}],"about":[{"href":"https:\/\/radiorevelacionfm.cl\/index.php?rest_route=\/wp\/v2\/types\/post"}],"author":[{"embeddable":true,"href":"https:\/\/radiorevelacionfm.cl\/index.php?rest_route=\/wp\/v2\/users\/1"}],"replies":[{"embeddable":true,"href":"https:\/\/radiorevelacionfm.cl\/index.php?rest_route=%2Fwp%2Fv2%2Fcomments&post=35090"}],"version-history":[{"count":1,"href":"https:\/\/radiorevelacionfm.cl\/index.php?rest_route=\/wp\/v2\/posts\/35090\/revisions"}],"predecessor-version":[{"id":35092,"href":"https:\/\/radiorevelacionfm.cl\/index.php?rest_route=\/wp\/v2\/posts\/35090\/revisions\/35092"}],"wp:featuredmedia":[{"embeddable":true,"href":"https:\/\/radiorevelacionfm.cl\/index.php?rest_route=\/wp\/v2\/media\/35091"}],"wp:attachment":[{"href":"https:\/\/radiorevelacionfm.cl\/index.php?rest_route=%2Fwp%2Fv2%2Fmedia&parent=35090"}],"wp:term":[{"taxonomy":"category","embeddable":true,"href":"https:\/\/radiorevelacionfm.cl\/index.php?rest_route=%2Fwp%2Fv2%2Fcategories&post=35090"},{"taxonomy":"post_tag","embeddable":true,"href":"https:\/\/radiorevelacionfm.cl\/index.php?rest_route=%2Fwp%2Fv2%2Ftags&post=35090"}],"curies":[{"name":"wp","href":"https:\/\/api.w.org\/{rel}","templated":true}]}}