{"id":35087,"date":"2023-09-15T18:30:27","date_gmt":"2023-09-15T21:30:27","guid":{"rendered":"https:\/\/radiorevelacionfm.cl\/?p=35087"},"modified":"2023-09-15T18:30:27","modified_gmt":"2023-09-15T21:30:27","slug":"en-puerto-aysen-se-realizo-encuentro-comunal-del-programa-mujeres-jefas-de-hogar","status":"publish","type":"post","link":"https:\/\/radiorevelacionfm.cl\/?p=35087","title":{"rendered":"En Puerto Ays\u00e9n se realiz\u00f3 encuentro comunal del programa \u201cMujeres Jefas de Hogar\u201d"},"content":{"rendered":"<div class=\"flex_column av_one_full  flex_column_div av-zero-column-padding first  avia-builder-el-0  el_before_av_one_full  avia-builder-el-first  \" style='border-radius:0px; '><div  class='avia-image-container  av-styling-    avia-builder-el-1  avia-builder-el-no-sibling  avia-align-center '  itemprop=\"image\" itemscope=\"itemscope\" itemtype=\"https:\/\/schema.org\/ImageObject\"  ><div class='avia-image-container-inner'><div class='avia-image-overlay-wrap'><img decoding=\"async\" class='wp-image-35088 avia-img-lazy-loading-not-35088 avia_image' src=\"https:\/\/radiorevelacionfm.cl\/wp-content\/uploads\/2023\/09\/mujeres-jefas-de-hogar-1-1_optimized.jpg\" alt='' title='mujeres-jefas-de-hogar-1-(1)_optimized' height=\"600\" width=\"1231\"  itemprop=\"thumbnailUrl\" srcset=\"https:\/\/radiorevelacionfm.cl\/wp-content\/uploads\/2023\/09\/mujeres-jefas-de-hogar-1-1_optimized.jpg 1231w, https:\/\/radiorevelacionfm.cl\/wp-content\/uploads\/2023\/09\/mujeres-jefas-de-hogar-1-1_optimized-300x146.jpg 300w, https:\/\/radiorevelacionfm.cl\/wp-content\/uploads\/2023\/09\/mujeres-jefas-de-hogar-1-1_optimized-1030x502.jpg 1030w, https:\/\/radiorevelacionfm.cl\/wp-content\/uploads\/2023\/09\/mujeres-jefas-de-hogar-1-1_optimized-768x374.jpg 768w, https:\/\/radiorevelacionfm.cl\/wp-content\/uploads\/2023\/09\/mujeres-jefas-de-hogar-1-1_optimized-705x344.jpg 705w, https:\/\/radiorevelacionfm.cl\/wp-content\/uploads\/2023\/09\/mujeres-jefas-de-hogar-1-1_optimized-450x219.jpg 450w, https:\/\/radiorevelacionfm.cl\/wp-content\/uploads\/2023\/09\/mujeres-jefas-de-hogar-1-1_optimized-600x292.jpg 600w\" sizes=\"(max-width: 1231px) 100vw, 1231px\" \/><\/div><\/div><\/div><\/div><div class=\"flex_column av_one_full  flex_column_div av-zero-column-padding first  avia-builder-el-2  el_after_av_one_full  el_before_av_one_full  column-top-margin\" style='border-radius:0px; '><section class=\"av_textblock_section \"  itemscope=\"itemscope\" itemtype=\"https:\/\/schema.org\/BlogPosting\" itemprop=\"blogPost\" ><div class='avia_textblock  '   itemprop=\"text\" ><p style=\"text-align: center;\"><strong><span style=\"font-size: 18pt;\">En Puerto Ays\u00e9n se realiz\u00f3 encuentro comunal del programa \u201cMujeres Jefas de Hogar\u201d<\/span><\/strong><\/p>\n<div id=\"gtx-trans\" style=\"position: absolute; left: -50px; top: 4.31534px;\">\n<div class=\"gtx-trans-icon\"><\/div>\n<\/div>\n<\/div><\/section><\/div><div class=\"flex_column av_one_full  flex_column_div av-zero-column-padding first  avia-builder-el-4  el_after_av_one_full  el_before_av_hr  column-top-margin\" style='border-radius:0px; '><section class=\"av_textblock_section \"  itemscope=\"itemscope\" itemtype=\"https:\/\/schema.org\/BlogPosting\" itemprop=\"blogPost\" ><div class='avia_textblock  '   itemprop=\"text\" ><p style=\"text-align: justify;\">En dependencias de la Casa de la Cultura se realiz\u00f3 el Encuentro Comunal del Programa \u201cMujeres Jefas de Hogar\u201d, con la presencia del Alcalde, Julio Uribe, jefe de gabinete Delegaci\u00f3n Presidencial Provincial de Ays\u00e9n, Sebasti\u00e1n Vega, Director Regional JUNJI Ays\u00e9n, Juan Lorca Valdivia, Directora Regional Fundaci\u00f3n PRODEMU, Ingrid Osorio Santana, Director (s) Hospital de Puerto Ays\u00e9n, Fernando Rodr\u00edguez Ortiz, Coordinadora Regional Chile Valora, Valeska Valenzuela Donoso y la Directora Desarrollo Comunitario, Nadia Bravo Burgos.<\/p>\n<p style=\"text-align: justify;\">Esta intervenci\u00f3n program\u00e1tica se ejecuta en la comuna de Ays\u00e9n, desde sus inicios, de manera interrumpida, a trav\u00e9s de sucesivos convenios entre la Ilustre Municipalidad de Ays\u00e9n y el Servicio Nacional de la Mujer y la Equidad de G\u00e9nero.<\/p>\n<p style=\"text-align: justify;\">Su objetivo central es \u201cpromover la autonom\u00eda econ\u00f3mica de las mujeres jefas de hogar, a trav\u00e9s de un conjunto de herramientas que les permitan generar, gestionar ingresos y recursos propios a partir del trabajo remunerado, del acceso a la oferta p\u00fablica y oportunidades de conciliaci\u00f3n del trabajo remunerado, dom\u00e9stico y de cuidados\u201d.<\/p>\n<p style=\"text-align: justify;\">Para su ejecuci\u00f3n, el Municipio tiene habilitada la Oficina Comunal del programa Mujeres Jefas de Hogar; bajo la dependencia de la Direcci\u00f3n de Desarrollo Comunitario- DIDECO, con dos profesionales que est\u00e1n a cargo de su implementaci\u00f3n a nivel local, Natalia Vargas y Nicole Salgado.<\/p>\n<p style=\"text-align: justify;\">En la ceremonia el Alcalde de la comuna de Ays\u00e9n, Julio Uribe, la Directora Regional (S) del Servicio Nacional de la Mujer y la Equidad de G\u00e9nero, SernamEG, Marta Godoy Carvajal y en representaci\u00f3n de las beneficiarias del programa, Carolina Pladellorens, relevaron lo positivo de la iniciativa, que pone en valor y da la importancia que se merecen a las Mujeres Jefas de Hogar.<\/p>\n<\/div><\/section><\/div><div  style='height:50px' class='hr hr-invisible   avia-builder-el-6  el_after_av_one_full  el_before_av_social_share '><span class='hr-inner ' ><span class='hr-inner-style'><\/span><\/span><\/div><\/p>\n<div  class='av-social-sharing-box  avia-builder-el-7  el_after_av_hr  el_before_av_hr  '><div class='av-share-box'><h5 class='av-share-link-description av-no-toc '>Compartir esta noticia<\/h5><ul class='av-share-box-list noLightbox'><li class='av-share-link av-social-link-facebook' ><a target=\"_blank\" aria-label=\"Compartir en Facebook\" href='https:\/\/www.facebook.com\/sharer.php?u=https:\/\/radiorevelacionfm.cl\/?p=35087&#038;t=En%20Puerto%20Ays%C3%A9n%20se%20realiz%C3%B3%20encuentro%20comunal%20del%20programa%20%E2%80%9CMujeres%20Jefas%20de%20Hogar%E2%80%9D' aria-hidden='false' data-av_icon='\ue8f3' data-av_iconfont='entypo-fontello' title='' data-avia-related-tooltip='Compartir en Facebook' rel=\"noopener\"><span class='avia_hidden_link_text'>Compartir en Facebook<\/span><\/a><\/li><li class='av-share-link av-social-link-twitter' ><a target=\"_blank\" aria-label=\"Compartir en Twitter\" href='https:\/\/twitter.com\/share?text=En%20Puerto%20Ays%C3%A9n%20se%20realiz%C3%B3%20encuentro%20comunal%20del%20programa%20%E2%80%9CMujeres%20Jefas%20de%20Hogar%E2%80%9D&#038;url=https:\/\/radiorevelacionfm.cl\/?p=35087' aria-hidden='false' data-av_icon='\ue8f1' data-av_iconfont='entypo-fontello' title='' data-avia-related-tooltip='Compartir en Twitter' rel=\"noopener\"><span class='avia_hidden_link_text'>Compartir en Twitter<\/span><\/a><\/li><li class='av-share-link av-social-link-whatsapp' ><a target=\"_blank\" aria-label=\"Compartir en Whatsapp\" href='https:\/\/api.whatsapp.com\/send?text=https:\/\/radiorevelacionfm.cl\/?p=35087' aria-hidden='false' data-av_icon='\uf232' data-av_iconfont='entypo-fontello' title='' data-avia-related-tooltip='Compartir en Whatsapp' rel=\"noopener\"><span class='avia_hidden_link_text'>Compartir en Whatsapp<\/span><\/a><\/li><li class='av-share-link av-social-link-linkedin' ><a target=\"_blank\" aria-label=\"Compartir en LinkedIn\" href='https:\/\/linkedin.com\/shareArticle?mini=true&#038;title=En%20Puerto%20Ays%C3%A9n%20se%20realiz%C3%B3%20encuentro%20comunal%20del%20programa%20%E2%80%9CMujeres%20Jefas%20de%20Hogar%E2%80%9D&#038;url=https:\/\/radiorevelacionfm.cl\/?p=35087' aria-hidden='false' data-av_icon='\ue8fc' data-av_iconfont='entypo-fontello' title='' data-avia-related-tooltip='Compartir en LinkedIn' rel=\"noopener\"><span class='avia_hidden_link_text'>Compartir en LinkedIn<\/span><\/a><\/li><li class='av-share-link av-social-link-mail' ><a  aria-label=\"Compartir por correo\" href='mailto:?subject=En%20Puerto%20Ays%C3%A9n%20se%20realiz%C3%B3%20encuentro%20comunal%20del%20programa%20%E2%80%9CMujeres%20Jefas%20de%20Hogar%E2%80%9D&#038;body=https:\/\/radiorevelacionfm.cl\/?p=35087' aria-hidden='false' data-av_icon='\ue805' data-av_iconfont='entypo-fontello' title='' data-avia-related-tooltip='Compartir por correo'><span class='avia_hidden_link_text'>Compartir por correo<\/span><\/a><\/li><\/ul><\/div><\/div>\n<div  style='height:50px' class='hr hr-invisible   avia-builder-el-8  el_after_av_social_share  el_before_av_comments_list '><span class='hr-inner ' ><span class='hr-inner-style'><\/span><\/span><\/div>\n<div  class='av-buildercomment  av-blog-meta-html-info-disabled av-blog-meta-tag-disabled  '><\/div>\n","protected":false},"excerpt":{"rendered":"","protected":false},"author":1,"featured_media":35088,"comment_status":"open","ping_status":"open","sticky":false,"template":"","format":"standard","meta":{"footnotes":""},"categories":[38],"tags":[],"class_list":["post-35087","post","type-post","status-publish","format-standard","has-post-thumbnail","hentry","category-regional"],"jetpack_featured_media_url":"https:\/\/radiorevelacionfm.cl\/wp-content\/uploads\/2023\/09\/mujeres-jefas-de-hogar-1-1_optimized.jpg","_links":{"self":[{"href":"https:\/\/radiorevelacionfm.cl\/index.php?rest_route=\/wp\/v2\/posts\/35087","targetHints":{"allow":["GET"]}}],"collection":[{"href":"https:\/\/radiorevelacionfm.cl\/index.php?rest_route=\/wp\/v2\/posts"}],"about":[{"href":"https:\/\/radiorevelacionfm.cl\/index.php?rest_route=\/wp\/v2\/types\/post"}],"author":[{"embeddable":true,"href":"https:\/\/radiorevelacionfm.cl\/index.php?rest_route=\/wp\/v2\/users\/1"}],"replies":[{"embeddable":true,"href":"https:\/\/radiorevelacionfm.cl\/index.php?rest_route=%2Fwp%2Fv2%2Fcomments&post=35087"}],"version-history":[{"count":1,"href":"https:\/\/radiorevelacionfm.cl\/index.php?rest_route=\/wp\/v2\/posts\/35087\/revisions"}],"predecessor-version":[{"id":35089,"href":"https:\/\/radiorevelacionfm.cl\/index.php?rest_route=\/wp\/v2\/posts\/35087\/revisions\/35089"}],"wp:featuredmedia":[{"embeddable":true,"href":"https:\/\/radiorevelacionfm.cl\/index.php?rest_route=\/wp\/v2\/media\/35088"}],"wp:attachment":[{"href":"https:\/\/radiorevelacionfm.cl\/index.php?rest_route=%2Fwp%2Fv2%2Fmedia&parent=35087"}],"wp:term":[{"taxonomy":"category","embeddable":true,"href":"https:\/\/radiorevelacionfm.cl\/index.php?rest_route=%2Fwp%2Fv2%2Fcategories&post=35087"},{"taxonomy":"post_tag","embeddable":true,"href":"https:\/\/radiorevelacionfm.cl\/index.php?rest_route=%2Fwp%2Fv2%2Ftags&post=35087"}],"curies":[{"name":"wp","href":"https:\/\/api.w.org\/{rel}","templated":true}]}}