{"id":35084,"date":"2023-09-15T12:50:17","date_gmt":"2023-09-15T15:50:17","guid":{"rendered":"https:\/\/radiorevelacionfm.cl\/?p=35084"},"modified":"2023-09-15T12:50:17","modified_gmt":"2023-09-15T15:50:17","slug":"varamiento-de-ballena-en-puyuhuapi-moviliza-a-sernapesca-e-inician-acciones-legales-por-muerte-del-ejemplar","status":"publish","type":"post","link":"https:\/\/radiorevelacionfm.cl\/?p=35084","title":{"rendered":"Varamiento de ballena en Puyuhuapi moviliza a Sernapesca e inician acciones legales por muerte del ejemplar"},"content":{"rendered":"<div class=\"flex_column av_one_full  flex_column_div av-zero-column-padding first  avia-builder-el-0  el_before_av_one_full  avia-builder-el-first  \" style='border-radius:0px; '><div  class='avia-image-container  av-styling-    avia-builder-el-1  avia-builder-el-no-sibling  avia-align-center '  itemprop=\"image\" itemscope=\"itemscope\" itemtype=\"https:\/\/schema.org\/ImageObject\"  ><div class='avia-image-container-inner'><div class='avia-image-overlay-wrap'><img decoding=\"async\" class='wp-image-35085 avia-img-lazy-loading-not-35085 avia_image' src=\"https:\/\/radiorevelacionfm.cl\/wp-content\/uploads\/2023\/09\/Ballena_Puyuhuapi-1.jpg\" alt='' title='Ballena_Puyuhuapi (1)' height=\"600\" width=\"800\"  itemprop=\"thumbnailUrl\" srcset=\"https:\/\/radiorevelacionfm.cl\/wp-content\/uploads\/2023\/09\/Ballena_Puyuhuapi-1.jpg 800w, https:\/\/radiorevelacionfm.cl\/wp-content\/uploads\/2023\/09\/Ballena_Puyuhuapi-1-300x225.jpg 300w, https:\/\/radiorevelacionfm.cl\/wp-content\/uploads\/2023\/09\/Ballena_Puyuhuapi-1-768x576.jpg 768w, https:\/\/radiorevelacionfm.cl\/wp-content\/uploads\/2023\/09\/Ballena_Puyuhuapi-1-705x529.jpg 705w, https:\/\/radiorevelacionfm.cl\/wp-content\/uploads\/2023\/09\/Ballena_Puyuhuapi-1-450x338.jpg 450w, https:\/\/radiorevelacionfm.cl\/wp-content\/uploads\/2023\/09\/Ballena_Puyuhuapi-1-600x450.jpg 600w\" sizes=\"(max-width: 800px) 100vw, 800px\" \/><\/div><\/div><\/div><\/div><div class=\"flex_column av_one_full  flex_column_div av-zero-column-padding first  avia-builder-el-2  el_after_av_one_full  el_before_av_one_full  column-top-margin\" style='border-radius:0px; '><section class=\"av_textblock_section \"  itemscope=\"itemscope\" itemtype=\"https:\/\/schema.org\/BlogPosting\" itemprop=\"blogPost\" ><div class='avia_textblock  '   itemprop=\"text\" ><p style=\"text-align: center;\"><strong><span style=\"font-size: 18pt;\">Varamiento de ballena en Puyuhuapi moviliza a Sernapesca e inician acciones legales por muerte del ejemplar<\/span><\/strong><\/p>\n<div id=\"gtx-trans\" style=\"position: absolute; left: -50px; top: 4.31534px;\">\n<div class=\"gtx-trans-icon\"><\/div>\n<\/div>\n<\/div><\/section><\/div><div class=\"flex_column av_one_full  flex_column_div av-zero-column-padding first  avia-builder-el-4  el_after_av_one_full  el_before_av_hr  column-top-margin\" style='border-radius:0px; '><section class=\"av_textblock_section \"  itemscope=\"itemscope\" itemtype=\"https:\/\/schema.org\/BlogPosting\" itemprop=\"blogPost\" ><div class='avia_textblock  '   itemprop=\"text\" ><p style=\"font-weight: 400; text-align: justify;\">El Servicio Nacional de Pesca y Acuicultura (Sernapesca) de Ays\u00e9n present\u00f3 una denuncia ante la Fiscal\u00eda de Puerto Ays\u00e9n por ballena Sei (Balaenoptera borealis), que var\u00f3 con un cabo alrededor de su cuerpo en el canal Puyuhuapi.<\/p>\n<p style=\"font-weight: 400; text-align: justify;\">El 12 de septiembre Sernapesca Ays\u00e9n recibi\u00f3 un aviso por parte de una persona de la empresa Granja Marina Tornagaleones, sobre el varamiento de una ballena en borde costero aleda\u00f1o a centro de cultivo Paso Galvarino, en sector las pulgas, canal Puyuhuapi, comuna de Cisnes. De acuerdo a los antecedentes entregados por la empresa, el ejemplar se encontraba sangrando y aparentemente viva, lo que moviliz\u00f3 el mismo d\u00eda a un equipo de m\u00e9dicos veterinarios del Servicio Nacional de Pesca y Acuicultura de Ays\u00e9n que se encontraban fiscalizando a la Piscicultura R\u00edo Uni\u00f3n. Al llegar, pudieron constatar que efectivamente el ejemplar a\u00fan estaba con vida y estaba sangrando.<\/p>\n<p style=\"font-weight: 400; text-align: justify;\">\u201cLamentablemente el ejemplar falleci\u00f3 y su cuerpo se sumergi\u00f3 en el canal Puyuhuapi a unos 4 a 8 metros de profundidad. Sin embargo, gracias a im\u00e1genes obtenidas a trav\u00e9s de un ROV pudimos confirmar que la ballena era de la especie Sei, de 10 metros de longitud y que se encontraba con un cabo. Si bien el cabo no le imped\u00eda nadar, estaba alrededor del cuerpo entre el espir\u00e1culo y las aletas pectorales. Esperamos que la investigaci\u00f3n por parte de la Fiscal\u00eda pueda esclarecer los hechos\u201d, coment\u00f3 Jorge Padilla, Director Regional (s) de Sernapesca Ays\u00e9n.<\/p>\n<p style=\"font-weight: 400; text-align: justify;\">Las caracter\u00edsticas del enmalle dan cuenta que no era reciente debido a que el ejemplar tiene marcas en la piel por proceso prolongado de estrangulamiento. En cuanto a las lesiones que ocasionaron el sangrado se puede concluir, a trav\u00e9s de las mismas im\u00e1genes obtenidas con el ROV, que no existen heridas provocadas por depredadores. Mayor informaci\u00f3n se podr\u00e1 corroborar con una posterior Necropsia si es que la Fiscal\u00eda as\u00ed lo determina.<\/p>\n<p style=\"font-weight: 400; text-align: justify;\">Se est\u00e1 coordinando el traslado del ejemplar, una vez este reflote, a un lugar seguro desde un punto de vista sanitario para facilitar la toma de muestras biol\u00f3gicas si es que la investigaci\u00f3n de Fiscal\u00eda as\u00ed lo requiere para avanzar en el esclarecimiento de los acontecimientos que dieron muerte a esta ballena.<\/p>\n<\/div><\/section><\/div><div  style='height:50px' class='hr hr-invisible   avia-builder-el-6  el_after_av_one_full  el_before_av_social_share '><span class='hr-inner ' ><span class='hr-inner-style'><\/span><\/span><\/div><\/p>\n<div  class='av-social-sharing-box  avia-builder-el-7  el_after_av_hr  el_before_av_hr  '><div class='av-share-box'><h5 class='av-share-link-description av-no-toc '>Compartir esta noticia<\/h5><ul class='av-share-box-list noLightbox'><li class='av-share-link av-social-link-facebook' ><a target=\"_blank\" aria-label=\"Compartir en Facebook\" href='https:\/\/www.facebook.com\/sharer.php?u=https:\/\/radiorevelacionfm.cl\/?p=35084&#038;t=Varamiento%20de%20ballena%20en%20Puyuhuapi%20moviliza%20a%20Sernapesca%20e%20inician%20acciones%20legales%20por%20muerte%20del%20ejemplar' aria-hidden='false' data-av_icon='\ue8f3' data-av_iconfont='entypo-fontello' title='' data-avia-related-tooltip='Compartir en Facebook' rel=\"noopener\"><span class='avia_hidden_link_text'>Compartir en Facebook<\/span><\/a><\/li><li class='av-share-link av-social-link-twitter' ><a target=\"_blank\" aria-label=\"Compartir en Twitter\" href='https:\/\/twitter.com\/share?text=Varamiento%20de%20ballena%20en%20Puyuhuapi%20moviliza%20a%20Sernapesca%20e%20inician%20acciones%20legales%20por%20muerte%20del%20ejemplar&#038;url=https:\/\/radiorevelacionfm.cl\/?p=35084' aria-hidden='false' data-av_icon='\ue8f1' data-av_iconfont='entypo-fontello' title='' data-avia-related-tooltip='Compartir en Twitter' rel=\"noopener\"><span class='avia_hidden_link_text'>Compartir en Twitter<\/span><\/a><\/li><li class='av-share-link av-social-link-whatsapp' ><a target=\"_blank\" aria-label=\"Compartir en Whatsapp\" href='https:\/\/api.whatsapp.com\/send?text=https:\/\/radiorevelacionfm.cl\/?p=35084' aria-hidden='false' data-av_icon='\uf232' data-av_iconfont='entypo-fontello' title='' data-avia-related-tooltip='Compartir en Whatsapp' rel=\"noopener\"><span class='avia_hidden_link_text'>Compartir en Whatsapp<\/span><\/a><\/li><li class='av-share-link av-social-link-linkedin' ><a target=\"_blank\" aria-label=\"Compartir en LinkedIn\" href='https:\/\/linkedin.com\/shareArticle?mini=true&#038;title=Varamiento%20de%20ballena%20en%20Puyuhuapi%20moviliza%20a%20Sernapesca%20e%20inician%20acciones%20legales%20por%20muerte%20del%20ejemplar&#038;url=https:\/\/radiorevelacionfm.cl\/?p=35084' aria-hidden='false' data-av_icon='\ue8fc' data-av_iconfont='entypo-fontello' title='' data-avia-related-tooltip='Compartir en LinkedIn' rel=\"noopener\"><span class='avia_hidden_link_text'>Compartir en LinkedIn<\/span><\/a><\/li><li class='av-share-link av-social-link-mail' ><a  aria-label=\"Compartir por correo\" href='mailto:?subject=Varamiento%20de%20ballena%20en%20Puyuhuapi%20moviliza%20a%20Sernapesca%20e%20inician%20acciones%20legales%20por%20muerte%20del%20ejemplar&#038;body=https:\/\/radiorevelacionfm.cl\/?p=35084' aria-hidden='false' data-av_icon='\ue805' data-av_iconfont='entypo-fontello' title='' data-avia-related-tooltip='Compartir por correo'><span class='avia_hidden_link_text'>Compartir por correo<\/span><\/a><\/li><\/ul><\/div><\/div>\n<div  style='height:50px' class='hr hr-invisible   avia-builder-el-8  el_after_av_social_share  el_before_av_comments_list '><span class='hr-inner ' ><span class='hr-inner-style'><\/span><\/span><\/div>\n<div  class='av-buildercomment  av-blog-meta-html-info-disabled av-blog-meta-tag-disabled  '><\/div>\n","protected":false},"excerpt":{"rendered":"","protected":false},"author":1,"featured_media":35085,"comment_status":"open","ping_status":"open","sticky":false,"template":"","format":"standard","meta":{"footnotes":""},"categories":[38],"tags":[],"class_list":["post-35084","post","type-post","status-publish","format-standard","has-post-thumbnail","hentry","category-regional"],"jetpack_featured_media_url":"https:\/\/radiorevelacionfm.cl\/wp-content\/uploads\/2023\/09\/Ballena_Puyuhuapi-1.jpg","_links":{"self":[{"href":"https:\/\/radiorevelacionfm.cl\/index.php?rest_route=\/wp\/v2\/posts\/35084","targetHints":{"allow":["GET"]}}],"collection":[{"href":"https:\/\/radiorevelacionfm.cl\/index.php?rest_route=\/wp\/v2\/posts"}],"about":[{"href":"https:\/\/radiorevelacionfm.cl\/index.php?rest_route=\/wp\/v2\/types\/post"}],"author":[{"embeddable":true,"href":"https:\/\/radiorevelacionfm.cl\/index.php?rest_route=\/wp\/v2\/users\/1"}],"replies":[{"embeddable":true,"href":"https:\/\/radiorevelacionfm.cl\/index.php?rest_route=%2Fwp%2Fv2%2Fcomments&post=35084"}],"version-history":[{"count":1,"href":"https:\/\/radiorevelacionfm.cl\/index.php?rest_route=\/wp\/v2\/posts\/35084\/revisions"}],"predecessor-version":[{"id":35086,"href":"https:\/\/radiorevelacionfm.cl\/index.php?rest_route=\/wp\/v2\/posts\/35084\/revisions\/35086"}],"wp:featuredmedia":[{"embeddable":true,"href":"https:\/\/radiorevelacionfm.cl\/index.php?rest_route=\/wp\/v2\/media\/35085"}],"wp:attachment":[{"href":"https:\/\/radiorevelacionfm.cl\/index.php?rest_route=%2Fwp%2Fv2%2Fmedia&parent=35084"}],"wp:term":[{"taxonomy":"category","embeddable":true,"href":"https:\/\/radiorevelacionfm.cl\/index.php?rest_route=%2Fwp%2Fv2%2Fcategories&post=35084"},{"taxonomy":"post_tag","embeddable":true,"href":"https:\/\/radiorevelacionfm.cl\/index.php?rest_route=%2Fwp%2Fv2%2Ftags&post=35084"}],"curies":[{"name":"wp","href":"https:\/\/api.w.org\/{rel}","templated":true}]}}