{"id":35081,"date":"2023-09-20T10:03:27","date_gmt":"2023-09-20T13:03:27","guid":{"rendered":"https:\/\/radiorevelacionfm.cl\/?p=35081"},"modified":"2023-09-20T10:03:27","modified_gmt":"2023-09-20T13:03:27","slug":"fiscalizan-trabajos-de-podas-y-despeje-de-lineas-electricas-para-evitar-cortes-de-energia-en-temporada-estival","status":"publish","type":"post","link":"https:\/\/radiorevelacionfm.cl\/?p=35081","title":{"rendered":"Fiscalizan trabajos de podas y despeje de l\u00edneas el\u00e9ctricas para evitar cortes de energ\u00eda en temporada estival"},"content":{"rendered":"<div class=\"flex_column av_one_full  flex_column_div av-zero-column-padding first  avia-builder-el-0  el_before_av_one_full  avia-builder-el-first  \" style='border-radius:0px; '><div  class='avia-image-container  av-styling-    avia-builder-el-1  avia-builder-el-no-sibling  avia-align-center '  itemprop=\"image\" itemscope=\"itemscope\" itemtype=\"https:\/\/schema.org\/ImageObject\"  ><div class='avia-image-container-inner'><div class='avia-image-overlay-wrap'><img decoding=\"async\" class='wp-image-35082 avia-img-lazy-loading-not-35082 avia_image' src=\"https:\/\/radiorevelacionfm.cl\/wp-content\/uploads\/2023\/09\/podas-4-1-1_optimized-1.jpeg\" alt='' title='podas-4-(1)-(1)_optimized (1)' height=\"600\" width=\"821\"  itemprop=\"thumbnailUrl\" srcset=\"https:\/\/radiorevelacionfm.cl\/wp-content\/uploads\/2023\/09\/podas-4-1-1_optimized-1.jpeg 821w, https:\/\/radiorevelacionfm.cl\/wp-content\/uploads\/2023\/09\/podas-4-1-1_optimized-1-300x219.jpeg 300w, https:\/\/radiorevelacionfm.cl\/wp-content\/uploads\/2023\/09\/podas-4-1-1_optimized-1-768x561.jpeg 768w, https:\/\/radiorevelacionfm.cl\/wp-content\/uploads\/2023\/09\/podas-4-1-1_optimized-1-705x515.jpeg 705w, https:\/\/radiorevelacionfm.cl\/wp-content\/uploads\/2023\/09\/podas-4-1-1_optimized-1-450x329.jpeg 450w, https:\/\/radiorevelacionfm.cl\/wp-content\/uploads\/2023\/09\/podas-4-1-1_optimized-1-600x438.jpeg 600w\" sizes=\"(max-width: 821px) 100vw, 821px\" \/><\/div><\/div><\/div><\/div><div class=\"flex_column av_one_full  flex_column_div av-zero-column-padding first  avia-builder-el-2  el_after_av_one_full  el_before_av_one_full  column-top-margin\" style='border-radius:0px; '><section class=\"av_textblock_section \"  itemscope=\"itemscope\" itemtype=\"https:\/\/schema.org\/BlogPosting\" itemprop=\"blogPost\" ><div class='avia_textblock  '   itemprop=\"text\" ><p style=\"text-align: center;\"><strong><span style=\"font-size: 18pt;\">Fiscalizan trabajos de podas y despeje de l\u00edneas el\u00e9ctricas para evitar cortes de energ\u00eda en temporada estival<\/span><\/strong><\/p>\n<div id=\"gtx-trans\" style=\"position: absolute; left: -50px; top: 4.31534px;\">\n<div class=\"gtx-trans-icon\"><\/div>\n<\/div>\n<\/div><\/section><\/div><div class=\"flex_column av_one_full  flex_column_div av-zero-column-padding first  avia-builder-el-4  el_after_av_one_full  el_before_av_hr  column-top-margin\" style='border-radius:0px; '><section class=\"av_textblock_section \"  itemscope=\"itemscope\" itemtype=\"https:\/\/schema.org\/BlogPosting\" itemprop=\"blogPost\" ><div class='avia_textblock  '   itemprop=\"text\" ><p class=\"v1MsoNormal\" style=\"text-align: justify;\"><span lang=\"ES\">Funcionarios de la Direcci\u00f3n Regional de Ays\u00e9n de la Superintendencia de Electricidad y Combustibles, SEC, fiscalizaron en terreno la ejecuci\u00f3n de podas y el despeje de l\u00edneas el\u00e9ctricas, de parte de la empresa Edelaysen, en la comuna de Coyhaique, para verificar que se cumplan los Planes de Acci\u00f3n y la normativa vigente para evitar interrupciones de suministro el\u00e9ctrico y disminuir situaciones de riesgo, durante la temporada estival.<\/span><\/p>\n<p class=\"v1MsoNormal\" style=\"text-align: justify;\"><span lang=\"ES\">Hugo Ardiles, Director Regional de SEC Ays\u00e9n, explic\u00f3 que \u201cla comunidad tiene derecho a recibir en sus hogares un suministro el\u00e9ctrico continuo y seguro, por lo que las empresas el\u00e9ctricas deben desarrollar todas las acciones necesarias para responder a los est\u00e1ndares de calidad y seguridad que exige la normativa vigente. En esta oportunidad, verificamos en terreno los trabajos de podas para mantener las l\u00edneas el\u00e9ctricas despejadas de la vegetaci\u00f3n y, de esta manera, prevenir cortes de suministro el\u00e9ctrico en la \u00e9poca de primavera y verano\u201d.<\/span><\/p>\n<p class=\"v1MsoNormal\" style=\"text-align: justify;\"><span lang=\"ES\">La autoridad regional recalc\u00f3 que \u201cla ejecuci\u00f3n de estas acciones de poda y despeje son de responsabilidad, tanto de las compa\u00f1\u00edas como de los propietarios de predios particulares, por donde pasen l\u00edneas el\u00e9ctricas. Adem\u00e1s, \u00e9stas deben realizarse para minimizar eventuales situaciones de riesgo y facilitar la entrega de un suministro continuo y seguro a la ciudadan\u00eda\u201d.<\/span><\/p>\n<p class=\"v1MsoNormal\" style=\"text-align: justify;\"><span lang=\"ES\">Y agreg\u00f3 que \u201csi durante nuestras inspecciones, detectamos incumplimientos a la normativa, lo que corresponde es iniciar los procesos administrativos respectivos, buscando que las compa\u00f1\u00edas corrijan estas fallas y, seg\u00fan el m\u00e9rito de los antecedentes, aplicar las sanciones que correspondan\u201d.<\/span><\/p>\n<p class=\"v1MsoNormal\" style=\"text-align: justify;\"><span lang=\"ES\">SEC Ays\u00e9n recomend\u00f3 a los habitantes de la regi\u00f3n permitir el ingreso de las cuadrillas de las empresas el\u00e9ctricas a los predios donde existan \u00e1rboles cercanos a las l\u00edneas. Asimismo, record\u00f3 que las personas no deben exponerse a situaciones de potencial riesgo, como, por ejemplo, intentar intervenir las redes el\u00e9ctricas.<\/span><\/p>\n<p class=\"v1MsoNormal\" style=\"text-align: justify;\">Finalmente, para que la ciudadan\u00eda pueda acceder a informaci\u00f3n \u00fatil y consejos de seguridad para el uso de los energ\u00e9ticos, la invitaci\u00f3n es a seguir la cuenta oficial de la SEC en Instagram (@sec_chile), como tambi\u00e9n nuestros perfiles disponibles en Twitter (@SEC_cl) y Facebook, como Superintendencia SEC.<\/p>\n<\/div><\/section><\/div><div  style='height:50px' class='hr hr-invisible   avia-builder-el-6  el_after_av_one_full  el_before_av_social_share '><span class='hr-inner ' ><span class='hr-inner-style'><\/span><\/span><\/div><\/p>\n<div  class='av-social-sharing-box  avia-builder-el-7  el_after_av_hr  el_before_av_hr  '><div class='av-share-box'><h5 class='av-share-link-description av-no-toc '>Compartir esta noticia<\/h5><ul class='av-share-box-list noLightbox'><li class='av-share-link av-social-link-facebook' ><a target=\"_blank\" aria-label=\"Compartir en Facebook\" href='https:\/\/www.facebook.com\/sharer.php?u=https:\/\/radiorevelacionfm.cl\/?p=35081&#038;t=Fiscalizan%20trabajos%20de%20podas%20y%20despeje%20de%20l%C3%ADneas%20el%C3%A9ctricas%20para%20evitar%20cortes%20de%20energ%C3%ADa%20en%20temporada%20estival' aria-hidden='false' data-av_icon='\ue8f3' data-av_iconfont='entypo-fontello' title='' data-avia-related-tooltip='Compartir en Facebook' rel=\"noopener\"><span class='avia_hidden_link_text'>Compartir en Facebook<\/span><\/a><\/li><li class='av-share-link av-social-link-twitter' ><a target=\"_blank\" aria-label=\"Compartir en Twitter\" href='https:\/\/twitter.com\/share?text=Fiscalizan%20trabajos%20de%20podas%20y%20despeje%20de%20l%C3%ADneas%20el%C3%A9ctricas%20para%20evitar%20cortes%20de%20energ%C3%ADa%20en%20temporada%20estival&#038;url=https:\/\/radiorevelacionfm.cl\/?p=35081' aria-hidden='false' data-av_icon='\ue8f1' data-av_iconfont='entypo-fontello' title='' data-avia-related-tooltip='Compartir en Twitter' rel=\"noopener\"><span class='avia_hidden_link_text'>Compartir en Twitter<\/span><\/a><\/li><li class='av-share-link av-social-link-whatsapp' ><a target=\"_blank\" aria-label=\"Compartir en Whatsapp\" href='https:\/\/api.whatsapp.com\/send?text=https:\/\/radiorevelacionfm.cl\/?p=35081' aria-hidden='false' data-av_icon='\uf232' data-av_iconfont='entypo-fontello' title='' data-avia-related-tooltip='Compartir en Whatsapp' rel=\"noopener\"><span class='avia_hidden_link_text'>Compartir en Whatsapp<\/span><\/a><\/li><li class='av-share-link av-social-link-linkedin' ><a target=\"_blank\" aria-label=\"Compartir en LinkedIn\" href='https:\/\/linkedin.com\/shareArticle?mini=true&#038;title=Fiscalizan%20trabajos%20de%20podas%20y%20despeje%20de%20l%C3%ADneas%20el%C3%A9ctricas%20para%20evitar%20cortes%20de%20energ%C3%ADa%20en%20temporada%20estival&#038;url=https:\/\/radiorevelacionfm.cl\/?p=35081' aria-hidden='false' data-av_icon='\ue8fc' data-av_iconfont='entypo-fontello' title='' data-avia-related-tooltip='Compartir en LinkedIn' rel=\"noopener\"><span class='avia_hidden_link_text'>Compartir en LinkedIn<\/span><\/a><\/li><li class='av-share-link av-social-link-mail' ><a  aria-label=\"Compartir por correo\" href='mailto:?subject=Fiscalizan%20trabajos%20de%20podas%20y%20despeje%20de%20l%C3%ADneas%20el%C3%A9ctricas%20para%20evitar%20cortes%20de%20energ%C3%ADa%20en%20temporada%20estival&#038;body=https:\/\/radiorevelacionfm.cl\/?p=35081' aria-hidden='false' data-av_icon='\ue805' data-av_iconfont='entypo-fontello' title='' data-avia-related-tooltip='Compartir por correo'><span class='avia_hidden_link_text'>Compartir por correo<\/span><\/a><\/li><\/ul><\/div><\/div>\n<div  style='height:50px' class='hr hr-invisible   avia-builder-el-8  el_after_av_social_share  el_before_av_comments_list '><span class='hr-inner ' ><span class='hr-inner-style'><\/span><\/span><\/div>\n<div  class='av-buildercomment  av-blog-meta-html-info-disabled av-blog-meta-tag-disabled  '><\/div>\n","protected":false},"excerpt":{"rendered":"","protected":false},"author":1,"featured_media":35082,"comment_status":"open","ping_status":"open","sticky":false,"template":"","format":"standard","meta":{"footnotes":""},"categories":[38],"tags":[],"class_list":["post-35081","post","type-post","status-publish","format-standard","has-post-thumbnail","hentry","category-regional"],"jetpack_featured_media_url":"https:\/\/radiorevelacionfm.cl\/wp-content\/uploads\/2023\/09\/podas-4-1-1_optimized-1.jpeg","_links":{"self":[{"href":"https:\/\/radiorevelacionfm.cl\/index.php?rest_route=\/wp\/v2\/posts\/35081","targetHints":{"allow":["GET"]}}],"collection":[{"href":"https:\/\/radiorevelacionfm.cl\/index.php?rest_route=\/wp\/v2\/posts"}],"about":[{"href":"https:\/\/radiorevelacionfm.cl\/index.php?rest_route=\/wp\/v2\/types\/post"}],"author":[{"embeddable":true,"href":"https:\/\/radiorevelacionfm.cl\/index.php?rest_route=\/wp\/v2\/users\/1"}],"replies":[{"embeddable":true,"href":"https:\/\/radiorevelacionfm.cl\/index.php?rest_route=%2Fwp%2Fv2%2Fcomments&post=35081"}],"version-history":[{"count":1,"href":"https:\/\/radiorevelacionfm.cl\/index.php?rest_route=\/wp\/v2\/posts\/35081\/revisions"}],"predecessor-version":[{"id":35083,"href":"https:\/\/radiorevelacionfm.cl\/index.php?rest_route=\/wp\/v2\/posts\/35081\/revisions\/35083"}],"wp:featuredmedia":[{"embeddable":true,"href":"https:\/\/radiorevelacionfm.cl\/index.php?rest_route=\/wp\/v2\/media\/35082"}],"wp:attachment":[{"href":"https:\/\/radiorevelacionfm.cl\/index.php?rest_route=%2Fwp%2Fv2%2Fmedia&parent=35081"}],"wp:term":[{"taxonomy":"category","embeddable":true,"href":"https:\/\/radiorevelacionfm.cl\/index.php?rest_route=%2Fwp%2Fv2%2Fcategories&post=35081"},{"taxonomy":"post_tag","embeddable":true,"href":"https:\/\/radiorevelacionfm.cl\/index.php?rest_route=%2Fwp%2Fv2%2Ftags&post=35081"}],"curies":[{"name":"wp","href":"https:\/\/api.w.org\/{rel}","templated":true}]}}