{"id":3508,"date":"2021-04-26T10:53:19","date_gmt":"2021-04-26T13:53:19","guid":{"rendered":"https:\/\/radiorevelacionfm.cl\/?p=3508"},"modified":"2021-04-26T10:53:19","modified_gmt":"2021-04-26T13:53:19","slug":"disputa-por-construccion-de-central-los-maquis-escala-a-la-corte-suprema","status":"publish","type":"post","link":"https:\/\/radiorevelacionfm.cl\/?p=3508","title":{"rendered":"Disputa por construcci\u00f3n de central Los Maquis escala a la Corte Suprema"},"content":{"rendered":"<div class=\"flex_column av_one_full  flex_column_div av-zero-column-padding first  avia-builder-el-0  el_before_av_one_full  avia-builder-el-first  \" style='border-radius:0px; '><div  class='avia-image-container  av-styling-    avia-builder-el-1  avia-builder-el-no-sibling  avia-align-center '  itemprop=\"image\" itemscope=\"itemscope\" itemtype=\"https:\/\/schema.org\/ImageObject\"  ><div class='avia-image-container-inner'><div class='avia-image-overlay-wrap'><img decoding=\"async\" class='wp-image-0 avia-img-lazy-loading-not-0 avia_image' src=\"https:\/\/radiorevelacionfm.cl\/wp-content\/uploads\/2021\/04\/image-22-2_optimized.png\" alt='' title=''   itemprop=\"thumbnailUrl\"  \/><\/div><\/div><\/div><\/div><div class=\"flex_column av_one_full  flex_column_div av-zero-column-padding first  avia-builder-el-2  el_after_av_one_full  el_before_av_one_full  column-top-margin\" style='border-radius:0px; '><section class=\"av_textblock_section \"  itemscope=\"itemscope\" itemtype=\"https:\/\/schema.org\/BlogPosting\" itemprop=\"blogPost\" ><div class='avia_textblock  '   itemprop=\"text\" ><p style=\"text-align: center;\"><strong><span style=\"font-size: 18pt;\">Disputa por construcci\u00f3n de central Los Maquis escala a la Corte Suprema<\/span><\/strong><\/p>\n<div id=\"gtx-trans\" style=\"position: absolute; left: -50px; top: 4.31534px;\">\n<div class=\"gtx-trans-icon\"><\/div>\n<\/div>\n<\/div><\/section><\/div><div class=\"flex_column av_one_full  flex_column_div av-zero-column-padding first  avia-builder-el-4  el_after_av_one_full  el_before_av_hr  column-top-margin\" style='border-radius:0px; '><section class=\"av_textblock_section \"  itemscope=\"itemscope\" itemtype=\"https:\/\/schema.org\/BlogPosting\" itemprop=\"blogPost\" ><div class='avia_textblock  '   itemprop=\"text\" ><p class=\"v1gmail-MsoListParagraphCxSpFirst\" style=\"text-align: justify;\"><i><span lang=\"ES\">M\u00e1ximo tribunal deber\u00e1 dirimir, como en ocasiones anteriores, sobre los reclamos de los recurrentes que sienten que han sido vulnerados sus derechos a vivir en un medioambiente libre de contaminaci\u00f3n y de igualdad ante la ley, lesionados por la actual construcci\u00f3n del proyecto hidroel\u00e9ctrico de Edelays\u00e9n sin evaluaci\u00f3n ambiental ni participaci\u00f3n ciudadana.<\/span><\/i><\/p>\n<p class=\"v1gmail-MsoListParagraphCxSpLast\" style=\"text-align: justify;\"><i><span lang=\"ES\">En paralelo se tramitan dos requerimientos ante el Tribunal Ambiental de Valdivia: Uno en contra de la Superintendencia del Medio Ambiente, originalmente presentado por 51 vecinos y vecinas, y otro contra el Servicio de Evaluaci\u00f3n de Impacto Ambiental, que en primera instancia fue suscrito por 8 pobladores.<\/span><\/i><\/p>\n<p class=\"v1MsoNormal\" style=\"text-align: justify;\"><span lang=\"ES\">Hasta la Corte Suprema llegar\u00e1 la disputa que mantiene parte de la comunidad de Puerto Guadal con la empresa el\u00e9ctrica Edelays\u00e9n, controlada por el Grupo SAESA (de capitales canadienses), por la actual construcci\u00f3n de una central hidroel\u00e9ctrica en las emblem\u00e1ticas cascadas del r\u00edo Los Maquis, a cinco kil\u00f3metros del poblado.<\/span><\/p>\n<p class=\"v1MsoNormal\" style=\"text-align: justify;\"><span lang=\"ES\">Luego que la Corte de Apelaciones de Coyhaique\u00a0<a href=\"https:\/\/oficinajudicialvirtual.pjud.cl\/ADIR_871\/apelaciones\/documentos\/docCausaApelaciones.php?valorDoc=eyJ0eXAiOiJKV1QiLCJhbGciOiJIUzI1NiJ9.eyJpc3MiOiJodHRwczpcL1wvb2ZpY2luYWp1ZGljaWFsdmlydHVhbC5wanVkLmNsIiwiYXVkIjoiaHR0cHM6XC9cL29maWNpbmFqdWRpY2lhbHZpcnR1YWwucGp1ZC5jbCIsImlhdCI6MTYxOTI5Njk3MSwiZXhwIjoxNjE5MzAwNTcxLCJkYXRhIjp7ImNycl9kb2MiOiIzMjQ5NjM0MSIsImNvZF9jb3J0ZSI6IjYwIiwiY3JySWREb2NFc2MiOiIzNjEzODQ3NCIsImNvZF90aXBhcmNoaXZvIjoiMyIsInRyYW1pdGUiOjB9fQ.fy1pFY6fB48i7kz1s75uAu2SUo0CDzHn_luvMc5_SPY\" target=\"_blank\" rel=\"noopener noreferrer\">rechazara<\/a>\u00a0el 17 de abril el\u00a0<a href=\"https:\/\/oficinajudicialvirtual.pjud.cl\/ADIR_871\/apelaciones\/documentos\/docCausaApelaciones.php?valorDoc=eyJ0eXAiOiJKV1QiLCJhbGciOiJIUzI1NiJ9.eyJpc3MiOiJodHRwczpcL1wvb2ZpY2luYWp1ZGljaWFsdmlydHVhbC5wanVkLmNsIiwiYXVkIjoiaHR0cHM6XC9cL29maWNpbmFqdWRpY2lhbHZpcnR1YWwucGp1ZC5jbCIsImlhdCI6MTYxOTI5Njk3MSwiZXhwIjoxNjE5MzAwNTcxLCJkYXRhIjp7ImNycl9kb2MiOiIxMDEzOTI4NSIsImNvZF9jb3J0ZSI6IjYwIiwiY3JySWREb2NFc2MiOiIxNDAyMDU3NiIsImNvZF90aXBhcmNoaXZvIjoiMyIsInRyYW1pdGUiOjF9fQ.ojmioI7R7JNoEqO5lX_eYrlmTJVpuLdzT8szaG21Qy4\" target=\"_blank\" rel=\"noopener noreferrer\">recurso de protecci\u00f3n<\/a>\u00a0que un grupo de vecinos y vecinas interpusiera el 8 de febrero, el viernes \u00faltimo \u00e9stos, con el patrocinio del abogado Rodrigo Meneses, apelaron ante el m\u00e1ximo tribunal.<\/span><\/p>\n<p class=\"v1MsoNormal\" style=\"text-align: justify;\"><span lang=\"ES\">El argumento del ministro Jos\u00e9 Ignacio Mora, el fiscal judicial Gerardo Rojas y el abogado (i) Marcos Gallegos para rechazar el recurso fue que la materia deb\u00eda ser vista por una sede especializada (el Tribunal Ambiental de Valdivia), ya que en su opini\u00f3n no existir\u00eda una vulneraci\u00f3n de las garant\u00edas constitucionales como el derecho a vivir en un medioambiente libre de contaminaci\u00f3n y de igualdad ante la ley, que es el fondo de la acci\u00f3n judicial.<\/span><\/p>\n<p class=\"v1MsoNormal\" style=\"text-align: justify;\"><span lang=\"ES\">Ya previamente la Corte de Apelaciones de Coyhaique hab\u00eda\u00a0<a href=\"https:\/\/oficinajudicialvirtual.pjud.cl\/ADIR_871\/apelaciones\/documentos\/docCausaApelaciones.php?valorDoc=eyJ0eXAiOiJKV1QiLCJhbGciOiJIUzI1NiJ9.eyJpc3MiOiJodHRwczpcL1wvb2ZpY2luYWp1ZGljaWFsdmlydHVhbC5wanVkLmNsIiwiYXVkIjoiaHR0cHM6XC9cL29maWNpbmFqdWRpY2lhbHZpcnR1YWwucGp1ZC5jbCIsImlhdCI6MTYxOTI5Njk3MSwiZXhwIjoxNjE5MzAwNTcxLCJkYXRhIjp7ImNycl9kb2MiOiIzMTgyMzIwOCIsImNvZF9jb3J0ZSI6IjYwIiwiY3JySWREb2NFc2MiOiIzNTQwMjI1NSIsImNvZF90aXBhcmNoaXZvIjoiMyIsInRyYW1pdGUiOjB9fQ.ne6bJ0cCx1SGpXGXDZ-9svBha3lSGcYzebJ2q-x5N6I\" target=\"_blank\" rel=\"noopener noreferrer\">declarado inadmisible<\/a>\u00a0la presentaci\u00f3n por considerar que no era un tema a ser visto mediante el recurso de protecci\u00f3n, sin embargo la decisi\u00f3n fue\u00a0<a href=\"https:\/\/oficinajudicialvirtual.pjud.cl\/ADIR_871\/apelaciones\/documentos\/docCausaApelaciones.php?valorDoc=eyJ0eXAiOiJKV1QiLCJhbGciOiJIUzI1NiJ9.eyJpc3MiOiJodHRwczpcL1wvb2ZpY2luYWp1ZGljaWFsdmlydHVhbC5wanVkLmNsIiwiYXVkIjoiaHR0cHM6XC9cL29maWNpbmFqdWRpY2lhbHZpcnR1YWwucGp1ZC5jbCIsImlhdCI6MTYxOTI5Njk3MSwiZXhwIjoxNjE5MzAwNTcxLCJkYXRhIjp7ImNycl9kb2MiOiIxMDI2NTkyMCIsImNvZF9jb3J0ZSI6IjYwIiwiY3JySWREb2NFc2MiOiIxNDE0NjA2MSIsImNvZF90aXBhcmNoaXZvIjoiMyIsInRyYW1pdGUiOjF9fQ.LfhQTrPgPeIRz6HajdYRdaGFEMdT9-A_Z2_vEtFPvuM\" target=\"_blank\" rel=\"noopener noreferrer\">revertida<\/a>\u00a0por la propia Corte Suprema, que instruy\u00f3 al tribunal de alzada tramitar el requerimiento.<\/span><\/p>\n<p class=\"v1MsoNormal\" style=\"text-align: justify;\"><span lang=\"ES\">Esta no es la primera vez que en materias ambientales ser\u00e1 la Corte Suprema la que tomar\u00e1 una decisi\u00f3n definitiva, cuando el Servicio de Evaluaci\u00f3n Ambiental (SEA) o la Corte de Apelaciones han denegado requerimientos de las comunidades de Ays\u00e9n.<\/span><\/p>\n<p class=\"v1MsoNormal\" style=\"text-align: justify;\"><span lang=\"ES\">En 2019 el m\u00e1ximo tribunal\u00a0<a href=\"https:\/\/radio.uchile.cl\/2019\/05\/16\/justicia-declara-ilegal-que-sea-excluya-a-ciudadanos-en-revision-de-proyecto-minero\/\" target=\"_blank\" rel=\"noopener noreferrer\">declar\u00f3 ilegal<\/a>\u00a0la decisi\u00f3n del SEA regional (y de la Corte de Apelaciones de Coyhaique) de\u00a0<b>negar la participaci\u00f3n ciudadana<\/b>\u00a0de vecinos de Puerto Ingeniero Ib\u00e1\u00f1ez en la evaluaci\u00f3n de una declaraci\u00f3n de impacto ambiental (DIA) para operar 101 plataformas de exploraci\u00f3n de la minera australiana Laguna Gold (El Toqui) a 3,5 kil\u00f3metros de la localidad.\u00a0\u00a0De esta forma oblig\u00f3 a la institucionalidad a dar curso a la petici\u00f3n, decisi\u00f3n tras la cual la empresa desech\u00f3 el proyecto.<\/span><\/p>\n<p class=\"v1MsoNormal\" style=\"text-align: justify;\"><span lang=\"ES\">En el caso de la reapertura de Mina Javiera en las cercan\u00edas de Bah\u00eda Jara, de la Compa\u00f1\u00eda Minera Cerro Bayo (de la canadiense Mandalay Resources), la Comisi\u00f3n de Evaluaci\u00f3n Ambiental de Ays\u00e9n (CEA) aprob\u00f3 en 2019 el proyecto con\u00a0<b>serias deficiencias t\u00e9cnicas<\/b>\u00a0siendo que se ubicaba en el Sitio Prioritario para la Conservaci\u00f3n de la Biodiversidad Estepa Jeinimeni-Laguna Bah\u00eda Jara.\u00a0\u00a0Ante esto el Tribunal Ambiental de Valdivia determin\u00f3 en enero de 2020 que se presentaran estudios de mayor profundidad y se sometiera nuevamente a evaluaci\u00f3n, lo cual fue\u00a0<a href=\"https:\/\/3ta.cl\/noticias\/corte-suprema-mantuvo-fallo-que-ordeno-reabrir-evaluacion-ambiental-de-mina-javiera-en-chile-chico\/\" target=\"_blank\" rel=\"noopener noreferrer\">ratificado<\/a>\u00a0en julio de ese a\u00f1o por la Corte Suprema.\u00a0<\/span><\/p>\n<p class=\"v1MsoNormal\" style=\"text-align: justify;\"><span lang=\"ES\">Una situaci\u00f3n similar ocurri\u00f3 en mayo de 2012 en el caso del proyecto r\u00edo Cuervo, de Energ\u00eda Austral (de capitales suizos), cuando el tribunal de alzada de la capital regional rechaz\u00f3 un recurso de protecci\u00f3n presentado por las comunidades cuestionando la\u00a0<b>falta de informaci\u00f3n por parte de la empresa en el contexto de la evaluaci\u00f3n ambiental<\/b>.\u00a0\u00a0A los pocos d\u00edas el m\u00e1ximo tribunal revirti\u00f3 la decisi\u00f3n y oblig\u00f3 a reiniciar la tramitaci\u00f3n y volver a votar el proyecto.<\/span><\/p>\n<p class=\"v1MsoNormal\" style=\"text-align: justify;\"><span lang=\"ES\">Todos estos recursos contaron con el apoyo legal de la ONG FIMA, organizaci\u00f3n que tambi\u00e9n respalda hoy las presentaciones por la central hidroel\u00e9ctrica Los Maquis.<\/span><\/p>\n<p class=\"v1MsoNormal\" style=\"text-align: justify;\"><span lang=\"ES\">En la decisi\u00f3n de la Corte de Apelaciones de Coyhaique se rechaz\u00f3 adem\u00e1s la solicitud de una orden de no innovar para que se detuviera el proyecto mientras se resuelve el fondo del recurso.\u00a0\u00a0Esto, en circunstancias que se han difundido m\u00faltiples\u00a0<a href=\"https:\/\/www.instagram.com\/losmaquislibre\/?hl=es-la\" target=\"_blank\" rel=\"noopener noreferrer\">im\u00e1genes y videos de la intervenci\u00f3n<\/a>\u00a0de Edelays\u00e9n en el sector, donde se aprecia c\u00f3mo rocas caen hacia los pozones de la cascada e incluso emergen nuevos brazos que erosionan las laderas. Uno de los registros audiovisuales ha sido reproducido ya casi\u00a0<a href=\"https:\/\/www.instagram.com\/p\/CNYlwC_n0P3\/\" target=\"_blank\" rel=\"noopener noreferrer\">medio mill\u00f3n de veces<\/a>.<\/span><\/p>\n<p class=\"v1MsoNormal\" style=\"text-align: justify;\"><b><span lang=\"ES\">Tribunal Ambiental de Valdivia<\/span><\/b><\/p>\n<p class=\"v1MsoNormal\" style=\"text-align: justify;\"><span lang=\"ES\">En paralelo\u00a0<a href=\"https:\/\/www.terram.cl\/2020\/12\/tribunal-ambiental-acoge-a-tramite-recurso-que-exige-evaluacion-ambiental-de-central-los-maquis\/\" target=\"_blank\" rel=\"noopener noreferrer\">el Tribunal Ambiental de Valdivia est\u00e1 revisando dos requerimientos<\/a>.<\/span><\/p>\n<p class=\"v1MsoNormal\" style=\"text-align: justify;\"><span lang=\"ES\">Uno en contra de la Superintendencia del Medio Ambiente, originalmente presentado por 51 vecinos y vecinas, y otro en contra del Servicio de Evaluaci\u00f3n de Impacto Ambiental, que en primera instancia fue suscrito por 8 personas.\u00a0\u00a0<\/span><\/p>\n<p class=\"v1MsoNormal\" style=\"text-align: justify;\"><span lang=\"ES\">Los argumentos fundamentales son el cuestionamiento a que la autoridad ambiental permitiera a Edelays\u00e9n construir la central hidroel\u00e9ctrica sin evaluaci\u00f3n ambiental ni participaci\u00f3n ciudadana, en circunstancias que la Ley de Bases del Medio Ambiente establece en su art\u00edculo 10 letra p) que deben ingresar al sistema toda \u00ab<i>ejecuci\u00f3n de obras, programas o actividades en parques nacionales, reservas nacionales, monumentos naturales, reservas de zonas v\u00edrgenes, santuarios de la naturaleza, parques marinos, reservas marinas o en cualesquiera otras \u00e1reas colocadas bajo protecci\u00f3n oficial, en los casos en que la legislaci\u00f3n respectiva lo permita<\/i>\u00ab.\u00a0\u00a0La central Los Maquis se emplaza est\u00e1 dentro de la Zona de Inter\u00e9s Tur\u00edstico Chelenko (ZOIT), cuyo\u00a0<a href=\"https:\/\/www.bcn.cl\/leychile\/navegar?i=1113500\" target=\"_blank\" rel=\"noopener noreferrer\">decreto de constituci\u00f3n<\/a>\u00a0y plan de acci\u00f3n alude a la protecci\u00f3n y valoraci\u00f3n \u00ab<i>de sus recursos naturales<\/i>\u00bb y \u00ab<i>asegura el desarrollo sustentable de sus comunidades locales<\/i>\u00ab.\u00a0<\/span><\/p>\n<p class=\"v1MsoNormal\" style=\"text-align: justify;\"><span lang=\"ES\">Los recursos tambi\u00e9n apuntan contra Edelays\u00e9n por construcci\u00f3n ilegal al no contar con una resoluci\u00f3n de calificaci\u00f3n ambiental.<\/span><\/p>\n<\/div><\/section><\/div><div  style='height:50px' class='hr hr-invisible   avia-builder-el-6  el_after_av_one_full  el_before_av_social_share '><span class='hr-inner ' ><span class='hr-inner-style'><\/span><\/span><\/div><\/p>\n<div  class='av-social-sharing-box  avia-builder-el-7  el_after_av_hr  el_before_av_hr  '><div class='av-share-box'><h5 class='av-share-link-description av-no-toc '>Compartir esta noticia<\/h5><ul class='av-share-box-list noLightbox'><li class='av-share-link av-social-link-facebook' ><a target=\"_blank\" aria-label=\"Compartir en Facebook\" href='https:\/\/www.facebook.com\/sharer.php?u=https:\/\/radiorevelacionfm.cl\/?p=3508&#038;t=Disputa%20por%20construcci%C3%B3n%20de%20central%20Los%20Maquis%20escala%20a%20la%20Corte%20Suprema' aria-hidden='false' data-av_icon='\ue8f3' data-av_iconfont='entypo-fontello' title='' data-avia-related-tooltip='Compartir en Facebook' rel=\"noopener\"><span class='avia_hidden_link_text'>Compartir en Facebook<\/span><\/a><\/li><li class='av-share-link av-social-link-twitter' ><a target=\"_blank\" aria-label=\"Compartir en Twitter\" href='https:\/\/twitter.com\/share?text=Disputa%20por%20construcci%C3%B3n%20de%20central%20Los%20Maquis%20escala%20a%20la%20Corte%20Suprema&#038;url=https:\/\/radiorevelacionfm.cl\/?p=3508' aria-hidden='false' data-av_icon='\ue8f1' data-av_iconfont='entypo-fontello' title='' data-avia-related-tooltip='Compartir en Twitter' rel=\"noopener\"><span class='avia_hidden_link_text'>Compartir en Twitter<\/span><\/a><\/li><li class='av-share-link av-social-link-whatsapp' ><a target=\"_blank\" aria-label=\"Compartir en Whatsapp\" href='https:\/\/api.whatsapp.com\/send?text=https:\/\/radiorevelacionfm.cl\/?p=3508' aria-hidden='false' data-av_icon='\uf232' data-av_iconfont='entypo-fontello' title='' data-avia-related-tooltip='Compartir en Whatsapp' rel=\"noopener\"><span class='avia_hidden_link_text'>Compartir en Whatsapp<\/span><\/a><\/li><li class='av-share-link av-social-link-linkedin' ><a target=\"_blank\" aria-label=\"Compartir en LinkedIn\" href='https:\/\/linkedin.com\/shareArticle?mini=true&#038;title=Disputa%20por%20construcci%C3%B3n%20de%20central%20Los%20Maquis%20escala%20a%20la%20Corte%20Suprema&#038;url=https:\/\/radiorevelacionfm.cl\/?p=3508' aria-hidden='false' data-av_icon='\ue8fc' data-av_iconfont='entypo-fontello' title='' data-avia-related-tooltip='Compartir en LinkedIn' rel=\"noopener\"><span class='avia_hidden_link_text'>Compartir en LinkedIn<\/span><\/a><\/li><li class='av-share-link av-social-link-mail' ><a  aria-label=\"Compartir por correo\" href='mailto:?subject=Disputa%20por%20construcci%C3%B3n%20de%20central%20Los%20Maquis%20escala%20a%20la%20Corte%20Suprema&#038;body=https:\/\/radiorevelacionfm.cl\/?p=3508' aria-hidden='false' data-av_icon='\ue805' data-av_iconfont='entypo-fontello' title='' data-avia-related-tooltip='Compartir por correo'><span class='avia_hidden_link_text'>Compartir por correo<\/span><\/a><\/li><\/ul><\/div><\/div>\n<div  style='height:50px' class='hr hr-invisible   avia-builder-el-8  el_after_av_social_share  el_before_av_comments_list '><span class='hr-inner ' ><span class='hr-inner-style'><\/span><\/span><\/div>\n<div  class='av-buildercomment  av-blog-meta-html-info-disabled av-blog-meta-tag-disabled  '><\/div>\n","protected":false},"excerpt":{"rendered":"","protected":false},"author":1,"featured_media":0,"comment_status":"open","ping_status":"open","sticky":false,"template":"","format":"standard","meta":{"footnotes":""},"categories":[39],"tags":[],"class_list":["post-3508","post","type-post","status-publish","format-standard","hentry","category-medio-ambiente"],"jetpack_featured_media_url":"","_links":{"self":[{"href":"https:\/\/radiorevelacionfm.cl\/index.php?rest_route=\/wp\/v2\/posts\/3508","targetHints":{"allow":["GET"]}}],"collection":[{"href":"https:\/\/radiorevelacionfm.cl\/index.php?rest_route=\/wp\/v2\/posts"}],"about":[{"href":"https:\/\/radiorevelacionfm.cl\/index.php?rest_route=\/wp\/v2\/types\/post"}],"author":[{"embeddable":true,"href":"https:\/\/radiorevelacionfm.cl\/index.php?rest_route=\/wp\/v2\/users\/1"}],"replies":[{"embeddable":true,"href":"https:\/\/radiorevelacionfm.cl\/index.php?rest_route=%2Fwp%2Fv2%2Fcomments&post=3508"}],"version-history":[{"count":1,"href":"https:\/\/radiorevelacionfm.cl\/index.php?rest_route=\/wp\/v2\/posts\/3508\/revisions"}],"predecessor-version":[{"id":3511,"href":"https:\/\/radiorevelacionfm.cl\/index.php?rest_route=\/wp\/v2\/posts\/3508\/revisions\/3511"}],"wp:attachment":[{"href":"https:\/\/radiorevelacionfm.cl\/index.php?rest_route=%2Fwp%2Fv2%2Fmedia&parent=3508"}],"wp:term":[{"taxonomy":"category","embeddable":true,"href":"https:\/\/radiorevelacionfm.cl\/index.php?rest_route=%2Fwp%2Fv2%2Fcategories&post=3508"},{"taxonomy":"post_tag","embeddable":true,"href":"https:\/\/radiorevelacionfm.cl\/index.php?rest_route=%2Fwp%2Fv2%2Ftags&post=3508"}],"curies":[{"name":"wp","href":"https:\/\/api.w.org\/{rel}","templated":true}]}}