{"id":35071,"date":"2023-09-15T14:18:53","date_gmt":"2023-09-15T17:18:53","guid":{"rendered":"https:\/\/radiorevelacionfm.cl\/?p=35071"},"modified":"2023-09-15T14:18:53","modified_gmt":"2023-09-15T17:18:53","slug":"con-miras-a-fiestas-patrias-salud-reitera-importancia-de-autocuidado-para-evitar-enfermedades-transmitidas-por-alimentos","status":"publish","type":"post","link":"https:\/\/radiorevelacionfm.cl\/?p=35071","title":{"rendered":"Con miras a Fiestas Patrias: Salud reitera importancia de autocuidado para evitar enfermedades transmitidas por alimentos"},"content":{"rendered":"<div class=\"flex_column av_one_full  flex_column_div av-zero-column-padding first  avia-builder-el-0  el_before_av_one_full  avia-builder-el-first  \" style='border-radius:0px; '><div  class='avia-image-container  av-styling-    avia-builder-el-1  avia-builder-el-no-sibling  avia-align-center '  itemprop=\"image\" itemscope=\"itemscope\" itemtype=\"https:\/\/schema.org\/ImageObject\"  ><div class='avia-image-container-inner'><div class='avia-image-overlay-wrap'><img decoding=\"async\" class='wp-image-35072 avia-img-lazy-loading-not-35072 avia_image' src=\"https:\/\/radiorevelacionfm.cl\/wp-content\/uploads\/2023\/09\/empanadas-2_optimized.jpg\" alt='' title='empanadas-(2)_optimized' height=\"600\" width=\"852\"  itemprop=\"thumbnailUrl\" srcset=\"https:\/\/radiorevelacionfm.cl\/wp-content\/uploads\/2023\/09\/empanadas-2_optimized.jpg 852w, https:\/\/radiorevelacionfm.cl\/wp-content\/uploads\/2023\/09\/empanadas-2_optimized-300x211.jpg 300w, https:\/\/radiorevelacionfm.cl\/wp-content\/uploads\/2023\/09\/empanadas-2_optimized-768x541.jpg 768w, https:\/\/radiorevelacionfm.cl\/wp-content\/uploads\/2023\/09\/empanadas-2_optimized-705x496.jpg 705w, https:\/\/radiorevelacionfm.cl\/wp-content\/uploads\/2023\/09\/empanadas-2_optimized-450x317.jpg 450w, https:\/\/radiorevelacionfm.cl\/wp-content\/uploads\/2023\/09\/empanadas-2_optimized-600x423.jpg 600w\" sizes=\"(max-width: 852px) 100vw, 852px\" \/><\/div><\/div><\/div><\/div><div class=\"flex_column av_one_full  flex_column_div av-zero-column-padding first  avia-builder-el-2  el_after_av_one_full  el_before_av_one_full  column-top-margin\" style='border-radius:0px; '><section class=\"av_textblock_section \"  itemscope=\"itemscope\" itemtype=\"https:\/\/schema.org\/BlogPosting\" itemprop=\"blogPost\" ><div class='avia_textblock  '   itemprop=\"text\" ><p style=\"text-align: center;\"><span style=\"font-size: 18pt;\"><strong>Con miras a Fiestas Patrias: <\/strong><strong>Salud reitera importancia de autocuidado para evitar enfermedades transmitidas por alimentos<\/strong><\/span><\/p>\n<div id=\"gtx-trans\" style=\"position: absolute; left: -50px; top: 4.31534px;\">\n<div class=\"gtx-trans-icon\"><\/div>\n<\/div>\n<\/div><\/section><\/div><div class=\"flex_column av_one_full  flex_column_div av-zero-column-padding first  avia-builder-el-4  el_after_av_one_full  el_before_av_hr  column-top-margin\" style='border-radius:0px; '><section class=\"av_textblock_section \"  itemscope=\"itemscope\" itemtype=\"https:\/\/schema.org\/BlogPosting\" itemprop=\"blogPost\" ><div class='avia_textblock  '   itemprop=\"text\" ><p style=\"text-align: justify;\">A medida que se acercan las Fiestas Patrias, per\u00edodo que se caracteriza por el aumento en el consumo de carnes y otros alimentos, profesionales de la Seremi de Salud Ays\u00e9n, a lo largo de toda la regi\u00f3n, incrementan las fiscalizaciones en aquellos los locales de venta de productos alimenticios con la finalidad de verificar que se cumplan las normativas sanitarias vigentes en resguardo de la salud de nuestras comunidades.<\/p>\n<p style=\"text-align: justify;\">En este sentido, la Seremi de Salud, Carmen Monsalve G\u00f3mez, reiter\u00f3 la importancia del autocuidado en la compra y consumo de alimentos durante estas festividades patrias al fiscalizar una tradicional f\u00e1brica de empanadas en Coyhaique. \u201cEstamos en un lugar muy tradicional de Coyhaique, el Casino de Bomberos, donde venimos a constatar en terreno el adecuado proceso en la elaboraci\u00f3n y manofactura de alimentos particularmente de las empanadas, constando que este proceso se realiza con los est\u00e1ndares de la autoridad sanitaria. Es importante reforzar a la comunidad que durante este per\u00edodo de Fiestas Patrias adquiera sus alimentos en los locales que est\u00e1n autorizados por la seremi de salud porque de esa manera resguardamos que el consumo de los alimentos ser\u00e1 seguro, y que tenemos una trazabilidad de los productos que va a evitar que las personas se enfermen\u201d.<\/p>\n<p style=\"text-align: justify;\">En esta oportunidad, la Autoridad Sanitaria estuvo acompa\u00f1ada por la Seremi de Gobierno, Tatiana Pl\u00e1 \u00c1lvarez, quien aprovech\u00f3 esta ocasi\u00f3n para hacer un llamado a la comunidad para preferir la compra de alimentos en locales establecidos.\u00a0 \u201cEl llamado que hacemos tiene que ver con el hecho de consumir alimentos en lugares autorizados, y para quienes hacen sus alimentos en casa, comprar sus insumos en lugares establecidos para no tener problemas con las enfermedades que se producen por consumir o comprar alimentos en lugares no autorizados, desde el Gobierno tambi\u00e9n hacemos el llamado a no conducir bajo la influencia del alcohol\u201d.<\/p>\n<p style=\"text-align: justify;\">En estas fechas es frecuente que aparezcan enfermedades transmitidas por los alimentos por la incorrecta manipulaci\u00f3n o incumplimiento en las cadenas de fr\u00edo, por lo que reiteramos a la comunidad a cuidar su salud y la de sus familias comprando alimentos en el comercio establecido.<\/p>\n<\/div><\/section><\/div><div  style='height:50px' class='hr hr-invisible   avia-builder-el-6  el_after_av_one_full  el_before_av_social_share '><span class='hr-inner ' ><span class='hr-inner-style'><\/span><\/span><\/div><\/p>\n<div  class='av-social-sharing-box  avia-builder-el-7  el_after_av_hr  el_before_av_hr  '><div class='av-share-box'><h5 class='av-share-link-description av-no-toc '>Compartir esta noticia<\/h5><ul class='av-share-box-list noLightbox'><li class='av-share-link av-social-link-facebook' ><a target=\"_blank\" aria-label=\"Compartir en Facebook\" href='https:\/\/www.facebook.com\/sharer.php?u=https:\/\/radiorevelacionfm.cl\/?p=35071&#038;t=Con%20miras%20a%20Fiestas%20Patrias%3A%20Salud%20reitera%20importancia%20de%20autocuidado%20para%20evitar%20enfermedades%20transmitidas%20por%20alimentos' aria-hidden='false' data-av_icon='\ue8f3' data-av_iconfont='entypo-fontello' title='' data-avia-related-tooltip='Compartir en Facebook' rel=\"noopener\"><span class='avia_hidden_link_text'>Compartir en Facebook<\/span><\/a><\/li><li class='av-share-link av-social-link-twitter' ><a target=\"_blank\" aria-label=\"Compartir en Twitter\" href='https:\/\/twitter.com\/share?text=Con%20miras%20a%20Fiestas%20Patrias%3A%20Salud%20reitera%20importancia%20de%20autocuidado%20para%20evitar%20enfermedades%20transmitidas%20por%20alimentos&#038;url=https:\/\/radiorevelacionfm.cl\/?p=35071' aria-hidden='false' data-av_icon='\ue8f1' data-av_iconfont='entypo-fontello' title='' data-avia-related-tooltip='Compartir en Twitter' rel=\"noopener\"><span class='avia_hidden_link_text'>Compartir en Twitter<\/span><\/a><\/li><li class='av-share-link av-social-link-whatsapp' ><a target=\"_blank\" aria-label=\"Compartir en Whatsapp\" href='https:\/\/api.whatsapp.com\/send?text=https:\/\/radiorevelacionfm.cl\/?p=35071' aria-hidden='false' data-av_icon='\uf232' data-av_iconfont='entypo-fontello' title='' data-avia-related-tooltip='Compartir en Whatsapp' rel=\"noopener\"><span class='avia_hidden_link_text'>Compartir en Whatsapp<\/span><\/a><\/li><li class='av-share-link av-social-link-linkedin' ><a target=\"_blank\" aria-label=\"Compartir en LinkedIn\" href='https:\/\/linkedin.com\/shareArticle?mini=true&#038;title=Con%20miras%20a%20Fiestas%20Patrias%3A%20Salud%20reitera%20importancia%20de%20autocuidado%20para%20evitar%20enfermedades%20transmitidas%20por%20alimentos&#038;url=https:\/\/radiorevelacionfm.cl\/?p=35071' aria-hidden='false' data-av_icon='\ue8fc' data-av_iconfont='entypo-fontello' title='' data-avia-related-tooltip='Compartir en LinkedIn' rel=\"noopener\"><span class='avia_hidden_link_text'>Compartir en LinkedIn<\/span><\/a><\/li><li class='av-share-link av-social-link-mail' ><a  aria-label=\"Compartir por correo\" href='mailto:?subject=Con%20miras%20a%20Fiestas%20Patrias%3A%20Salud%20reitera%20importancia%20de%20autocuidado%20para%20evitar%20enfermedades%20transmitidas%20por%20alimentos&#038;body=https:\/\/radiorevelacionfm.cl\/?p=35071' aria-hidden='false' data-av_icon='\ue805' data-av_iconfont='entypo-fontello' title='' data-avia-related-tooltip='Compartir por correo'><span class='avia_hidden_link_text'>Compartir por correo<\/span><\/a><\/li><\/ul><\/div><\/div>\n<div  style='height:50px' class='hr hr-invisible   avia-builder-el-8  el_after_av_social_share  el_before_av_comments_list '><span class='hr-inner ' ><span class='hr-inner-style'><\/span><\/span><\/div>\n<div  class='av-buildercomment  av-blog-meta-html-info-disabled av-blog-meta-tag-disabled  '><\/div>\n","protected":false},"excerpt":{"rendered":"","protected":false},"author":1,"featured_media":35072,"comment_status":"open","ping_status":"open","sticky":false,"template":"","format":"standard","meta":{"footnotes":""},"categories":[46],"tags":[],"class_list":["post-35071","post","type-post","status-publish","format-standard","has-post-thumbnail","hentry","category-salud"],"jetpack_featured_media_url":"https:\/\/radiorevelacionfm.cl\/wp-content\/uploads\/2023\/09\/empanadas-2_optimized.jpg","_links":{"self":[{"href":"https:\/\/radiorevelacionfm.cl\/index.php?rest_route=\/wp\/v2\/posts\/35071","targetHints":{"allow":["GET"]}}],"collection":[{"href":"https:\/\/radiorevelacionfm.cl\/index.php?rest_route=\/wp\/v2\/posts"}],"about":[{"href":"https:\/\/radiorevelacionfm.cl\/index.php?rest_route=\/wp\/v2\/types\/post"}],"author":[{"embeddable":true,"href":"https:\/\/radiorevelacionfm.cl\/index.php?rest_route=\/wp\/v2\/users\/1"}],"replies":[{"embeddable":true,"href":"https:\/\/radiorevelacionfm.cl\/index.php?rest_route=%2Fwp%2Fv2%2Fcomments&post=35071"}],"version-history":[{"count":1,"href":"https:\/\/radiorevelacionfm.cl\/index.php?rest_route=\/wp\/v2\/posts\/35071\/revisions"}],"predecessor-version":[{"id":35073,"href":"https:\/\/radiorevelacionfm.cl\/index.php?rest_route=\/wp\/v2\/posts\/35071\/revisions\/35073"}],"wp:featuredmedia":[{"embeddable":true,"href":"https:\/\/radiorevelacionfm.cl\/index.php?rest_route=\/wp\/v2\/media\/35072"}],"wp:attachment":[{"href":"https:\/\/radiorevelacionfm.cl\/index.php?rest_route=%2Fwp%2Fv2%2Fmedia&parent=35071"}],"wp:term":[{"taxonomy":"category","embeddable":true,"href":"https:\/\/radiorevelacionfm.cl\/index.php?rest_route=%2Fwp%2Fv2%2Fcategories&post=35071"},{"taxonomy":"post_tag","embeddable":true,"href":"https:\/\/radiorevelacionfm.cl\/index.php?rest_route=%2Fwp%2Fv2%2Ftags&post=35071"}],"curies":[{"name":"wp","href":"https:\/\/api.w.org\/{rel}","templated":true}]}}