{"id":35068,"date":"2023-09-16T11:29:52","date_gmt":"2023-09-16T14:29:52","guid":{"rendered":"https:\/\/radiorevelacionfm.cl\/?p=35068"},"modified":"2023-09-16T11:29:52","modified_gmt":"2023-09-16T14:29:52","slug":"gobernadora-intercede-por-la-universidad-de-aysen-en-santiago-debe-salir-de-la-crisis-en-la-que-se-encuentra","status":"publish","type":"post","link":"https:\/\/radiorevelacionfm.cl\/?p=35068","title":{"rendered":"Gobernadora intercede por la Universidad de Ays\u00e9n en Santiago: \u00abDebe salir de la crisis en la que se encuentra\u00bb"},"content":{"rendered":"<div class=\"flex_column av_one_full  flex_column_div av-zero-column-padding first  avia-builder-el-0  el_before_av_one_full  avia-builder-el-first  \" style='border-radius:0px; '><div  class='avia-image-container  av-styling-    avia-builder-el-1  avia-builder-el-no-sibling  avia-align-center '  itemprop=\"image\" itemscope=\"itemscope\" itemtype=\"https:\/\/schema.org\/ImageObject\"  ><div class='avia-image-container-inner'><div class='avia-image-overlay-wrap'><img decoding=\"async\" class='wp-image-35069 avia-img-lazy-loading-not-35069 avia_image' src=\"https:\/\/radiorevelacionfm.cl\/wp-content\/uploads\/2023\/09\/reunion-3_optimized-1.jpeg\" alt='' title='reuni\u00f3n-3_optimized (1)' height=\"607\" width=\"1080\"  itemprop=\"thumbnailUrl\" srcset=\"https:\/\/radiorevelacionfm.cl\/wp-content\/uploads\/2023\/09\/reunion-3_optimized-1.jpeg 1080w, https:\/\/radiorevelacionfm.cl\/wp-content\/uploads\/2023\/09\/reunion-3_optimized-1-300x169.jpeg 300w, https:\/\/radiorevelacionfm.cl\/wp-content\/uploads\/2023\/09\/reunion-3_optimized-1-1030x579.jpeg 1030w, https:\/\/radiorevelacionfm.cl\/wp-content\/uploads\/2023\/09\/reunion-3_optimized-1-768x432.jpeg 768w, https:\/\/radiorevelacionfm.cl\/wp-content\/uploads\/2023\/09\/reunion-3_optimized-1-705x396.jpeg 705w, https:\/\/radiorevelacionfm.cl\/wp-content\/uploads\/2023\/09\/reunion-3_optimized-1-450x253.jpeg 450w, https:\/\/radiorevelacionfm.cl\/wp-content\/uploads\/2023\/09\/reunion-3_optimized-1-600x337.jpeg 600w\" sizes=\"(max-width: 1080px) 100vw, 1080px\" \/><\/div><\/div><\/div><\/div><div class=\"flex_column av_one_full  flex_column_div av-zero-column-padding first  avia-builder-el-2  el_after_av_one_full  el_before_av_one_full  column-top-margin\" style='border-radius:0px; '><section class=\"av_textblock_section \"  itemscope=\"itemscope\" itemtype=\"https:\/\/schema.org\/BlogPosting\" itemprop=\"blogPost\" ><div class='avia_textblock  '   itemprop=\"text\" ><p style=\"text-align: center;\"><strong><span style=\"font-size: 18pt;\">Gobernadora intercede por la Universidad de Ays\u00e9n en Santiago: \u00abDebe salir de la crisis en la que se encuentra\u00bb<\/span><\/strong><\/p>\n<div id=\"gtx-trans\" style=\"position: absolute; left: -50px; top: 4.31534px;\">\n<div class=\"gtx-trans-icon\"><\/div>\n<\/div>\n<\/div><\/section><\/div><div class=\"flex_column av_one_full  flex_column_div av-zero-column-padding first  avia-builder-el-4  el_after_av_one_full  el_before_av_hr  column-top-margin\" style='border-radius:0px; '><section class=\"av_textblock_section \"  itemscope=\"itemscope\" itemtype=\"https:\/\/schema.org\/BlogPosting\" itemprop=\"blogPost\" ><div class='avia_textblock  '   itemprop=\"text\" ><p dir=\"ltr\" style=\"text-align: justify;\">Esta semana la Gobernadora Andrea Mac\u00edas Palma viaj\u00f3 hasta Santiago donde junto con sostener reuniones con diferentes carteras del Gobierno, convers\u00f3 con el Ministro de Educaci\u00f3n, Nicol\u00e1s Cataldo, y Subsecretario Educaci\u00f3n Superior, V\u00edctor Orellana, para abordar la situaci\u00f3n de la Universidad de Ays\u00e9n.<\/p>\n<p dir=\"ltr\" style=\"text-align: justify;\">En la instancia, de la que tambi\u00e9n participaron el Alcalde de Coyhaique, Carlos Gatica, los Consejeros Regionales Marco Gillibrand y Marisol Mart\u00ednez, y el rector de la universidad regional, Enrique Urra, se dio a conocer cu\u00e1l es el proceso en el que hoy se encuentra la elaboraci\u00f3n del plan de recuperaci\u00f3n, adem\u00e1s de informar las acciones que se han tomado desde la casa de estudios para avanzar en este objetivo.<\/p>\n<p dir=\"ltr\" style=\"text-align: justify;\">Por otra parte, la Gobernadora Regional detall\u00f3 que la delegaci\u00f3n de Ays\u00e9n tambi\u00e9n pudo enterarse de cu\u00e1les son las acciones que se est\u00e1n tomando al respecto desde el sector Educaci\u00f3n. \u00abEn ese sentido, relevar algunas medidas que tienen que ver con adelantar la entrega de algunos financiamientos que est\u00e1n establecidos, as\u00ed como tambi\u00e9n la revisi\u00f3n de otros, que van a ir de manera conjunta a tramitarse con la Direcci\u00f3n de Presupuesto\u00bb, se\u00f1al\u00f3.<\/p>\n<p dir=\"ltr\" style=\"text-align: justify;\">\u00abEfectivamente, la universidad debe fortalecerse, debe salir de la crisis en la que se encuentra, y se debe garantizar, por sobre todo, la educaci\u00f3n de los y las estudiantes de la Regi\u00f3n de Ays\u00e9n\u00bb, concluy\u00f3 la m\u00e1xima autoridad regional.<\/p>\n<p dir=\"ltr\" style=\"text-align: justify;\">En tanto, el reci\u00e9n electo rector de la Universidad de Ays\u00e9n, Enrique Urra, sostuvo que la reuni\u00f3n con las autoridades del Mineduc \u00abfue una conversaci\u00f3n bien interesante, donde pudimos abordar temas de infraestructura que pueden ayudar al momento y estamos en conjunto viendo c\u00f3mo avanzar en gestiones con otras instituciones de educaci\u00f3n superior. As\u00ed que, en ese sentido, fue bien interesante colocar en la mesa la necesidad de que la universidad pueda ser apoyada de distintos frentes\u00bb.<\/p>\n<p dir=\"ltr\" style=\"text-align: justify;\">Posterior a esta cita en el Ministerio de Educaci\u00f3n, la Gobernadora Andrea Mac\u00edas y el rector llegaron tambi\u00e9n hasta las dependencias del BancoEstado, para plantearle a la vicepresidenta de la instituci\u00f3n financiera, Veronica Kunze, las necesidades de la universidad regional en materias de acceso a cr\u00e9ditos y capital de trabajo.<\/p>\n<p dir=\"ltr\" style=\"text-align: justify;\">\u00abDe alguna manera pudimos contextualizar de la situaci\u00f3n que est\u00e1 viviendo la universidad, pero tambi\u00e9n de los avances que hemos tenido en funci\u00f3n a desarrollar estrategias, desarrollar un plan de trabajo, que permita ir abordando gradualmente y con firmeza la tem\u00e1tica financiera, y poder solucionarla, por cierto\u00bb, coment\u00f3 Enrique Urra.<\/p>\n<p dir=\"ltr\" style=\"text-align: justify;\">Un terreno para el Hospital<\/p>\n<p dir=\"ltr\" style=\"text-align: justify;\">Dentro de la misma reuni\u00f3n, tambi\u00e9n se abord\u00f3 el tema de la construcci\u00f3n del Hospital Regional de Ays\u00e9n, debido a que se requieren acciones desde el Ministerio de Educaci\u00f3n en lo referente al terreno donde se emplazar\u00eda la obra, una gesti\u00f3n que ya est\u00e1 pendiente hace bastante tiempo.<\/p>\n<p dir=\"ltr\" style=\"text-align: justify;\">\u00abRequerimos con urgencia al Ministro que pueda disponer que esas acciones se lleven adelante para que nosotros podamos avanzar en el dise\u00f1o de nuestro Hospital Regional, dado que el Gobierno Regional financi\u00f3 el estudio preinversional y este ya se encuentra elaborado, listo hace ya m\u00e1s de un a\u00f1o en el Ministerio de Salud\u00bb, explic\u00f3 la Gobernadora.<\/p>\n<p dir=\"ltr\" style=\"text-align: justify;\">Asignaci\u00f3n prioritaria para asistentes de educaci\u00f3n en Ays\u00e9n<\/p>\n<p dir=\"ltr\" style=\"text-align: justify;\">Por \u00faltimo, las autoridades presentes en el edificio del Mineduc abordaron tambi\u00e9n las demandas que existen por parte de las y los asistentes de la educaci\u00f3n que se movilizaron durante los \u00faltimos meses, exigiendo las asignaciones que les corresponden ante el inminente traspaso de los servicios al denominado SLEP, situaci\u00f3n que se discutir\u00e1 en la Mesa del Sector P\u00fablico junto a los gremios.<\/p>\n<p dir=\"ltr\" style=\"text-align: justify;\">Particularmente, la Gobernadora de Ays\u00e9n se refiri\u00f3 a las necesidades espec\u00edficas de quienes se desempe\u00f1an en el territorio que representa, estableciendo que las caracter\u00edsticas geogr\u00e1ficas y los altos costos de vida requieren medidas focalizadas para estos trabajadores y trabajadoras.<\/p>\n<p dir=\"ltr\" style=\"text-align: justify;\">\u00abHemos sido enf\u00e1ticos en solicitar al sector que se pueda priorizar que el inicio del pago de esta asignaci\u00f3n sea a partir de zonas extremas, ello porque son las zonas que tienen la mayor cantidad de costos de vida, y adem\u00e1s es una reivindicaci\u00f3n a la labor que se realiza, entendiendo la importancia que los y las asistentes de la educaci\u00f3n tienen para el proceso de educaci\u00f3n de nuestros hijos e hijas\u00bb, relev\u00f3.<\/p>\n<\/div><\/section><\/div><div  style='height:50px' class='hr hr-invisible   avia-builder-el-6  el_after_av_one_full  el_before_av_social_share '><span class='hr-inner ' ><span class='hr-inner-style'><\/span><\/span><\/div><\/p>\n<div  class='av-social-sharing-box  avia-builder-el-7  el_after_av_hr  el_before_av_hr  '><div class='av-share-box'><h5 class='av-share-link-description av-no-toc '>Compartir esta noticia<\/h5><ul class='av-share-box-list noLightbox'><li class='av-share-link av-social-link-facebook' ><a target=\"_blank\" aria-label=\"Compartir en Facebook\" href='https:\/\/www.facebook.com\/sharer.php?u=https:\/\/radiorevelacionfm.cl\/?p=35068&#038;t=Gobernadora%20intercede%20por%20la%20Universidad%20de%20Ays%C3%A9n%20en%20Santiago%3A%20%C2%ABDebe%20salir%20de%20la%20crisis%20en%20la%20que%20se%20encuentra%C2%BB' aria-hidden='false' data-av_icon='\ue8f3' data-av_iconfont='entypo-fontello' title='' data-avia-related-tooltip='Compartir en Facebook' rel=\"noopener\"><span class='avia_hidden_link_text'>Compartir en Facebook<\/span><\/a><\/li><li class='av-share-link av-social-link-twitter' ><a target=\"_blank\" aria-label=\"Compartir en Twitter\" href='https:\/\/twitter.com\/share?text=Gobernadora%20intercede%20por%20la%20Universidad%20de%20Ays%C3%A9n%20en%20Santiago%3A%20%C2%ABDebe%20salir%20de%20la%20crisis%20en%20la%20que%20se%20encuentra%C2%BB&#038;url=https:\/\/radiorevelacionfm.cl\/?p=35068' aria-hidden='false' data-av_icon='\ue8f1' data-av_iconfont='entypo-fontello' title='' data-avia-related-tooltip='Compartir en Twitter' rel=\"noopener\"><span class='avia_hidden_link_text'>Compartir en Twitter<\/span><\/a><\/li><li class='av-share-link av-social-link-whatsapp' ><a target=\"_blank\" aria-label=\"Compartir en Whatsapp\" href='https:\/\/api.whatsapp.com\/send?text=https:\/\/radiorevelacionfm.cl\/?p=35068' aria-hidden='false' data-av_icon='\uf232' data-av_iconfont='entypo-fontello' title='' data-avia-related-tooltip='Compartir en Whatsapp' rel=\"noopener\"><span class='avia_hidden_link_text'>Compartir en Whatsapp<\/span><\/a><\/li><li class='av-share-link av-social-link-linkedin' ><a target=\"_blank\" aria-label=\"Compartir en LinkedIn\" href='https:\/\/linkedin.com\/shareArticle?mini=true&#038;title=Gobernadora%20intercede%20por%20la%20Universidad%20de%20Ays%C3%A9n%20en%20Santiago%3A%20%C2%ABDebe%20salir%20de%20la%20crisis%20en%20la%20que%20se%20encuentra%C2%BB&#038;url=https:\/\/radiorevelacionfm.cl\/?p=35068' aria-hidden='false' data-av_icon='\ue8fc' data-av_iconfont='entypo-fontello' title='' data-avia-related-tooltip='Compartir en LinkedIn' rel=\"noopener\"><span class='avia_hidden_link_text'>Compartir en LinkedIn<\/span><\/a><\/li><li class='av-share-link av-social-link-mail' ><a  aria-label=\"Compartir por correo\" href='mailto:?subject=Gobernadora%20intercede%20por%20la%20Universidad%20de%20Ays%C3%A9n%20en%20Santiago%3A%20%C2%ABDebe%20salir%20de%20la%20crisis%20en%20la%20que%20se%20encuentra%C2%BB&#038;body=https:\/\/radiorevelacionfm.cl\/?p=35068' aria-hidden='false' data-av_icon='\ue805' data-av_iconfont='entypo-fontello' title='' data-avia-related-tooltip='Compartir por correo'><span class='avia_hidden_link_text'>Compartir por correo<\/span><\/a><\/li><\/ul><\/div><\/div>\n<div  style='height:50px' class='hr hr-invisible   avia-builder-el-8  el_after_av_social_share  el_before_av_comments_list '><span class='hr-inner ' ><span class='hr-inner-style'><\/span><\/span><\/div>\n<div  class='av-buildercomment  av-blog-meta-html-info-disabled av-blog-meta-tag-disabled  '><\/div>\n","protected":false},"excerpt":{"rendered":"","protected":false},"author":1,"featured_media":35069,"comment_status":"open","ping_status":"open","sticky":false,"template":"","format":"standard","meta":{"footnotes":""},"categories":[38],"tags":[],"class_list":["post-35068","post","type-post","status-publish","format-standard","has-post-thumbnail","hentry","category-regional"],"jetpack_featured_media_url":"https:\/\/radiorevelacionfm.cl\/wp-content\/uploads\/2023\/09\/reunion-3_optimized-1.jpeg","_links":{"self":[{"href":"https:\/\/radiorevelacionfm.cl\/index.php?rest_route=\/wp\/v2\/posts\/35068","targetHints":{"allow":["GET"]}}],"collection":[{"href":"https:\/\/radiorevelacionfm.cl\/index.php?rest_route=\/wp\/v2\/posts"}],"about":[{"href":"https:\/\/radiorevelacionfm.cl\/index.php?rest_route=\/wp\/v2\/types\/post"}],"author":[{"embeddable":true,"href":"https:\/\/radiorevelacionfm.cl\/index.php?rest_route=\/wp\/v2\/users\/1"}],"replies":[{"embeddable":true,"href":"https:\/\/radiorevelacionfm.cl\/index.php?rest_route=%2Fwp%2Fv2%2Fcomments&post=35068"}],"version-history":[{"count":1,"href":"https:\/\/radiorevelacionfm.cl\/index.php?rest_route=\/wp\/v2\/posts\/35068\/revisions"}],"predecessor-version":[{"id":35070,"href":"https:\/\/radiorevelacionfm.cl\/index.php?rest_route=\/wp\/v2\/posts\/35068\/revisions\/35070"}],"wp:featuredmedia":[{"embeddable":true,"href":"https:\/\/radiorevelacionfm.cl\/index.php?rest_route=\/wp\/v2\/media\/35069"}],"wp:attachment":[{"href":"https:\/\/radiorevelacionfm.cl\/index.php?rest_route=%2Fwp%2Fv2%2Fmedia&parent=35068"}],"wp:term":[{"taxonomy":"category","embeddable":true,"href":"https:\/\/radiorevelacionfm.cl\/index.php?rest_route=%2Fwp%2Fv2%2Fcategories&post=35068"},{"taxonomy":"post_tag","embeddable":true,"href":"https:\/\/radiorevelacionfm.cl\/index.php?rest_route=%2Fwp%2Fv2%2Ftags&post=35068"}],"curies":[{"name":"wp","href":"https:\/\/api.w.org\/{rel}","templated":true}]}}