{"id":3505,"date":"2021-04-25T19:22:47","date_gmt":"2021-04-25T22:22:47","guid":{"rendered":"https:\/\/radiorevelacionfm.cl\/?p=3505"},"modified":"2021-04-25T19:22:47","modified_gmt":"2021-04-25T22:22:47","slug":"banda-instrumental-de-carabineros-aysen-92-anos-fortaleciendo-la-cultura-e-identidad-regional","status":"publish","type":"post","link":"https:\/\/radiorevelacionfm.cl\/?p=3505","title":{"rendered":"Banda Instrumental de Carabineros Ays\u00e9n: 92 a\u00f1os fortaleciendo la cultura e identidad regional"},"content":{"rendered":"<div class=\"flex_column av_one_full  flex_column_div av-zero-column-padding first  avia-builder-el-0  el_before_av_one_full  avia-builder-el-first  \" style='border-radius:0px; '><div  class='avia-image-container  av-styling-    avia-builder-el-1  avia-builder-el-no-sibling  avia-align-center '  itemprop=\"image\" itemscope=\"itemscope\" itemtype=\"https:\/\/schema.org\/ImageObject\"  ><div class='avia-image-container-inner'><div class='avia-image-overlay-wrap'><img decoding=\"async\" class='wp-image-0 avia-img-lazy-loading-not-0 avia_image' src=\"https:\/\/radiorevelacionfm.cl\/wp-content\/uploads\/2021\/04\/Banda-Instrumental.jpg\" alt='' title=''   itemprop=\"thumbnailUrl\"  \/><\/div><\/div><\/div><\/div><div class=\"flex_column av_one_full  flex_column_div av-zero-column-padding first  avia-builder-el-2  el_after_av_one_full  el_before_av_one_full  column-top-margin\" style='border-radius:0px; '><section class=\"av_textblock_section \"  itemscope=\"itemscope\" itemtype=\"https:\/\/schema.org\/BlogPosting\" itemprop=\"blogPost\" ><div class='avia_textblock  '   itemprop=\"text\" ><p style=\"text-align: center;\"><strong><span style=\"font-size: 18pt;\">Banda Instrumental de Carabineros Ays\u00e9n: 92 a\u00f1os fortaleciendo la cultura e identidad regional<\/span><\/strong><\/p>\n<div id=\"gtx-trans\" style=\"position: absolute; left: -50px; top: 4.31534px;\">\n<div class=\"gtx-trans-icon\"><\/div>\n<\/div>\n<\/div><\/section><\/div><div class=\"flex_column av_one_full  flex_column_div av-zero-column-padding first  avia-builder-el-4  el_after_av_one_full  el_before_av_hr  column-top-margin\" style='border-radius:0px; '><section class=\"av_textblock_section \"  itemscope=\"itemscope\" itemtype=\"https:\/\/schema.org\/BlogPosting\" itemprop=\"blogPost\" ><div class='avia_textblock  '   itemprop=\"text\" ><div>\n<p class=\"v1MsoNormal\" style=\"text-align: justify;\">A lo largo de su historia la Banda ha obtenido diversos reconocimientos que dan cuenta de su aporte y contribuci\u00f3n al patrimonio inmaterial de la regi\u00f3n y el pa\u00eds.<\/p>\n<p class=\"v1MsoNormal\" style=\"text-align: justify;\">Creada por la Direcci\u00f3n General del Personal mediante oficio N\u00ba 614 del 24 de abril de 1929 y N\u00ba 731 del 8 de mayo de ese mismo a\u00f1o, publicado en los boletines oficiales N\u00ba 97 y 99, la Banda Instrumental de la Prefectura de Carabineros Ays\u00e9n N\u00ba 27, conmemor\u00f3 este fin de semana 92 a\u00f1os de presencia, contribuyendo al fortalecer la cultura de identidad de nuestra regi\u00f3n, tras una iniciativa impulsada por el entonces Coronel de Carabineros, Luis Marchant Gonz\u00e1lez, quien lleg\u00f3 a ocupar el cargo de intendente de la regi\u00f3n de Ays\u00e9n en tres periodos.<\/p>\n<p class=\"v1MsoNormal\" style=\"text-align: justify;\">Esta banda instrumental nace con el objeto de inculcar el esp\u00edritu patri\u00f3tico a los pobladores del vasto territorio de Ays\u00e9n, siendo su dotaci\u00f3n en aquel entonces de 15 Carabineros m\u00fasicos, quienes realizaron su primera actuaci\u00f3n en p\u00fablico el d\u00eda 21 de mayo de 1929, izando el pabell\u00f3n patrio y posterior desfile junto a la tropa, actividad que caus\u00f3 el asombro y emoci\u00f3n de pobladores, quienes observaban tan brillante ceremonia, acto patrio que fue presidido por el Coronel Marchant junto al entonces Alcalde de Ays\u00e9n Ciro Arredondo y dem\u00e1s autoridades locales.<\/p>\n<p class=\"v1MsoNormal\" style=\"text-align: justify;\">En el mes de octubre del mismo a\u00f1o, dicha agrupaci\u00f3n musical se traslad\u00f3 al pueblo de Baquedano -actual ciudad de Coyhaique- con la misi\u00f3n de participar de la ceremonia de fundaci\u00f3n.<\/p>\n<p class=\"v1MsoNormal\" style=\"text-align: justify;\">Situado a 67 kil\u00f3metros al sur este de Puerto Ays\u00e9n, los m\u00fasicos y sus instrumentos tardaron varias horas en completar el trayecto para llegar a destino.<\/p>\n<p class=\"v1MsoNormal\" style=\"text-align: justify;\">Su primer director por aquel entonces fue el Vice-Sargento Primero Emilio Valdivia Espinoza, veterano de la Guerra del Pacifico, quien a sus apenas 13 a\u00f1os de edad particip\u00f3 como corneta de \u00f3rdenes en el regimiento Segundo de L\u00ednea en las Batallas de Chorrillos y Miraflores.<\/p>\n<p class=\"v1MsoNormal\" style=\"text-align: justify;\">Hoy, la Banda Instrumental es dirigida por el Suboficial Mayor Pedro Jos\u00e9 Fuentes Machuca y posee una dotaci\u00f3n de 19 Carabineros m\u00fasicos, cumpliendo -hasta antes de las pandemia- un calendario de m\u00faltiples actividades c\u00edvico militares, culturales, recreativas, de apoyo en diferentes Establecimientos Educacionales (conformaci\u00f3n de bandas de guerra), haciendo soberan\u00eda en aniversarios junto con llevar la cultura y m\u00fasica nacional hasta los poblados y villorrios m\u00e1s apartados de la regi\u00f3n de Ays\u00e9n.<\/p>\n<p class=\"v1MsoNormal\" style=\"text-align: justify;\">\u00a0Asimismo, ha cumplido actividades en la regi\u00f3n de Los Lagos como la inauguraci\u00f3n de la Tenencia Las Quemas, ceremonias de egreso de cursos de formaci\u00f3n de Carabineros en Grupo Puerto Montt y Ancud, presentaciones en las ciudades de Osorno, Calbuco, Puerto Varas, Castro, Quell\u00f3n, Puqueldon, Curaco de V\u00e9lez y Achao.<\/p>\n<p class=\"v1MsoNormal\" style=\"text-align: justify;\"><b>Distinciones<\/b><\/p>\n<p class=\"v1MsoNormal\" style=\"text-align: justify;\">Con fecha 17 de marzo de 1992, la Ilustre Municipalidad de Cochrane, confiri\u00f3 el t\u00edtulo honor\u00edfico de \u00abGran Pionero de la Cuenca del Baker\u00bb.<\/p>\n<p class=\"v1MsoNormal\" style=\"text-align: justify;\">El 13 de enero de 1993 la Municipalidad de Ays\u00e9n otorg\u00f3 la distinci\u00f3n de \u00abBanda Benem\u00e9rita\u00bb, por ser patrimonio hist\u00f3rico-cultural de la comuna.<\/p>\n<p class=\"v1MsoNormal\" style=\"text-align: justify;\">En tanto el a\u00f1o 2006, el Consejo Asesor Regional de Monumentos Nacionales distingui\u00f3 en el \u00e1mbito Instituci\u00f3n Carabineros de Chile, a la Banda Instrumental de la Prefectura de Ays\u00e9n N\u00ba 27, \u00abpor el trabajo de conservar, difundir y valorar el patrimonio cultural y natural de nuestra regi\u00f3n de Ays\u00e9n\u00bb, reconociendo la labor y aporte a la comunidad por parte de la Banda Instrumental.<\/p>\n<p class=\"v1MsoNormal\" style=\"text-align: justify;\">Dada la contingencia en materia sanitaria, las presentaciones se encuentran temporalmente suspendidas, para ser reanudadas cuando las condiciones lo permitan y continuar as\u00ed fortaleciendo la cultura e identidad regional, acrecentando el legado hist\u00f3rico de Carabineros Ays\u00e9n con la regi\u00f3n y sus habitantes.<\/p>\n<\/div>\n<div style=\"text-align: justify;\"><\/div>\n<\/div><\/section><\/div><div  style='height:50px' class='hr hr-invisible   avia-builder-el-6  el_after_av_one_full  el_before_av_social_share '><span class='hr-inner ' ><span class='hr-inner-style'><\/span><\/span><\/div><\/p>\n<div  class='av-social-sharing-box  avia-builder-el-7  el_after_av_hr  el_before_av_hr  '><div class='av-share-box'><h5 class='av-share-link-description av-no-toc '>Compartir esta noticia<\/h5><ul class='av-share-box-list noLightbox'><li class='av-share-link av-social-link-facebook' ><a target=\"_blank\" aria-label=\"Compartir en Facebook\" href='https:\/\/www.facebook.com\/sharer.php?u=https:\/\/radiorevelacionfm.cl\/?p=3505&#038;t=Banda%20Instrumental%20de%20Carabineros%20Ays%C3%A9n%3A%2092%20a%C3%B1os%20fortaleciendo%20la%20cultura%20e%20identidad%20regional' aria-hidden='false' data-av_icon='\ue8f3' data-av_iconfont='entypo-fontello' title='' data-avia-related-tooltip='Compartir en Facebook' rel=\"noopener\"><span class='avia_hidden_link_text'>Compartir en Facebook<\/span><\/a><\/li><li class='av-share-link av-social-link-twitter' ><a target=\"_blank\" aria-label=\"Compartir en Twitter\" href='https:\/\/twitter.com\/share?text=Banda%20Instrumental%20de%20Carabineros%20Ays%C3%A9n%3A%2092%20a%C3%B1os%20fortaleciendo%20la%20cultura%20e%20identidad%20regional&#038;url=https:\/\/radiorevelacionfm.cl\/?p=3505' aria-hidden='false' data-av_icon='\ue8f1' data-av_iconfont='entypo-fontello' title='' data-avia-related-tooltip='Compartir en Twitter' rel=\"noopener\"><span class='avia_hidden_link_text'>Compartir en Twitter<\/span><\/a><\/li><li class='av-share-link av-social-link-whatsapp' ><a target=\"_blank\" aria-label=\"Compartir en Whatsapp\" href='https:\/\/api.whatsapp.com\/send?text=https:\/\/radiorevelacionfm.cl\/?p=3505' aria-hidden='false' data-av_icon='\uf232' data-av_iconfont='entypo-fontello' title='' data-avia-related-tooltip='Compartir en Whatsapp' rel=\"noopener\"><span class='avia_hidden_link_text'>Compartir en Whatsapp<\/span><\/a><\/li><li class='av-share-link av-social-link-linkedin' ><a target=\"_blank\" aria-label=\"Compartir en LinkedIn\" href='https:\/\/linkedin.com\/shareArticle?mini=true&#038;title=Banda%20Instrumental%20de%20Carabineros%20Ays%C3%A9n%3A%2092%20a%C3%B1os%20fortaleciendo%20la%20cultura%20e%20identidad%20regional&#038;url=https:\/\/radiorevelacionfm.cl\/?p=3505' aria-hidden='false' data-av_icon='\ue8fc' data-av_iconfont='entypo-fontello' title='' data-avia-related-tooltip='Compartir en LinkedIn' rel=\"noopener\"><span class='avia_hidden_link_text'>Compartir en LinkedIn<\/span><\/a><\/li><li class='av-share-link av-social-link-mail' ><a  aria-label=\"Compartir por correo\" href='mailto:?subject=Banda%20Instrumental%20de%20Carabineros%20Ays%C3%A9n%3A%2092%20a%C3%B1os%20fortaleciendo%20la%20cultura%20e%20identidad%20regional&#038;body=https:\/\/radiorevelacionfm.cl\/?p=3505' aria-hidden='false' data-av_icon='\ue805' data-av_iconfont='entypo-fontello' title='' data-avia-related-tooltip='Compartir por correo'><span class='avia_hidden_link_text'>Compartir por correo<\/span><\/a><\/li><\/ul><\/div><\/div>\n<div  style='height:50px' class='hr hr-invisible   avia-builder-el-8  el_after_av_social_share  el_before_av_comments_list '><span class='hr-inner ' ><span class='hr-inner-style'><\/span><\/span><\/div>\n<div  class='av-buildercomment  av-blog-meta-html-info-disabled av-blog-meta-tag-disabled  '><\/div>\n","protected":false},"excerpt":{"rendered":"","protected":false},"author":1,"featured_media":0,"comment_status":"open","ping_status":"open","sticky":false,"template":"","format":"standard","meta":{"footnotes":""},"categories":[38],"tags":[],"class_list":["post-3505","post","type-post","status-publish","format-standard","hentry","category-regional"],"jetpack_featured_media_url":"","_links":{"self":[{"href":"https:\/\/radiorevelacionfm.cl\/index.php?rest_route=\/wp\/v2\/posts\/3505","targetHints":{"allow":["GET"]}}],"collection":[{"href":"https:\/\/radiorevelacionfm.cl\/index.php?rest_route=\/wp\/v2\/posts"}],"about":[{"href":"https:\/\/radiorevelacionfm.cl\/index.php?rest_route=\/wp\/v2\/types\/post"}],"author":[{"embeddable":true,"href":"https:\/\/radiorevelacionfm.cl\/index.php?rest_route=\/wp\/v2\/users\/1"}],"replies":[{"embeddable":true,"href":"https:\/\/radiorevelacionfm.cl\/index.php?rest_route=%2Fwp%2Fv2%2Fcomments&post=3505"}],"version-history":[{"count":1,"href":"https:\/\/radiorevelacionfm.cl\/index.php?rest_route=\/wp\/v2\/posts\/3505\/revisions"}],"predecessor-version":[{"id":3507,"href":"https:\/\/radiorevelacionfm.cl\/index.php?rest_route=\/wp\/v2\/posts\/3505\/revisions\/3507"}],"wp:attachment":[{"href":"https:\/\/radiorevelacionfm.cl\/index.php?rest_route=%2Fwp%2Fv2%2Fmedia&parent=3505"}],"wp:term":[{"taxonomy":"category","embeddable":true,"href":"https:\/\/radiorevelacionfm.cl\/index.php?rest_route=%2Fwp%2Fv2%2Fcategories&post=3505"},{"taxonomy":"post_tag","embeddable":true,"href":"https:\/\/radiorevelacionfm.cl\/index.php?rest_route=%2Fwp%2Fv2%2Ftags&post=3505"}],"curies":[{"name":"wp","href":"https:\/\/api.w.org\/{rel}","templated":true}]}}