{"id":35049,"date":"2023-09-14T19:44:54","date_gmt":"2023-09-14T22:44:54","guid":{"rendered":"https:\/\/radiorevelacionfm.cl\/?p=35049"},"modified":"2023-09-14T19:44:54","modified_gmt":"2023-09-14T22:44:54","slug":"la-lluvia-no-fue-impedimento-para-que-colegios-de-la-comuna-de-aysen-rindan-honor-a-las-fiestas-patrias-y-a-las-glorias-del-ejercito","status":"publish","type":"post","link":"https:\/\/radiorevelacionfm.cl\/?p=35049","title":{"rendered":"La lluvia no fue impedimento para que colegios de la comuna de Ays\u00e9n rindan honor a las Fiestas Patrias y a las Glorias del Ej\u00e9rcito"},"content":{"rendered":"<div class=\"flex_column av_one_full  flex_column_div av-zero-column-padding first  avia-builder-el-0  el_before_av_one_full  avia-builder-el-first  \" style='border-radius:0px; '><div  class='avia-image-container  av-styling-    avia-builder-el-1  avia-builder-el-no-sibling  avia-align-center '  itemprop=\"image\" itemscope=\"itemscope\" itemtype=\"https:\/\/schema.org\/ImageObject\"  ><div class='avia-image-container-inner'><div class='avia-image-overlay-wrap'><img decoding=\"async\" class='wp-image-35050 avia-img-lazy-loading-not-35050 avia_image' src=\"https:\/\/radiorevelacionfm.cl\/wp-content\/uploads\/2023\/09\/desfile-escolar-3-1_optimized.jpg\" alt='' title='desfile-escolar-3-(1)_optimized' height=\"600\" width=\"900\"  itemprop=\"thumbnailUrl\" srcset=\"https:\/\/radiorevelacionfm.cl\/wp-content\/uploads\/2023\/09\/desfile-escolar-3-1_optimized.jpg 900w, https:\/\/radiorevelacionfm.cl\/wp-content\/uploads\/2023\/09\/desfile-escolar-3-1_optimized-300x200.jpg 300w, https:\/\/radiorevelacionfm.cl\/wp-content\/uploads\/2023\/09\/desfile-escolar-3-1_optimized-768x512.jpg 768w, https:\/\/radiorevelacionfm.cl\/wp-content\/uploads\/2023\/09\/desfile-escolar-3-1_optimized-705x470.jpg 705w, https:\/\/radiorevelacionfm.cl\/wp-content\/uploads\/2023\/09\/desfile-escolar-3-1_optimized-450x300.jpg 450w, https:\/\/radiorevelacionfm.cl\/wp-content\/uploads\/2023\/09\/desfile-escolar-3-1_optimized-600x400.jpg 600w\" sizes=\"(max-width: 900px) 100vw, 900px\" \/><\/div><\/div><\/div><\/div><div class=\"flex_column av_one_full  flex_column_div av-zero-column-padding first  avia-builder-el-2  el_after_av_one_full  el_before_av_one_full  column-top-margin\" style='border-radius:0px; '><section class=\"av_textblock_section \"  itemscope=\"itemscope\" itemtype=\"https:\/\/schema.org\/BlogPosting\" itemprop=\"blogPost\" ><div class='avia_textblock  '   itemprop=\"text\" ><p style=\"text-align: center;\"><strong><span style=\"font-size: 18pt;\">La lluvia no fue impedimento para que colegios de la comuna de Ays\u00e9n rindan honor a las Fiestas Patrias y a las Glorias del Ej\u00e9rcito<\/span><\/strong><\/p>\n<div id=\"gtx-trans\" style=\"position: absolute; left: -50px; top: 4.31534px;\">\n<div class=\"gtx-trans-icon\"><\/div>\n<\/div>\n<\/div><\/section><\/div><div class=\"flex_column av_one_full  flex_column_div av-zero-column-padding first  avia-builder-el-4  el_after_av_one_full  el_before_av_hr  column-top-margin\" style='border-radius:0px; '><section class=\"av_textblock_section \"  itemscope=\"itemscope\" itemtype=\"https:\/\/schema.org\/BlogPosting\" itemprop=\"blogPost\" ><div class='avia_textblock  '   itemprop=\"text\" ><p style=\"text-align: justify;\"><em>Banda de la Escuela Despertar brill\u00f3 en su presentaci\u00f3n junto a los colegios que se presentaron ante las autoridades y la comunidad de Ays\u00e9n.<\/em><\/p>\n<p style=\"text-align: justify;\">17 establecimientos educacionales de la comuna de Ays\u00e9n participaron del desfile en honor a las Glorias del Ej\u00e9rcito y las Fiestas Patrias, realizado la ma\u00f1ana de este jueves en la Plaza de Armas de Puerto Ays\u00e9n, con la presencia de la comunidad y autoridades.<\/p>\n<p style=\"text-align: justify;\">El Alcalde de la comuna, Julio Uribe Alvarado, destac\u00f3 el impecable desfile, que se convierte en el \u00faltimo en que los colegios funcionan bajo el amparo del Municipio, ya que, el pr\u00f3ximo a\u00f1o ser\u00e1n parte de Servicios Locales de Educaci\u00f3n.<\/p>\n<p style=\"text-align: justify;\">Es por ello que, la m\u00e1xima autoridad comunal quiso felicitar a los y las estudiantes, que, a pesar de clima, fueron parte de esta ceremonia.<\/p>\n<p style=\"text-align: justify;\">\u201cCreo que hoy hemos vivido un desfile impresionante, no solamente por la lluvia, sino por la cantidad de estudiantes que estuvieron presente. En un principio hab\u00edamos pensando en suspender porque sab\u00edamos que iba a estar lloviendo, pero, en definitiva, despu\u00e9s sali\u00f3 el valor del aysenino, m\u00e1s aun, cuando empieza a llegar la escuela Despertar con su banda, Chacabuco que trajo m\u00e1s de sesenta estudiantes, todos ilusionados con poder desfilar ante las autoridades, por lo tanto, decidimos realizar el desfile\u201d.<\/p>\n<p style=\"text-align: justify;\">Por su parte, la Teniente Coronel, Javiera Ormaz\u00e1bal Castillo, Comandante la Unidad de Cuartel del Regimiento N\u00b08 Chilo\u00e9, valor\u00f3 el desempe\u00f1o de los estudiantes, que, a pesar de la lluvia, estuvieron presentes en la actividad. \u201cMuy lindo desfile, los colegios s\u00faper comprometidos con la Patria y agradecer que hayan venido a desfilar en honor a las Glorias del Ejercito de Chile en este a\u00f1o. Me llam\u00f3 la atenci\u00f3n que a pesar de la gran lluvia estuvieran todos desfilando con mucha alegr\u00eda y un gran compromiso con la Patria\u201d.<\/p>\n<p style=\"text-align: justify;\">Se destaca a la escuela Almirante Simpson de Chacabuco y al liceo de Ma\u00f1ihuales, que llegaron con delegaciones de sus estudiantes, ya que, la mayor\u00eda de los establecimientos desfil\u00f3 con gran parte de su comunidad educativa, como lo fue, la Escuela Despertar, Jard\u00edn Infantil Gotita de Lluvia, Jard\u00edn Infantil Creciendo Contento, Jard\u00edn Infantil Capullito de Calafate, Jard\u00edn Infantil Los Chilcos, Escuela B\u00e1sica Ribera Sur, Escuela Hospitalaria, Escuela Ays\u00e9n,\u00a0 Escuela Litoral Austral, Escuela Gabriela Mistral, Colegio Santa Teresa, Colegio Kalem, Liceo Ra\u00fal Broussain Campino, Liceo Polit\u00e9cnico y Liceo San Jos\u00e9 U.R.<\/p>\n<\/div><\/section><\/div><div  style='height:50px' class='hr hr-invisible   avia-builder-el-6  el_after_av_one_full  el_before_av_social_share '><span class='hr-inner ' ><span class='hr-inner-style'><\/span><\/span><\/div><\/p>\n<div  class='av-social-sharing-box  avia-builder-el-7  el_after_av_hr  el_before_av_hr  '><div class='av-share-box'><h5 class='av-share-link-description av-no-toc '>Compartir esta noticia<\/h5><ul class='av-share-box-list noLightbox'><li class='av-share-link av-social-link-facebook' ><a target=\"_blank\" aria-label=\"Compartir en Facebook\" href='https:\/\/www.facebook.com\/sharer.php?u=https:\/\/radiorevelacionfm.cl\/?p=35049&#038;t=La%20lluvia%20no%20fue%20impedimento%20para%20que%20colegios%20de%20la%20comuna%20de%20Ays%C3%A9n%20rindan%20honor%20a%20las%20Fiestas%20Patrias%20y%20a%20las%20Glorias%20del%20Ej%C3%A9rcito' aria-hidden='false' data-av_icon='\ue8f3' data-av_iconfont='entypo-fontello' title='' data-avia-related-tooltip='Compartir en Facebook' rel=\"noopener\"><span class='avia_hidden_link_text'>Compartir en Facebook<\/span><\/a><\/li><li class='av-share-link av-social-link-twitter' ><a target=\"_blank\" aria-label=\"Compartir en Twitter\" href='https:\/\/twitter.com\/share?text=La%20lluvia%20no%20fue%20impedimento%20para%20que%20colegios%20de%20la%20comuna%20de%20Ays%C3%A9n%20rindan%20honor%20a%20las%20Fiestas%20Patrias%20y%20a%20las%20Glorias%20del%20Ej%C3%A9rcito&#038;url=https:\/\/radiorevelacionfm.cl\/?p=35049' aria-hidden='false' data-av_icon='\ue8f1' data-av_iconfont='entypo-fontello' title='' data-avia-related-tooltip='Compartir en Twitter' rel=\"noopener\"><span class='avia_hidden_link_text'>Compartir en Twitter<\/span><\/a><\/li><li class='av-share-link av-social-link-whatsapp' ><a target=\"_blank\" aria-label=\"Compartir en Whatsapp\" href='https:\/\/api.whatsapp.com\/send?text=https:\/\/radiorevelacionfm.cl\/?p=35049' aria-hidden='false' data-av_icon='\uf232' data-av_iconfont='entypo-fontello' title='' data-avia-related-tooltip='Compartir en Whatsapp' rel=\"noopener\"><span class='avia_hidden_link_text'>Compartir en Whatsapp<\/span><\/a><\/li><li class='av-share-link av-social-link-linkedin' ><a target=\"_blank\" aria-label=\"Compartir en LinkedIn\" href='https:\/\/linkedin.com\/shareArticle?mini=true&#038;title=La%20lluvia%20no%20fue%20impedimento%20para%20que%20colegios%20de%20la%20comuna%20de%20Ays%C3%A9n%20rindan%20honor%20a%20las%20Fiestas%20Patrias%20y%20a%20las%20Glorias%20del%20Ej%C3%A9rcito&#038;url=https:\/\/radiorevelacionfm.cl\/?p=35049' aria-hidden='false' data-av_icon='\ue8fc' data-av_iconfont='entypo-fontello' title='' data-avia-related-tooltip='Compartir en LinkedIn' rel=\"noopener\"><span class='avia_hidden_link_text'>Compartir en LinkedIn<\/span><\/a><\/li><li class='av-share-link av-social-link-mail' ><a  aria-label=\"Compartir por correo\" href='mailto:?subject=La%20lluvia%20no%20fue%20impedimento%20para%20que%20colegios%20de%20la%20comuna%20de%20Ays%C3%A9n%20rindan%20honor%20a%20las%20Fiestas%20Patrias%20y%20a%20las%20Glorias%20del%20Ej%C3%A9rcito&#038;body=https:\/\/radiorevelacionfm.cl\/?p=35049' aria-hidden='false' data-av_icon='\ue805' data-av_iconfont='entypo-fontello' title='' data-avia-related-tooltip='Compartir por correo'><span class='avia_hidden_link_text'>Compartir por correo<\/span><\/a><\/li><\/ul><\/div><\/div>\n<div  style='height:50px' class='hr hr-invisible   avia-builder-el-8  el_after_av_social_share  el_before_av_comments_list '><span class='hr-inner ' ><span class='hr-inner-style'><\/span><\/span><\/div>\n<div  class='av-buildercomment  av-blog-meta-html-info-disabled av-blog-meta-tag-disabled  '><\/div>\n","protected":false},"excerpt":{"rendered":"","protected":false},"author":1,"featured_media":35050,"comment_status":"open","ping_status":"open","sticky":false,"template":"","format":"standard","meta":{"footnotes":""},"categories":[38],"tags":[],"class_list":["post-35049","post","type-post","status-publish","format-standard","has-post-thumbnail","hentry","category-regional"],"jetpack_featured_media_url":"https:\/\/radiorevelacionfm.cl\/wp-content\/uploads\/2023\/09\/desfile-escolar-3-1_optimized.jpg","_links":{"self":[{"href":"https:\/\/radiorevelacionfm.cl\/index.php?rest_route=\/wp\/v2\/posts\/35049","targetHints":{"allow":["GET"]}}],"collection":[{"href":"https:\/\/radiorevelacionfm.cl\/index.php?rest_route=\/wp\/v2\/posts"}],"about":[{"href":"https:\/\/radiorevelacionfm.cl\/index.php?rest_route=\/wp\/v2\/types\/post"}],"author":[{"embeddable":true,"href":"https:\/\/radiorevelacionfm.cl\/index.php?rest_route=\/wp\/v2\/users\/1"}],"replies":[{"embeddable":true,"href":"https:\/\/radiorevelacionfm.cl\/index.php?rest_route=%2Fwp%2Fv2%2Fcomments&post=35049"}],"version-history":[{"count":1,"href":"https:\/\/radiorevelacionfm.cl\/index.php?rest_route=\/wp\/v2\/posts\/35049\/revisions"}],"predecessor-version":[{"id":35051,"href":"https:\/\/radiorevelacionfm.cl\/index.php?rest_route=\/wp\/v2\/posts\/35049\/revisions\/35051"}],"wp:featuredmedia":[{"embeddable":true,"href":"https:\/\/radiorevelacionfm.cl\/index.php?rest_route=\/wp\/v2\/media\/35050"}],"wp:attachment":[{"href":"https:\/\/radiorevelacionfm.cl\/index.php?rest_route=%2Fwp%2Fv2%2Fmedia&parent=35049"}],"wp:term":[{"taxonomy":"category","embeddable":true,"href":"https:\/\/radiorevelacionfm.cl\/index.php?rest_route=%2Fwp%2Fv2%2Fcategories&post=35049"},{"taxonomy":"post_tag","embeddable":true,"href":"https:\/\/radiorevelacionfm.cl\/index.php?rest_route=%2Fwp%2Fv2%2Ftags&post=35049"}],"curies":[{"name":"wp","href":"https:\/\/api.w.org\/{rel}","templated":true}]}}