{"id":35046,"date":"2023-09-15T10:59:40","date_gmt":"2023-09-15T13:59:40","guid":{"rendered":"https:\/\/radiorevelacionfm.cl\/?p=35046"},"modified":"2023-09-15T10:59:40","modified_gmt":"2023-09-15T13:59:40","slug":"recuerdan-que-18-y-19-de-septiembre-son-feriados-obligatorios-e-irrenunciables-para-el-sector-comercio","status":"publish","type":"post","link":"https:\/\/radiorevelacionfm.cl\/?p=35046","title":{"rendered":"Recuerdan que 18 y 19 de septiembre son feriados obligatorios e irrenunciables para el sector comercio"},"content":{"rendered":"<div class=\"flex_column av_one_full  flex_column_div av-zero-column-padding first  avia-builder-el-0  el_before_av_one_full  avia-builder-el-first  \" style='border-radius:0px; '><div  class='avia-image-container  av-styling-    avia-builder-el-1  avia-builder-el-no-sibling  avia-align-center '  itemprop=\"image\" itemscope=\"itemscope\" itemtype=\"https:\/\/schema.org\/ImageObject\"  ><div class='avia-image-container-inner'><div class='avia-image-overlay-wrap'><img decoding=\"async\" class='wp-image-35047 avia-img-lazy-loading-not-35047 avia_image' src=\"https:\/\/radiorevelacionfm.cl\/wp-content\/uploads\/2023\/09\/FeriadoIrrenunciable_FiestasPatrias_DT-5-1-1.jpg\" alt='' title='FeriadoIrrenunciable_FiestasPatrias_DT 5 (1) (1)' height=\"600\" width=\"786\"  itemprop=\"thumbnailUrl\" srcset=\"https:\/\/radiorevelacionfm.cl\/wp-content\/uploads\/2023\/09\/FeriadoIrrenunciable_FiestasPatrias_DT-5-1-1.jpg 786w, https:\/\/radiorevelacionfm.cl\/wp-content\/uploads\/2023\/09\/FeriadoIrrenunciable_FiestasPatrias_DT-5-1-1-300x229.jpg 300w, https:\/\/radiorevelacionfm.cl\/wp-content\/uploads\/2023\/09\/FeriadoIrrenunciable_FiestasPatrias_DT-5-1-1-768x586.jpg 768w, https:\/\/radiorevelacionfm.cl\/wp-content\/uploads\/2023\/09\/FeriadoIrrenunciable_FiestasPatrias_DT-5-1-1-705x538.jpg 705w, https:\/\/radiorevelacionfm.cl\/wp-content\/uploads\/2023\/09\/FeriadoIrrenunciable_FiestasPatrias_DT-5-1-1-450x344.jpg 450w, https:\/\/radiorevelacionfm.cl\/wp-content\/uploads\/2023\/09\/FeriadoIrrenunciable_FiestasPatrias_DT-5-1-1-600x458.jpg 600w\" sizes=\"(max-width: 786px) 100vw, 786px\" \/><\/div><\/div><\/div><\/div>\n<div class=\"flex_column av_one_full  flex_column_div av-zero-column-padding first  avia-builder-el-2  el_after_av_one_full  el_before_av_one_full  column-top-margin\" style='border-radius:0px; '><section class=\"av_textblock_section \"  itemscope=\"itemscope\" itemtype=\"https:\/\/schema.org\/BlogPosting\" itemprop=\"blogPost\" ><div class='avia_textblock  '   itemprop=\"text\" ><p style=\"text-align: center;\"><strong><span style=\"font-size: 18pt;\">Recuerdan que 18 y 19 de septiembre son feriados obligatorios e irrenunciables para el sector comercio<\/span><\/strong><\/p>\n<div id=\"gtx-trans\" style=\"position: absolute; left: -50px; top: 4.31534px;\">\n<div class=\"gtx-trans-icon\"><\/div>\n<\/div>\n<\/div><\/section><\/div><div class=\"flex_column av_one_full  flex_column_div av-zero-column-padding first  avia-builder-el-4  el_after_av_one_full  el_before_av_hr  column-top-margin\" style='border-radius:0px; '><section class=\"av_textblock_section \"  itemscope=\"itemscope\" itemtype=\"https:\/\/schema.org\/BlogPosting\" itemprop=\"blogPost\" ><div class='avia_textblock  '   itemprop=\"text\" ><p class=\"v1MsoNormal\" style=\"text-align: justify;\"><span lang=\"ES\">Con un recorrido por locales comerciales de Coyhaique, lo cual se est\u00e1 realizando de forma paralela en otras localidades de la regi\u00f3n de Ays\u00e9n, recuerdan tanto a empleadores\/as como a trabajadores\/as que los d\u00edas 18 y 19 de septiembre son feriados obligatorios e irrenunciables para el sector comercio.<b><\/b><\/span><\/p>\n<p class=\"v1MsoNormal\" style=\"text-align: justify;\"><span lang=\"ES\">Al respecto, el Director(s) regional Christian Aros Troncoso de la Direcci\u00f3n del Trabajo, explic\u00f3, \u00abDebemos recordar a todos los empleadores y empleadoras y a todos los trabajadores y trabajadoras de la regi\u00f3n, que este 18 y 19 es feriado irrenunciable para todos los trabajadores del comercio. Es as\u00ed como solo podr\u00e1n abrir restaurantes, discotecas y tambi\u00e9n las estaciones de servicio, por ejemplo, pero no los comercios que habitualmente funcionan de lunes a viernes o de lunes a s\u00e1bado. Nosotros vamos a estar fiscalizando, con nuestros fiscalizadores a lo largo de la regi\u00f3n y vamos a estar recibiendo denuncias en nuestra p\u00e1gina web\u00a0<a href=\"http:\/\/www.direcciondeltrabajo.cl\/\" target=\"_blank\" rel=\"noopener noreferrer\">www.direcciondeltrabajo.cl<\/a>, adem\u00e1s de nuestra l\u00ednea 600&#8243;.<\/span><\/p>\n<p class=\"v1MsoNormal\" style=\"text-align: justify;\"><span lang=\"ES\">El Seremi del Trabajo y Previsi\u00f3n Social, Rodrigo D\u00edaz Cordaro, destac\u00f3 la importancia de respetar los derechos laborales en el contexto del trabajo decente, \u00abHacer un llamado tambi\u00e9n a los empleadores para que cumplan la normativa, dar las facilidades, como dice el director del Trabajo, van a estar fiscalizando, por lo tanto, el que no cumpla va a ser sancionado. Los trabajadores si as\u00ed lo desean pueden hacer denuncias. Las denuncias pueden ser con confidencialidad, se van a reservar sus datos, solamente la Direcci\u00f3n del Trabajo va a saber qui\u00e9n denuncia, as\u00ed es que el llamado es a que pasemos unas buenas fiestas pero tambi\u00e9n que cumplamos con la normativa porque nuestros trabajadores y trabajadoras se merecen este descanso\u00bb, afirm\u00f3.\u00a0<\/span><\/p>\n<p class=\"v1MsoNormal\" style=\"text-align: justify;\"><span lang=\"ES\">Por su parte, Patricia, trabajadora de la tienda V&amp;C de Paseo Horn coment\u00f3, \u00abLos trabajadores nos vamos a tomar el feriado como corresponde y el local lo van a abrir los due\u00f1os. Igual va a seguir funcionando\u00bb.<\/span><\/p>\n<p class=\"v1MsoNormal\" style=\"text-align: justify;\"><span lang=\"ES\">Los d\u00edas 18 y 19 de septiembre son dos de los cinco feriados obligatorios e irrenunciables en el comercio, tal como el del 1 de enero, 1 de mayo y 25 de diciembre. En todos los casos, el feriado comienza a las 21.00 horas del d\u00eda anterior al festivo y termina a las 06:00 de la ma\u00f1ana del d\u00eda posterior, salvo los turnos rotativos, para los que rigen otros horarios.<\/span><\/p>\n<p class=\"v1MsoNormal\" style=\"text-align: justify;\"><span lang=\"ES\">Tal como mencionaron las autoridades laborales, para orientaciones y denuncias, ya est\u00e1 dispuesto un banner en el sitio web\u00a0<a href=\"http:\/\/www.direcciondeltrabajo.cl\/\" target=\"_blank\" rel=\"noopener noreferrer\">www.direcciondeltrabajo.cl<\/a>, adem\u00e1s de la l\u00ednea telef\u00f3nica 6004504000. Ambas alternativas estar\u00e1n habilitadas entre las 09:00 y 15:00 horas de los d\u00edas feriados.<\/span><\/p>\n<p class=\"v1MsoNormal\" style=\"text-align: justify;\"><b><u><span lang=\"ES\">Sanciones<\/span><\/u><\/b><\/p>\n<p class=\"v1MsoNormal\" style=\"text-align: justify;\"><span lang=\"ES\">En caso de no cumplir con este feriado obligatorio e irrenunciable y el descanso alternado, las infracciones ser\u00e1n sancionadas con multas que van desde las 5 UTM ($317.260 a septiembre de 2023) hasta 20 UTM ($1.269.040 a septiembre de 2023) por cada trabajador afectado por la infracci\u00f3n, considerando el n\u00famero de trabajadores total de la empresa. (Inc. final, Art. 2. Ley 19.973).<\/span><\/p>\n<p class=\"v1MsoNormal\" style=\"text-align: justify;\"><span lang=\"ES\">La infracci\u00f3n al feriado obligatorio e irrenunciable y al descanso alternado impone multas de:<\/span><\/p>\n<p style=\"text-align: justify;\"><span lang=\"ES\">\u00b7\u00a0\u00a0\u00a0\u00a0\u00a0\u00a0\u00a0\u00a0\u00a0<\/span><span lang=\"ES\">Microempresa: 5 UTM ($317.260)<\/span><\/p>\n<p style=\"text-align: justify;\"><span lang=\"ES\">\u00b7\u00a0\u00a0\u00a0\u00a0\u00a0\u00a0\u00a0\u00a0\u00a0<\/span><span lang=\"ES\">Peque\u00f1a empresa: 5 UTM ($317.260)<\/span><\/p>\n<p style=\"text-align: justify;\"><span lang=\"ES\">\u00b7\u00a0\u00a0\u00a0\u00a0\u00a0\u00a0\u00a0\u00a0\u00a0<\/span><span lang=\"ES\">Mediana empresa: 10 UTM ($634.520)<\/span><\/p>\n<p style=\"text-align: justify;\"><span lang=\"ES\">\u00b7\u00a0\u00a0\u00a0\u00a0\u00a0\u00a0\u00a0\u00a0\u00a0<\/span><span lang=\"ES\">Gran empresa: 20 UTM ($1.269.040)<\/span><\/p>\n<p class=\"v1MsoNormal\" style=\"text-align: justify;\"><span lang=\"ES\">Nota: valor de la UTM en septiembre de 2023: 63.452 pesos.<\/span><\/p>\n<p class=\"v1MsoNormal\" style=\"text-align: justify;\"><span lang=\"ES\">Estas multas son por cada trabajador sorprendido en infracci\u00f3n. Aparte de la multa, los empleadores sorprendidos con trabajadores y trabajadoras laborando deber\u00e1n cesar sus turnos, hacerlos salir de los locales y bajar las cortinas.<\/span><\/p>\n<p class=\"v1MsoNormal\" style=\"text-align: justify;\"><span lang=\"ES\">Durante la fiscalizaci\u00f3n del descanso alternado cada dos a\u00f1os (de los trabajadores exceptuados de estos feriados) ser\u00e1 responsabilidad del empleador demostrar documentalmente que los trabajadores que est\u00e1n laborando en este a\u00f1o s\u00ed descansaron en estos mismos feriados en 2022.\u00a0\u00a0<\/span><\/p>\n<p class=\"v1MsoNormal\" style=\"text-align: justify;\"><span lang=\"ES\">Como compensaci\u00f3n para los trabajadores\/as del comercio excluidos del feriado obligatorio e irrenunciable, est\u00e1 vigente una norma que se\u00f1ala que tendr\u00e1n derecho a tomar descanso en los d\u00edas feriados (en este caso, 18 y 19 de septiembre) a lo menos una vez cada dos a\u00f1os si contin\u00faan contratados por el mismo empleador; pudiendo pactar con \u00e9l la rotaci\u00f3n del personal necesaria para este fin (Inc. 2\u00b0, Art. 2, Ley 19.973). Esto significa, por ejemplo que, si un trabajador labor\u00f3 el 18 y 19 de septiembre del 2022 y contin\u00faa trabajando para el mismo empleador, durante este a\u00f1o 2023 tendr\u00e1 derecho a descansar en estas festividades.<\/span><\/p>\n<p class=\"v1MsoNormal\" style=\"text-align: justify;\"><span lang=\"ES\">Entre las excepciones de este feriado obligatorio e irrenunciable, est\u00e1n los trabajadores\/as que se desempe\u00f1an en clubes, restaurantes, establecimientos de entretenimiento, tales como cines, espect\u00e1culos en vivo, discotecas, pub, cabarets, locales comerciales en los aer\u00f3dromos civiles p\u00fablicos y aeropuertos, casinos de juego y otros lugares de juego legalmente autorizados, farmacias de urgencias y de turno definidas por la autoridad, expendios combustibles y las llamadas \u00abtiendas de conveniencia\u00bb adosadas a los servicentros si venden alimentos preparados all\u00ed mismo.<\/span><\/p>\n<p class=\"v1MsoNormal\" style=\"text-align: justify;\"><span lang=\"ES\">Aquellos locales que sean atendidos por sus propios due\u00f1os y\/o familiares directos s\u00ed podr\u00e1n funcionar.<\/span><\/p>\n<\/div><\/section><\/div><\/p>\n<div  style='height:50px' class='hr hr-invisible   avia-builder-el-6  el_after_av_one_full  el_before_av_social_share '><span class='hr-inner ' ><span class='hr-inner-style'><\/span><\/span><\/div>\n<div  class='av-social-sharing-box  avia-builder-el-7  el_after_av_hr  el_before_av_hr  '><div class='av-share-box'><h5 class='av-share-link-description av-no-toc '>Compartir esta noticia<\/h5><ul class='av-share-box-list noLightbox'><li class='av-share-link av-social-link-facebook' ><a target=\"_blank\" aria-label=\"Compartir en Facebook\" href='https:\/\/www.facebook.com\/sharer.php?u=https:\/\/radiorevelacionfm.cl\/?p=35046&#038;t=Recuerdan%20que%2018%20y%2019%20de%20septiembre%20son%20feriados%20obligatorios%20e%20irrenunciables%20para%20el%20sector%20comercio' aria-hidden='false' data-av_icon='\ue8f3' data-av_iconfont='entypo-fontello' title='' data-avia-related-tooltip='Compartir en Facebook' rel=\"noopener\"><span class='avia_hidden_link_text'>Compartir en Facebook<\/span><\/a><\/li><li class='av-share-link av-social-link-twitter' ><a target=\"_blank\" aria-label=\"Compartir en Twitter\" href='https:\/\/twitter.com\/share?text=Recuerdan%20que%2018%20y%2019%20de%20septiembre%20son%20feriados%20obligatorios%20e%20irrenunciables%20para%20el%20sector%20comercio&#038;url=https:\/\/radiorevelacionfm.cl\/?p=35046' aria-hidden='false' data-av_icon='\ue8f1' data-av_iconfont='entypo-fontello' title='' data-avia-related-tooltip='Compartir en Twitter' rel=\"noopener\"><span class='avia_hidden_link_text'>Compartir en Twitter<\/span><\/a><\/li><li class='av-share-link av-social-link-whatsapp' ><a target=\"_blank\" aria-label=\"Compartir en Whatsapp\" href='https:\/\/api.whatsapp.com\/send?text=https:\/\/radiorevelacionfm.cl\/?p=35046' aria-hidden='false' data-av_icon='\uf232' data-av_iconfont='entypo-fontello' title='' data-avia-related-tooltip='Compartir en Whatsapp' rel=\"noopener\"><span class='avia_hidden_link_text'>Compartir en Whatsapp<\/span><\/a><\/li><li class='av-share-link av-social-link-linkedin' ><a target=\"_blank\" aria-label=\"Compartir en LinkedIn\" href='https:\/\/linkedin.com\/shareArticle?mini=true&#038;title=Recuerdan%20que%2018%20y%2019%20de%20septiembre%20son%20feriados%20obligatorios%20e%20irrenunciables%20para%20el%20sector%20comercio&#038;url=https:\/\/radiorevelacionfm.cl\/?p=35046' aria-hidden='false' data-av_icon='\ue8fc' data-av_iconfont='entypo-fontello' title='' data-avia-related-tooltip='Compartir en LinkedIn' rel=\"noopener\"><span class='avia_hidden_link_text'>Compartir en LinkedIn<\/span><\/a><\/li><li class='av-share-link av-social-link-mail' ><a  aria-label=\"Compartir por correo\" href='mailto:?subject=Recuerdan%20que%2018%20y%2019%20de%20septiembre%20son%20feriados%20obligatorios%20e%20irrenunciables%20para%20el%20sector%20comercio&#038;body=https:\/\/radiorevelacionfm.cl\/?p=35046' aria-hidden='false' data-av_icon='\ue805' data-av_iconfont='entypo-fontello' title='' data-avia-related-tooltip='Compartir por correo'><span class='avia_hidden_link_text'>Compartir por correo<\/span><\/a><\/li><\/ul><\/div><\/div>\n<div  style='height:50px' class='hr hr-invisible   avia-builder-el-8  el_after_av_social_share  el_before_av_comments_list '><span class='hr-inner ' ><span class='hr-inner-style'><\/span><\/span><\/div>\n<div  class='av-buildercomment  av-blog-meta-html-info-disabled av-blog-meta-tag-disabled  '><\/div>\n","protected":false},"excerpt":{"rendered":"","protected":false},"author":1,"featured_media":35047,"comment_status":"open","ping_status":"open","sticky":false,"template":"","format":"standard","meta":{"footnotes":""},"categories":[56],"tags":[],"class_list":["post-35046","post","type-post","status-publish","format-standard","has-post-thumbnail","hentry","category-trabajo"],"jetpack_featured_media_url":"https:\/\/radiorevelacionfm.cl\/wp-content\/uploads\/2023\/09\/FeriadoIrrenunciable_FiestasPatrias_DT-5-1-1.jpg","_links":{"self":[{"href":"https:\/\/radiorevelacionfm.cl\/index.php?rest_route=\/wp\/v2\/posts\/35046","targetHints":{"allow":["GET"]}}],"collection":[{"href":"https:\/\/radiorevelacionfm.cl\/index.php?rest_route=\/wp\/v2\/posts"}],"about":[{"href":"https:\/\/radiorevelacionfm.cl\/index.php?rest_route=\/wp\/v2\/types\/post"}],"author":[{"embeddable":true,"href":"https:\/\/radiorevelacionfm.cl\/index.php?rest_route=\/wp\/v2\/users\/1"}],"replies":[{"embeddable":true,"href":"https:\/\/radiorevelacionfm.cl\/index.php?rest_route=%2Fwp%2Fv2%2Fcomments&post=35046"}],"version-history":[{"count":2,"href":"https:\/\/radiorevelacionfm.cl\/index.php?rest_route=\/wp\/v2\/posts\/35046\/revisions"}],"predecessor-version":[{"id":35080,"href":"https:\/\/radiorevelacionfm.cl\/index.php?rest_route=\/wp\/v2\/posts\/35046\/revisions\/35080"}],"wp:featuredmedia":[{"embeddable":true,"href":"https:\/\/radiorevelacionfm.cl\/index.php?rest_route=\/wp\/v2\/media\/35047"}],"wp:attachment":[{"href":"https:\/\/radiorevelacionfm.cl\/index.php?rest_route=%2Fwp%2Fv2%2Fmedia&parent=35046"}],"wp:term":[{"taxonomy":"category","embeddable":true,"href":"https:\/\/radiorevelacionfm.cl\/index.php?rest_route=%2Fwp%2Fv2%2Fcategories&post=35046"},{"taxonomy":"post_tag","embeddable":true,"href":"https:\/\/radiorevelacionfm.cl\/index.php?rest_route=%2Fwp%2Fv2%2Ftags&post=35046"}],"curies":[{"name":"wp","href":"https:\/\/api.w.org\/{rel}","templated":true}]}}