{"id":35040,"date":"2023-09-16T11:37:52","date_gmt":"2023-09-16T14:37:52","guid":{"rendered":"https:\/\/radiorevelacionfm.cl\/?p=35040"},"modified":"2023-09-16T11:37:52","modified_gmt":"2023-09-16T14:37:52","slug":"escasez-de-licitaciones-y-baja-ejecucion-de-obras-19-fueron-declaradas-desiertas-entre-enero-y-julio-2023-en-la-region","status":"publish","type":"post","link":"https:\/\/radiorevelacionfm.cl\/?p=35040","title":{"rendered":"Escasez de licitaciones y baja ejecuci\u00f3n de obras: 19% fueron declaradas desiertas entre enero y julio 2023 en la regi\u00f3n"},"content":{"rendered":"<div class=\"flex_column av_one_full  flex_column_div av-zero-column-padding first  avia-builder-el-0  el_before_av_one_full  avia-builder-el-first  \" style='border-radius:0px; '><div  class='avia-image-container  av-styling-    avia-builder-el-1  avia-builder-el-no-sibling  avia-align-center '  itemprop=\"image\" itemscope=\"itemscope\" itemtype=\"https:\/\/schema.org\/ImageObject\"  ><div class='avia-image-container-inner'><div class='avia-image-overlay-wrap'><img decoding=\"async\" class='wp-image-35041 avia-img-lazy-loading-not-35041 avia_image' src=\"https:\/\/radiorevelacionfm.cl\/wp-content\/uploads\/2023\/09\/foto-ref-02-1_optimized.jpg\" alt='' title='foto-ref-02-(1)_optimized' height=\"600\" width=\"900\"  itemprop=\"thumbnailUrl\" srcset=\"https:\/\/radiorevelacionfm.cl\/wp-content\/uploads\/2023\/09\/foto-ref-02-1_optimized.jpg 900w, https:\/\/radiorevelacionfm.cl\/wp-content\/uploads\/2023\/09\/foto-ref-02-1_optimized-300x200.jpg 300w, https:\/\/radiorevelacionfm.cl\/wp-content\/uploads\/2023\/09\/foto-ref-02-1_optimized-768x512.jpg 768w, https:\/\/radiorevelacionfm.cl\/wp-content\/uploads\/2023\/09\/foto-ref-02-1_optimized-705x470.jpg 705w, https:\/\/radiorevelacionfm.cl\/wp-content\/uploads\/2023\/09\/foto-ref-02-1_optimized-450x300.jpg 450w, https:\/\/radiorevelacionfm.cl\/wp-content\/uploads\/2023\/09\/foto-ref-02-1_optimized-600x400.jpg 600w\" sizes=\"(max-width: 900px) 100vw, 900px\" \/><\/div><\/div><\/div><\/div><div class=\"flex_column av_one_full  flex_column_div av-zero-column-padding first  avia-builder-el-2  el_after_av_one_full  el_before_av_one_full  column-top-margin\" style='border-radius:0px; '><section class=\"av_textblock_section \"  itemscope=\"itemscope\" itemtype=\"https:\/\/schema.org\/BlogPosting\" itemprop=\"blogPost\" ><div class='avia_textblock  '   itemprop=\"text\" ><p style=\"text-align: center;\"><span style=\"font-size: 18pt;\"><b>Escasez de licitaciones y baja ejecuci\u00f3n de obras: 19% fueron declaradas desiertas entre enero y julio 2023 en la regi\u00f3n<\/b><\/span><\/p>\n<div id=\"gtx-trans\" style=\"position: absolute; left: -50px; top: 4.31534px;\">\n<div class=\"gtx-trans-icon\"><\/div>\n<\/div>\n<\/div><\/section><\/div><div class=\"flex_column av_one_full  flex_column_div av-zero-column-padding first  avia-builder-el-4  el_after_av_one_full  el_before_av_hr  column-top-margin\" style='border-radius:0px; '><section class=\"av_textblock_section \"  itemscope=\"itemscope\" itemtype=\"https:\/\/schema.org\/BlogPosting\" itemprop=\"blogPost\" ><div class='avia_textblock  '   itemprop=\"text\" ><p class=\"v1MsoNormal\" style=\"text-align: justify;\"><i>Desde la C\u00e1mara Chilena de la Construcci\u00f3n sede Coyhaique, analizan este escenario a trav\u00e9s de su Comit\u00e9 de Infraestructura y afirman, que se est\u00e1 a tiempo de poder revertir la situaci\u00f3n y reactivar obras en la regi\u00f3n.<\/i><\/p>\n<p class=\"v1MsoNormal\" style=\"text-align: justify;\">Preocupaci\u00f3n existe en la industria de la construcci\u00f3n ante la falta de inversi\u00f3n p\u00fablica en la Regi\u00f3n de Ays\u00e9n, la que se contin\u00faa viendo reflejada en la falta de obras en ejecuci\u00f3n y en las diversas licitaciones que el Estado no ha logrado adjudicar. Seg\u00fan una investigaci\u00f3n realizada por el acad\u00e9mico de la Universidad de Talca, Armando Dur\u00e1n, han sido en total 33 las licitaciones declaradas desiertas entre enero y julio del presente a\u00f1o en la Regi\u00f3n de Ays\u00e9n.<\/p>\n<p class=\"v1MsoNormal\" style=\"text-align: justify;\">Al analizar este escenario regional, marcado por la falta de nuevas licitaciones de los diversos mandantes del Estado y obras emblem\u00e1ticas para la comunidad que no se han concretado, el presidente del Comit\u00e9 de Infraestructura de la C\u00e1mara Chilena de la Construcci\u00f3n sede Coyhaique, Pedro Pablo Arriagada, explica que \u00aben el caso de las licitaciones que se encuentran publicadas y que ha sido recurrente que no se concreten, ha ocurrido que sus precios no est\u00e1n actualizados. Por ende, las empresas que han participado y entregado sus ofertas, lo han hecho con valores actuales que est\u00e1n sobre los oficiales. Esto es lo que hemos visto, en casos como; la licitaci\u00f3n del CESFAM con SAR Adosado en Coyhaique del Servicio de Salud, la Pavimentaci\u00f3n de Lago Atrasado del MOP o la reposici\u00f3n de la media luna en Puerto Cisnes, que a\u00fan no logran contratarse, por mencionar algunas que corresponden a distintos mandantes p\u00fablicos\u00bb.<\/p>\n<p class=\"v1MsoNormal\" style=\"text-align: justify;\">\u00abSin embargo, en el caso de las licitaciones de menor tama\u00f1o, s\u00ed se ha logrado generar que una cantidad importante de oferentes participen, quedando sus ofertas dentro de los m\u00e1rgenes y presupuestos publicados, pudi\u00e9ndose estas contratar en el corto plazo, ya que en este tipo de obras se ha hecho una verdadera reevaluaci\u00f3n de los presupuestos por parte de los mandantes, lo cual se valora. En cuanto, a lo que ha ocurrido con las licitaciones desiertas, esto se ha dado porque las empresas han optado por no tomar riesgos ante las incertezas econ\u00f3micas que a\u00fan se encuentran presentes, por ser obras de largo aliento \u00ab, agrega Arriagada.<\/p>\n<p class=\"v1MsoNormal\" style=\"text-align: justify;\">Al respecto, el representante del \u00e1rea de Infraestructura del gremio de la construcci\u00f3n, afirma que a\u00fan es posible mejorar los procesos licitatorios a fin de que, a inicios del pr\u00f3ximo a\u00f1o, puedan verse obras en ejecuci\u00f3n. \u00abLo que permitir\u00eda revertir esta situaci\u00f3n, ser\u00eda dar celeridad a los procesos administrativos en el caso de las licitaciones que ya est\u00e1n concluyendo su evaluaci\u00f3n t\u00e9cnica y econ\u00f3mica, cuyas ofertas estar\u00edan dentro de los m\u00e1rgenes que se pueden contratar. Ya que es el retorno a nivel central de estos procesos administrativos y las re evaluaciones, lo que las termina por desechar. Es decir, s\u00ed esto tuviera una respuesta m\u00e1s r\u00e1pida desde el Estado, se podr\u00edan activar las conservaciones globales e incluso, en la anhelada pavimentaci\u00f3n de Lago Atravesado\u00bb, detalla Pedro Pablo Arriagada.<\/p>\n<p class=\"v1MsoNormal\" style=\"text-align: justify;\">\u00abA\u00fan estamos a tiempo de adelantarnos en la ejecuci\u00f3n de obras y evitar, nuevamente una situaci\u00f3n de escasez, por un lado y por otro, la afectaci\u00f3n al empleo que en el sector construcci\u00f3n es cr\u00edtico, de hecho, de acuerdo a los datos del INE, actualmente se alcanza una destrucci\u00f3n de 1.538 empleos durante el \u00faltimo trimestre 2023 al compararse el mismo periodo con el a\u00f1o anterior\u00bb, a\u00f1ade Pedro Pablo Arriagada.<\/p>\n<p class=\"v1MsoNormal\" style=\"text-align: justify;\">En ese contexto, desde la CChC Sede Coyhaique, tambi\u00e9n realizan un llamado transversal a las autoridades regionales, su presidenta, Alejandra Alert, enfatiza que \u00abnosotros como C\u00e1mara Regional, hemos mantenido un constante relacionamiento con las autoridades regionales ministeriales, parlamentarias e incluso los ministros de Vivienda y Obras P\u00fablicas, por lo que, junto con aportar desde nuestra mirada t\u00e9cnica en las soluciones, solicitamos que se ejecute un plan efectivo de reactivaci\u00f3n, que tenga a los trabajadores y a sus familias en el centro, y como gremio estamos disponibles para colaborar en esta materia\u00bb.<\/p>\n<\/div><\/section><\/div><div  style='height:50px' class='hr hr-invisible   avia-builder-el-6  el_after_av_one_full  el_before_av_social_share '><span class='hr-inner ' ><span class='hr-inner-style'><\/span><\/span><\/div><\/p>\n<div  class='av-social-sharing-box  avia-builder-el-7  el_after_av_hr  el_before_av_hr  '><div class='av-share-box'><h5 class='av-share-link-description av-no-toc '>Compartir esta noticia<\/h5><ul class='av-share-box-list noLightbox'><li class='av-share-link av-social-link-facebook' ><a target=\"_blank\" aria-label=\"Compartir en Facebook\" href='https:\/\/www.facebook.com\/sharer.php?u=https:\/\/radiorevelacionfm.cl\/?p=35040&#038;t=Escasez%20de%20licitaciones%20y%20baja%20ejecuci%C3%B3n%20de%20obras%3A%2019%25%20fueron%20declaradas%20desiertas%20entre%20enero%20y%20julio%202023%20en%20la%20regi%C3%B3n' aria-hidden='false' data-av_icon='\ue8f3' data-av_iconfont='entypo-fontello' title='' data-avia-related-tooltip='Compartir en Facebook' rel=\"noopener\"><span class='avia_hidden_link_text'>Compartir en Facebook<\/span><\/a><\/li><li class='av-share-link av-social-link-twitter' ><a target=\"_blank\" aria-label=\"Compartir en Twitter\" href='https:\/\/twitter.com\/share?text=Escasez%20de%20licitaciones%20y%20baja%20ejecuci%C3%B3n%20de%20obras%3A%2019%25%20fueron%20declaradas%20desiertas%20entre%20enero%20y%20julio%202023%20en%20la%20regi%C3%B3n&#038;url=https:\/\/radiorevelacionfm.cl\/?p=35040' aria-hidden='false' data-av_icon='\ue8f1' data-av_iconfont='entypo-fontello' title='' data-avia-related-tooltip='Compartir en Twitter' rel=\"noopener\"><span class='avia_hidden_link_text'>Compartir en Twitter<\/span><\/a><\/li><li class='av-share-link av-social-link-whatsapp' ><a target=\"_blank\" aria-label=\"Compartir en Whatsapp\" href='https:\/\/api.whatsapp.com\/send?text=https:\/\/radiorevelacionfm.cl\/?p=35040' aria-hidden='false' data-av_icon='\uf232' data-av_iconfont='entypo-fontello' title='' data-avia-related-tooltip='Compartir en Whatsapp' rel=\"noopener\"><span class='avia_hidden_link_text'>Compartir en Whatsapp<\/span><\/a><\/li><li class='av-share-link av-social-link-linkedin' ><a target=\"_blank\" aria-label=\"Compartir en LinkedIn\" href='https:\/\/linkedin.com\/shareArticle?mini=true&#038;title=Escasez%20de%20licitaciones%20y%20baja%20ejecuci%C3%B3n%20de%20obras%3A%2019%25%20fueron%20declaradas%20desiertas%20entre%20enero%20y%20julio%202023%20en%20la%20regi%C3%B3n&#038;url=https:\/\/radiorevelacionfm.cl\/?p=35040' aria-hidden='false' data-av_icon='\ue8fc' data-av_iconfont='entypo-fontello' title='' data-avia-related-tooltip='Compartir en LinkedIn' rel=\"noopener\"><span class='avia_hidden_link_text'>Compartir en LinkedIn<\/span><\/a><\/li><li class='av-share-link av-social-link-mail' ><a  aria-label=\"Compartir por correo\" href='mailto:?subject=Escasez%20de%20licitaciones%20y%20baja%20ejecuci%C3%B3n%20de%20obras%3A%2019%25%20fueron%20declaradas%20desiertas%20entre%20enero%20y%20julio%202023%20en%20la%20regi%C3%B3n&#038;body=https:\/\/radiorevelacionfm.cl\/?p=35040' aria-hidden='false' data-av_icon='\ue805' data-av_iconfont='entypo-fontello' title='' data-avia-related-tooltip='Compartir por correo'><span class='avia_hidden_link_text'>Compartir por correo<\/span><\/a><\/li><\/ul><\/div><\/div>\n<div  style='height:50px' class='hr hr-invisible   avia-builder-el-8  el_after_av_social_share  el_before_av_comments_list '><span class='hr-inner ' ><span class='hr-inner-style'><\/span><\/span><\/div>\n<div  class='av-buildercomment  av-blog-meta-html-info-disabled av-blog-meta-tag-disabled  '><\/div>\n","protected":false},"excerpt":{"rendered":"","protected":false},"author":1,"featured_media":35041,"comment_status":"open","ping_status":"open","sticky":false,"template":"","format":"standard","meta":{"footnotes":""},"categories":[38],"tags":[],"class_list":["post-35040","post","type-post","status-publish","format-standard","has-post-thumbnail","hentry","category-regional"],"jetpack_featured_media_url":"https:\/\/radiorevelacionfm.cl\/wp-content\/uploads\/2023\/09\/foto-ref-02-1_optimized.jpg","_links":{"self":[{"href":"https:\/\/radiorevelacionfm.cl\/index.php?rest_route=\/wp\/v2\/posts\/35040","targetHints":{"allow":["GET"]}}],"collection":[{"href":"https:\/\/radiorevelacionfm.cl\/index.php?rest_route=\/wp\/v2\/posts"}],"about":[{"href":"https:\/\/radiorevelacionfm.cl\/index.php?rest_route=\/wp\/v2\/types\/post"}],"author":[{"embeddable":true,"href":"https:\/\/radiorevelacionfm.cl\/index.php?rest_route=\/wp\/v2\/users\/1"}],"replies":[{"embeddable":true,"href":"https:\/\/radiorevelacionfm.cl\/index.php?rest_route=%2Fwp%2Fv2%2Fcomments&post=35040"}],"version-history":[{"count":1,"href":"https:\/\/radiorevelacionfm.cl\/index.php?rest_route=\/wp\/v2\/posts\/35040\/revisions"}],"predecessor-version":[{"id":35042,"href":"https:\/\/radiorevelacionfm.cl\/index.php?rest_route=\/wp\/v2\/posts\/35040\/revisions\/35042"}],"wp:featuredmedia":[{"embeddable":true,"href":"https:\/\/radiorevelacionfm.cl\/index.php?rest_route=\/wp\/v2\/media\/35041"}],"wp:attachment":[{"href":"https:\/\/radiorevelacionfm.cl\/index.php?rest_route=%2Fwp%2Fv2%2Fmedia&parent=35040"}],"wp:term":[{"taxonomy":"category","embeddable":true,"href":"https:\/\/radiorevelacionfm.cl\/index.php?rest_route=%2Fwp%2Fv2%2Fcategories&post=35040"},{"taxonomy":"post_tag","embeddable":true,"href":"https:\/\/radiorevelacionfm.cl\/index.php?rest_route=%2Fwp%2Fv2%2Ftags&post=35040"}],"curies":[{"name":"wp","href":"https:\/\/api.w.org\/{rel}","templated":true}]}}