{"id":35037,"date":"2023-09-14T20:30:32","date_gmt":"2023-09-14T23:30:32","guid":{"rendered":"https:\/\/radiorevelacionfm.cl\/?p=35037"},"modified":"2023-09-14T20:30:32","modified_gmt":"2023-09-14T23:30:32","slug":"autoridades-llaman-a-celebrar-fiestas-patrias-con-autocuidado-y-responsabilidad","status":"publish","type":"post","link":"https:\/\/radiorevelacionfm.cl\/?p=35037","title":{"rendered":"Autoridades llaman a celebrar Fiestas Patrias con autocuidado y responsabilidad"},"content":{"rendered":"<div class=\"flex_column av_one_full  flex_column_div av-zero-column-padding first  avia-builder-el-0  el_before_av_one_full  avia-builder-el-first  \" style='border-radius:0px; '><div  class='avia-image-container  av-styling-    avia-builder-el-1  avia-builder-el-no-sibling  avia-align-center '  itemprop=\"image\" itemscope=\"itemscope\" itemtype=\"https:\/\/schema.org\/ImageObject\"  ><div class='avia-image-container-inner'><div class='avia-image-overlay-wrap'><img decoding=\"async\" class='wp-image-35038 avia-img-lazy-loading-not-35038 avia_image' src=\"https:\/\/radiorevelacionfm.cl\/wp-content\/uploads\/2023\/09\/r4-1_optimized.jpeg\" alt='' title='r4-(1)_optimized' height=\"600\" width=\"800\"  itemprop=\"thumbnailUrl\" srcset=\"https:\/\/radiorevelacionfm.cl\/wp-content\/uploads\/2023\/09\/r4-1_optimized.jpeg 800w, https:\/\/radiorevelacionfm.cl\/wp-content\/uploads\/2023\/09\/r4-1_optimized-300x225.jpeg 300w, https:\/\/radiorevelacionfm.cl\/wp-content\/uploads\/2023\/09\/r4-1_optimized-768x576.jpeg 768w, https:\/\/radiorevelacionfm.cl\/wp-content\/uploads\/2023\/09\/r4-1_optimized-705x529.jpeg 705w, https:\/\/radiorevelacionfm.cl\/wp-content\/uploads\/2023\/09\/r4-1_optimized-450x338.jpeg 450w, https:\/\/radiorevelacionfm.cl\/wp-content\/uploads\/2023\/09\/r4-1_optimized-600x450.jpeg 600w\" sizes=\"(max-width: 800px) 100vw, 800px\" \/><\/div><\/div><\/div><\/div><div class=\"flex_column av_one_full  flex_column_div av-zero-column-padding first  avia-builder-el-2  el_after_av_one_full  el_before_av_one_full  column-top-margin\" style='border-radius:0px; '><section class=\"av_textblock_section \"  itemscope=\"itemscope\" itemtype=\"https:\/\/schema.org\/BlogPosting\" itemprop=\"blogPost\" ><div class='avia_textblock  '   itemprop=\"text\" ><p style=\"text-align: center;\"><strong><span style=\"font-size: 18pt;\">Autoridades llaman a celebrar Fiestas Patrias con autocuidado y responsabilidad<\/span><\/strong><\/p>\n<div id=\"gtx-trans\" style=\"position: absolute; left: -50px; top: 4.31534px;\">\n<div class=\"gtx-trans-icon\"><\/div>\n<\/div>\n<\/div><\/section><\/div><div class=\"flex_column av_one_full  flex_column_div av-zero-column-padding first  avia-builder-el-4  el_after_av_one_full  el_before_av_hr  column-top-margin\" style='border-radius:0px; '><section class=\"av_textblock_section \"  itemscope=\"itemscope\" itemtype=\"https:\/\/schema.org\/BlogPosting\" itemprop=\"blogPost\" ><div class='avia_textblock  '   itemprop=\"text\" ><p style=\"font-weight: 400; text-align: justify;\">Autoridades regionales encabezadas por el delegado presidencial Rodrigo Araya, invitaron a celebrar las Fiestas Patrias con autocuidado y responsabilidad, evitando los accidentes de tr\u00e1nsito y los delitos. Lo anterior, como parte de la campa\u00f1a \u201cEste 18 con Prevenci\u00f3n, Celebramos Mejor\u201d.<\/p>\n<p style=\"font-weight: 400; text-align: justify;\">El llamado fue formulado la ma\u00f1ana del jueves 14 durante la \u201cFonda Preventiva\u201d organizada en la Plaza de Armas de Coyhaique, por la Delegaci\u00f3n Presidencial Regional, en el marco de un \u201cGobierno en Terreno\u201d, en el que participaron la Coordinaci\u00f3n de Seguridad P\u00fablica, Seremi del Trabajo, Direcci\u00f3n del Trabajo, Instituto de Seguridad Laboral, Servicio de Salud, Carabineros, Mutual de Seguridad, Municipalidad de Coyhaique, Senda, Seremi de Transportes, Seremi de Salud, y Senapred.<\/p>\n<p style=\"font-weight: 400; text-align: justify;\">El delegado Rodrigo Araya indic\u00f3 que en este feriado largo, los servicios p\u00fablicos est\u00e1n unidos para servir a la ciudadan\u00eda, llam\u00e1ndola a prevenir y evitar conductas de riesgo. \u201cTengan presente que la conducta de autocuidado es muy necesaria. Desde el a\u00f1o 2020 no tenemos accidentes de tr\u00e1nsito con v\u00edctimas fatales en esta fecha, por lo que queremos insistir en la conducta preventiva no solamente en la conducci\u00f3n sino tambi\u00e9n al transitar como peat\u00f3n o en bicicleta, para que al t\u00e9rmino de estos 4 d\u00edas sigamos contentos recordando este fin de semana\u201d, indic\u00f3.<\/p>\n<p style=\"font-weight: 400; text-align: justify;\">En la misma l\u00ednea, la polic\u00eda uniformada hizo hincapi\u00e9 en la gran cantidad de eventos que tendr\u00e1n lugar en toda la regi\u00f3n, para lo cual la instituci\u00f3n contempla un intenso trabajo en terreno. \u201cUno, para controlar y fiscalizar los m\u00e1s de 24 eventos tipo fonda o fiestas de chilenidad, y dos, para controlar las rutas en las distintas comunas de la regi\u00f3n, considerando que este a\u00f1o ya llevamos m\u00e1s de 260 detenidos por conducci\u00f3n en estado de ebriedad, bajo la influencia del alcohol o drogas y que la mayor prevalencia en accidentabilidad es no estar atento a las condiciones del tr\u00e1nsito\u201d, detall\u00f3 el prefecto de Carabineros, Fuad Chab\u00e1n.<\/p>\n<p style=\"font-weight: 400; text-align: justify;\">Otro organismo que ha preparado su despliegue para estos d\u00edas es el Servicio de Salud. Rodrigo Verdugo, subdirector de gesti\u00f3n asistencial, mencion\u00f3 que se encuentran preparados para responder a las necesidades de las zonas urbanas y rurales. \u201cY nosotros los m\u00e1s de 3000 trabajadores de la salud de la regi\u00f3n queremos celebrar pero cientos de nosotros estar\u00e1n disponibles para prestar ayuda a la comunidad, desde Ra\u00fal Mar\u00edn Balmaceda por el norte, hasta Villa O\u00b4Higgins por el sur. Todos nuestros dispositivos est\u00e1n disponibles en las ciudades y sector rural, porque queremos que la ciudadan\u00eda disfrute\u201d, recalc\u00f3.<\/p>\n<p style=\"font-weight: 400; text-align: justify;\">La \u201cFonda Preventiva\u201d del Gobierno en Terreno incorpor\u00f3 la entrega de informaci\u00f3n sobre prevenci\u00f3n a los transe\u00fantes, especialmente en lo relativo al consumo de alcohol, la conducci\u00f3n responsable y la compra de carnes en lugares autorizados.<\/p>\n<p style=\"font-weight: 400; text-align: justify;\">Tambi\u00e9n se cont\u00f3 con la presentaci\u00f3n de la pareja campeona escolar de cueca, integrada por Vicente D\u00edaz Vidal y Naishla Segura Mansilla, de apenas 9 a\u00f1os de edad.<\/p>\n<p style=\"font-weight: 400; text-align: justify;\">Por \u00faltimo, las autoridades e instituciones reiteraron a la ciudadan\u00eda la necesidad de hacer un uso responsable de los n\u00fameros telef\u00f3nicos de emergencia, entre los que se incluyen el 131 de SAMU, el 133 de Carabineros de Chile y el *4242 fono denuncia seguro.<\/p>\n<\/div><\/section><\/div><div  style='height:50px' class='hr hr-invisible   avia-builder-el-6  el_after_av_one_full  el_before_av_social_share '><span class='hr-inner ' ><span class='hr-inner-style'><\/span><\/span><\/div><\/p>\n<div  class='av-social-sharing-box  avia-builder-el-7  el_after_av_hr  el_before_av_hr  '><div class='av-share-box'><h5 class='av-share-link-description av-no-toc '>Compartir esta noticia<\/h5><ul class='av-share-box-list noLightbox'><li class='av-share-link av-social-link-facebook' ><a target=\"_blank\" aria-label=\"Compartir en Facebook\" href='https:\/\/www.facebook.com\/sharer.php?u=https:\/\/radiorevelacionfm.cl\/?p=35037&#038;t=Autoridades%20llaman%20a%20celebrar%20Fiestas%20Patrias%20con%20autocuidado%20y%20responsabilidad' aria-hidden='false' data-av_icon='\ue8f3' data-av_iconfont='entypo-fontello' title='' data-avia-related-tooltip='Compartir en Facebook' rel=\"noopener\"><span class='avia_hidden_link_text'>Compartir en Facebook<\/span><\/a><\/li><li class='av-share-link av-social-link-twitter' ><a target=\"_blank\" aria-label=\"Compartir en Twitter\" href='https:\/\/twitter.com\/share?text=Autoridades%20llaman%20a%20celebrar%20Fiestas%20Patrias%20con%20autocuidado%20y%20responsabilidad&#038;url=https:\/\/radiorevelacionfm.cl\/?p=35037' aria-hidden='false' data-av_icon='\ue8f1' data-av_iconfont='entypo-fontello' title='' data-avia-related-tooltip='Compartir en Twitter' rel=\"noopener\"><span class='avia_hidden_link_text'>Compartir en Twitter<\/span><\/a><\/li><li class='av-share-link av-social-link-whatsapp' ><a target=\"_blank\" aria-label=\"Compartir en Whatsapp\" href='https:\/\/api.whatsapp.com\/send?text=https:\/\/radiorevelacionfm.cl\/?p=35037' aria-hidden='false' data-av_icon='\uf232' data-av_iconfont='entypo-fontello' title='' data-avia-related-tooltip='Compartir en Whatsapp' rel=\"noopener\"><span class='avia_hidden_link_text'>Compartir en Whatsapp<\/span><\/a><\/li><li class='av-share-link av-social-link-linkedin' ><a target=\"_blank\" aria-label=\"Compartir en LinkedIn\" href='https:\/\/linkedin.com\/shareArticle?mini=true&#038;title=Autoridades%20llaman%20a%20celebrar%20Fiestas%20Patrias%20con%20autocuidado%20y%20responsabilidad&#038;url=https:\/\/radiorevelacionfm.cl\/?p=35037' aria-hidden='false' data-av_icon='\ue8fc' data-av_iconfont='entypo-fontello' title='' data-avia-related-tooltip='Compartir en LinkedIn' rel=\"noopener\"><span class='avia_hidden_link_text'>Compartir en LinkedIn<\/span><\/a><\/li><li class='av-share-link av-social-link-mail' ><a  aria-label=\"Compartir por correo\" href='mailto:?subject=Autoridades%20llaman%20a%20celebrar%20Fiestas%20Patrias%20con%20autocuidado%20y%20responsabilidad&#038;body=https:\/\/radiorevelacionfm.cl\/?p=35037' aria-hidden='false' data-av_icon='\ue805' data-av_iconfont='entypo-fontello' title='' data-avia-related-tooltip='Compartir por correo'><span class='avia_hidden_link_text'>Compartir por correo<\/span><\/a><\/li><\/ul><\/div><\/div>\n<div  style='height:50px' class='hr hr-invisible   avia-builder-el-8  el_after_av_social_share  el_before_av_comments_list '><span class='hr-inner ' ><span class='hr-inner-style'><\/span><\/span><\/div>\n<div  class='av-buildercomment  av-blog-meta-html-info-disabled av-blog-meta-tag-disabled  '><\/div>\n","protected":false},"excerpt":{"rendered":"","protected":false},"author":1,"featured_media":35038,"comment_status":"open","ping_status":"open","sticky":false,"template":"","format":"standard","meta":{"footnotes":""},"categories":[38],"tags":[],"class_list":["post-35037","post","type-post","status-publish","format-standard","has-post-thumbnail","hentry","category-regional"],"jetpack_featured_media_url":"https:\/\/radiorevelacionfm.cl\/wp-content\/uploads\/2023\/09\/r4-1_optimized.jpeg","_links":{"self":[{"href":"https:\/\/radiorevelacionfm.cl\/index.php?rest_route=\/wp\/v2\/posts\/35037","targetHints":{"allow":["GET"]}}],"collection":[{"href":"https:\/\/radiorevelacionfm.cl\/index.php?rest_route=\/wp\/v2\/posts"}],"about":[{"href":"https:\/\/radiorevelacionfm.cl\/index.php?rest_route=\/wp\/v2\/types\/post"}],"author":[{"embeddable":true,"href":"https:\/\/radiorevelacionfm.cl\/index.php?rest_route=\/wp\/v2\/users\/1"}],"replies":[{"embeddable":true,"href":"https:\/\/radiorevelacionfm.cl\/index.php?rest_route=%2Fwp%2Fv2%2Fcomments&post=35037"}],"version-history":[{"count":1,"href":"https:\/\/radiorevelacionfm.cl\/index.php?rest_route=\/wp\/v2\/posts\/35037\/revisions"}],"predecessor-version":[{"id":35039,"href":"https:\/\/radiorevelacionfm.cl\/index.php?rest_route=\/wp\/v2\/posts\/35037\/revisions\/35039"}],"wp:featuredmedia":[{"embeddable":true,"href":"https:\/\/radiorevelacionfm.cl\/index.php?rest_route=\/wp\/v2\/media\/35038"}],"wp:attachment":[{"href":"https:\/\/radiorevelacionfm.cl\/index.php?rest_route=%2Fwp%2Fv2%2Fmedia&parent=35037"}],"wp:term":[{"taxonomy":"category","embeddable":true,"href":"https:\/\/radiorevelacionfm.cl\/index.php?rest_route=%2Fwp%2Fv2%2Fcategories&post=35037"},{"taxonomy":"post_tag","embeddable":true,"href":"https:\/\/radiorevelacionfm.cl\/index.php?rest_route=%2Fwp%2Fv2%2Ftags&post=35037"}],"curies":[{"name":"wp","href":"https:\/\/api.w.org\/{rel}","templated":true}]}}