{"id":35033,"date":"2023-09-15T10:27:20","date_gmt":"2023-09-15T13:27:20","guid":{"rendered":"https:\/\/radiorevelacionfm.cl\/?p=35033"},"modified":"2023-09-15T10:27:20","modified_gmt":"2023-09-15T13:27:20","slug":"comunidad-indigena-adulta-mayor-de-coyhaique-se-interioriza-en-reforma-de-pensiones-y-piden-compromiso-de-parlamentarios","status":"publish","type":"post","link":"https:\/\/radiorevelacionfm.cl\/?p=35033","title":{"rendered":"Comunidad ind\u00edgena adulta mayor de Coyhaique se interioriza en reforma de pensiones y piden compromiso de parlamentarios"},"content":{"rendered":"<div class=\"flex_column av_one_full  flex_column_div av-zero-column-padding first  avia-builder-el-0  el_before_av_one_full  avia-builder-el-first  \" style='border-radius:0px; '><div  class='avia-image-container  av-styling-    avia-builder-el-1  avia-builder-el-no-sibling  avia-align-center '  itemprop=\"image\" itemscope=\"itemscope\" itemtype=\"https:\/\/schema.org\/ImageObject\"  ><div class='avia-image-container-inner'><div class='avia-image-overlay-wrap'><img decoding=\"async\" class='wp-image-35035 avia-img-lazy-loading-not-35035 avia_image' src=\"https:\/\/radiorevelacionfm.cl\/wp-content\/uploads\/2023\/09\/mayorespensiones2-1_optimized.jpg\" alt='' title='mayorespensiones2-(1)_optimized' height=\"600\" width=\"911\"  itemprop=\"thumbnailUrl\" srcset=\"https:\/\/radiorevelacionfm.cl\/wp-content\/uploads\/2023\/09\/mayorespensiones2-1_optimized.jpg 911w, https:\/\/radiorevelacionfm.cl\/wp-content\/uploads\/2023\/09\/mayorespensiones2-1_optimized-300x198.jpg 300w, https:\/\/radiorevelacionfm.cl\/wp-content\/uploads\/2023\/09\/mayorespensiones2-1_optimized-768x506.jpg 768w, https:\/\/radiorevelacionfm.cl\/wp-content\/uploads\/2023\/09\/mayorespensiones2-1_optimized-705x464.jpg 705w, https:\/\/radiorevelacionfm.cl\/wp-content\/uploads\/2023\/09\/mayorespensiones2-1_optimized-450x296.jpg 450w, https:\/\/radiorevelacionfm.cl\/wp-content\/uploads\/2023\/09\/mayorespensiones2-1_optimized-600x395.jpg 600w\" sizes=\"(max-width: 911px) 100vw, 911px\" \/><\/div><\/div><\/div><\/div><div class=\"flex_column av_one_full  flex_column_div av-zero-column-padding first  avia-builder-el-2  el_after_av_one_full  el_before_av_one_full  column-top-margin\" style='border-radius:0px; '><section class=\"av_textblock_section \"  itemscope=\"itemscope\" itemtype=\"https:\/\/schema.org\/BlogPosting\" itemprop=\"blogPost\" ><div class='avia_textblock  '   itemprop=\"text\" ><p style=\"text-align: center;\"><strong><span style=\"font-size: 18pt;\">Comunidad ind\u00edgena adulta mayor de Coyhaique se interioriza en reforma de pensiones y piden compromiso de parlamentarios<\/span><\/strong><\/p>\n<div id=\"gtx-trans\" style=\"position: absolute; left: -50px; top: 4.31534px;\">\n<div class=\"gtx-trans-icon\"><\/div>\n<\/div>\n<\/div><\/section><\/div><div class=\"flex_column av_one_full  flex_column_div av-zero-column-padding first  avia-builder-el-4  el_after_av_one_full  el_before_av_hr  column-top-margin\" style='border-radius:0px; '><section class=\"av_textblock_section \"  itemscope=\"itemscope\" itemtype=\"https:\/\/schema.org\/BlogPosting\" itemprop=\"blogPost\" ><div class='avia_textblock  '   itemprop=\"text\" ><p class=\"v1MsoNormal\" style=\"text-align: justify;\">Una positiva asistencia es la que tuvo el di\u00e1logo de pensiones organizado en conjunto por Conadi con la Seremi del Trabajo y Previsi\u00f3n Social\u00a0 y Superintendencia de Pensiones donde asistieron adultos mayores de la comunidad ind\u00edgena Re\u00f1ma Txapem de Coyhaique para conocer en detalle el proyecto de Reforma de Pensiones que est\u00e1 impulsando el gobierno, adem\u00e1s de Pensi\u00f3n Garantizada Universal (PGU) y Bono por hijo.<\/p>\n<p class=\"v1MsoNormal\" style=\"text-align: justify;\">En la ocasi\u00f3n los adultos mayores que tambi\u00e9n forman parte del taller Antonio Samor\u00e9, valoraron la oportunidad de resolver dudas respecto a la reforma de pensiones, As\u00ed lo expres\u00f3 H\u00e9ctor Mart\u00ednez \u00abme pareci\u00f3 bien porque hay muchas cosas que uno no sabe. Creo que es importante mejorar las pensiones porque as\u00ed como est\u00e1n las cosas de caras, la luz, el agua, con eso uno queda con una miseria de plata para mantenerse. Yo a veces tengo que irme a fin de mes donde mi hija para que me inviten a un plato de comida\u00bb.<\/p>\n<p class=\"v1MsoNormal\" style=\"text-align: justify;\">Hay que recordar que la propuesta de Reforma de Pensiones crea un sistema mixto. En esta l\u00ednea es que el Seremi de Trabajo y Previsi\u00f3n Social, Rodrigo D\u00edaz Cordaro, fue enf\u00e1tico al indicar que \u00abHoy d\u00eda los pensionados tambi\u00e9n pueden verse beneficiados al aprobarse la propuesta de nuestro gobierno por eso es importante llegar a acuerdos, nos interesa que se entienda que hoy en d\u00eda el jubilado sea de izquierda o sea de derecha est\u00e1 de igual forma mal jubilado, que se entienda que como sociedad tengamos que dar el paso y de ah\u00ed esperar que los parlamentarios apoyen y podamos finalmente tener esta reforma de pensiones que viene hace a\u00f1os y que hoy d\u00eda necesita mejorar pensiones hoy y no en 30 a\u00f1os m\u00e1s. Hoy tuvimos una gran convocatoria, los adultos mayores son muy participativos e insisto que esta iniciativa tambi\u00e9n incluye beneficios para los actuales pensionados\u00bb.<\/p>\n<p class=\"v1MsoNormal\" style=\"text-align: justify;\">\u00abA\u00fan nos hacen consultas de c\u00f3mo se viene esta reforma de pensiones para quienes est\u00e1n jubilados o para quienes ya no reciben pensi\u00f3n porque est\u00e1n sin fondos y est\u00e1n solamente con PGU\u00bb se\u00f1al\u00f3 la Seremi Desarrollo Social y Familia Karina Acevedo, agregando que \u00abas\u00ed que, todas esas dudas conversamos y requiere que la ciudadan\u00eda en toda su variedad conozca qu\u00e9 es la reforma de pensiones y que es el sistema mixto porque no solamente beneficia al futuro de Chile que va a jubilar, sino que tambi\u00e9n mejora las condiciones de pensiones a quienes ya est\u00e1n jubilados. Vamos resolviendo dudas, vamos rompiendo mitos y vamos acerc\u00e1ndonos para lograr un sistema de pensiones que sea digno para todas y todos los chilenos\u00bb.<\/p>\n<p class=\"v1MsoNormal\" style=\"text-align: justify;\">Junto con solicitar mayor presencia de parlamentarios para conocer su mirada sobre la reforma, Ana Pairo \u00d1izol de la comunidad\u00a0 ind\u00edgena Re\u00f1ma Txapem y presidenta del taller de adulto mayor Antonio Samor\u00e9 valor\u00f3 la instancia \u00abHoy d\u00eda quiero dar las gracias por habernos venido a dar una capacitaci\u00f3n sobre las pensiones y de la PGU,y \u00a0para tener m\u00e1s informaci\u00f3n y ten\u00eda dudas y ahora ya me inform\u00e9 bien y es bonito que se acuerden del sector alto de la poblaci\u00f3n Antonio Samor\u00e9 para que vengan porque hay muchos abuelos que no saben. Un llamado a las autoridades que se acerquen m\u00e1s a los adultos mayores, que no los dejen abandonados, tambi\u00e9n un llamado a los parlamentarios ya que ellos nos representan que vengan ac\u00e1 y nos den informaci\u00f3n porque las pensiones est\u00e1n muy bajas ya que ellos pueden aprobar en el congreso y puedan ayudar y aportar en subir las pensiones\u00bb.<\/p>\n<p class=\"v1MsoNormal\" style=\"text-align: justify;\">En la oportunidad finalmente la profesional de la oficina regional de la Superintendencia de Pensiones, Ver\u00f3nica Araneda, realiz\u00f3 una charla sobre la Pensi\u00f3n Garantizada Universal, PGU y el bono por hijo, realizando luego atenciones personalizadas a los adultos mayores.<\/p>\n<table class=\"v1gmail-MsoNormalTable\" border=\"1\" width=\"657\" cellspacing=\"0\" cellpadding=\"0\">\n<tbody>\n<tr>\n<td valign=\"top\" width=\"657\">\n<p class=\"v1MsoNormal\">\u00bfCu\u00e1les son los principales cambios que se plantean?<\/p>\n<p class=\"v1MsoNormal\">Los cambios se pueden resumir en los siguientes puntos:<\/p>\n<p class=\"v1MsoNormal\">1.\u00a0\u00a0\u00a0\u00a0\u00a0\u00a0\u00a0\u00a0\u00a0\u00a0\u00a0\u00a0\u00a0\u00a0\u00a0 Se aumenta el monto de la Pensi\u00f3n Garantizada Universal, PGU a $250.000.<\/p>\n<p class=\"v1MsoNormal\">2.\u00a0\u00a0\u00a0\u00a0\u00a0\u00a0\u00a0\u00a0\u00a0\u00a0\u00a0\u00a0\u00a0\u00a0\u00a0 Se crea un nuevo componente del seguro social, financiado por los empleadores de 6%, donde se registrar\u00e1n todos los aportes en cuentas personales, que contempla compensaciones significativas para las mujeres.<\/p>\n<p class=\"v1MsoNormal\">3.\u00a0\u00a0\u00a0\u00a0\u00a0\u00a0\u00a0\u00a0\u00a0\u00a0\u00a0\u00a0\u00a0\u00a0\u00a0 Las AFP se terminan. Existir\u00e1n nuevos gestores de inversi\u00f3n privados y una alternativa p\u00fablica.<\/p>\n<p class=\"v1MsoNormal\">4.\u00a0\u00a0\u00a0\u00a0\u00a0\u00a0\u00a0\u00a0\u00a0\u00a0\u00a0\u00a0\u00a0\u00a0\u00a0 La reforma mantendr\u00e1 la herencia, respetando la voluntad de las personas.<\/p>\n<p class=\"v1MsoNormal\">5.\u00a0\u00a0\u00a0\u00a0\u00a0\u00a0\u00a0\u00a0\u00a0\u00a0\u00a0\u00a0\u00a0\u00a0\u00a0 Todo el servicio de atenci\u00f3n para los afiliados, la recaudaci\u00f3n de cotizaciones, cartolas, pagos de \u00a0\u00a0pensiones, cobranza, ser\u00e1 centralizado en una entidad p\u00fablica sin fines de lucro, lo que permitir\u00e1 una baja sustantiva de las comisiones que pagan los afiliados.<\/p>\n<p class=\"v1MsoNormal\">6.\u00a0\u00a0\u00a0\u00a0\u00a0\u00a0\u00a0\u00a0\u00a0\u00a0\u00a0\u00a0\u00a0\u00a0\u00a0 Para rentabilizar los ahorros individuales, se podr\u00e1 elegir entre un gestor de inversiones p\u00fablico o privado.<\/p>\n<p class=\"v1MsoNormal\">Es importante mencionar que la reforma mantendr\u00e1 la propiedad individual del aporte del trabajador, respetando la voluntad de las personas.<\/p>\n<\/td>\n<\/tr>\n<\/tbody>\n<\/table>\n<\/div><\/section><\/div><div  style='height:50px' class='hr hr-invisible   avia-builder-el-6  el_after_av_one_full  el_before_av_social_share '><span class='hr-inner ' ><span class='hr-inner-style'><\/span><\/span><\/div><\/p>\n<div  class='av-social-sharing-box  avia-builder-el-7  el_after_av_hr  el_before_av_hr  '><div class='av-share-box'><h5 class='av-share-link-description av-no-toc '>Compartir esta noticia<\/h5><ul class='av-share-box-list noLightbox'><li class='av-share-link av-social-link-facebook' ><a target=\"_blank\" aria-label=\"Compartir en Facebook\" href='https:\/\/www.facebook.com\/sharer.php?u=https:\/\/radiorevelacionfm.cl\/?p=35033&#038;t=Comunidad%20ind%C3%ADgena%20adulta%20mayor%20de%20Coyhaique%20se%20interioriza%20en%20reforma%20de%20pensiones%20y%20piden%20compromiso%20de%20parlamentarios' aria-hidden='false' data-av_icon='\ue8f3' data-av_iconfont='entypo-fontello' title='' data-avia-related-tooltip='Compartir en Facebook' rel=\"noopener\"><span class='avia_hidden_link_text'>Compartir en Facebook<\/span><\/a><\/li><li class='av-share-link av-social-link-twitter' ><a target=\"_blank\" aria-label=\"Compartir en Twitter\" href='https:\/\/twitter.com\/share?text=Comunidad%20ind%C3%ADgena%20adulta%20mayor%20de%20Coyhaique%20se%20interioriza%20en%20reforma%20de%20pensiones%20y%20piden%20compromiso%20de%20parlamentarios&#038;url=https:\/\/radiorevelacionfm.cl\/?p=35033' aria-hidden='false' data-av_icon='\ue8f1' data-av_iconfont='entypo-fontello' title='' data-avia-related-tooltip='Compartir en Twitter' rel=\"noopener\"><span class='avia_hidden_link_text'>Compartir en Twitter<\/span><\/a><\/li><li class='av-share-link av-social-link-whatsapp' ><a target=\"_blank\" aria-label=\"Compartir en Whatsapp\" href='https:\/\/api.whatsapp.com\/send?text=https:\/\/radiorevelacionfm.cl\/?p=35033' aria-hidden='false' data-av_icon='\uf232' data-av_iconfont='entypo-fontello' title='' data-avia-related-tooltip='Compartir en Whatsapp' rel=\"noopener\"><span class='avia_hidden_link_text'>Compartir en Whatsapp<\/span><\/a><\/li><li class='av-share-link av-social-link-linkedin' ><a target=\"_blank\" aria-label=\"Compartir en LinkedIn\" href='https:\/\/linkedin.com\/shareArticle?mini=true&#038;title=Comunidad%20ind%C3%ADgena%20adulta%20mayor%20de%20Coyhaique%20se%20interioriza%20en%20reforma%20de%20pensiones%20y%20piden%20compromiso%20de%20parlamentarios&#038;url=https:\/\/radiorevelacionfm.cl\/?p=35033' aria-hidden='false' data-av_icon='\ue8fc' data-av_iconfont='entypo-fontello' title='' data-avia-related-tooltip='Compartir en LinkedIn' rel=\"noopener\"><span class='avia_hidden_link_text'>Compartir en LinkedIn<\/span><\/a><\/li><li class='av-share-link av-social-link-mail' ><a  aria-label=\"Compartir por correo\" href='mailto:?subject=Comunidad%20ind%C3%ADgena%20adulta%20mayor%20de%20Coyhaique%20se%20interioriza%20en%20reforma%20de%20pensiones%20y%20piden%20compromiso%20de%20parlamentarios&#038;body=https:\/\/radiorevelacionfm.cl\/?p=35033' aria-hidden='false' data-av_icon='\ue805' data-av_iconfont='entypo-fontello' title='' data-avia-related-tooltip='Compartir por correo'><span class='avia_hidden_link_text'>Compartir por correo<\/span><\/a><\/li><\/ul><\/div><\/div>\n<div  style='height:50px' class='hr hr-invisible   avia-builder-el-8  el_after_av_social_share  el_before_av_comments_list '><span class='hr-inner ' ><span class='hr-inner-style'><\/span><\/span><\/div>\n<div  class='av-buildercomment  av-blog-meta-html-info-disabled av-blog-meta-tag-disabled  '><\/div>\n","protected":false},"excerpt":{"rendered":"","protected":false},"author":1,"featured_media":35035,"comment_status":"open","ping_status":"open","sticky":false,"template":"","format":"standard","meta":{"footnotes":""},"categories":[38],"tags":[],"class_list":["post-35033","post","type-post","status-publish","format-standard","has-post-thumbnail","hentry","category-regional"],"jetpack_featured_media_url":"https:\/\/radiorevelacionfm.cl\/wp-content\/uploads\/2023\/09\/mayorespensiones2-1_optimized.jpg","_links":{"self":[{"href":"https:\/\/radiorevelacionfm.cl\/index.php?rest_route=\/wp\/v2\/posts\/35033","targetHints":{"allow":["GET"]}}],"collection":[{"href":"https:\/\/radiorevelacionfm.cl\/index.php?rest_route=\/wp\/v2\/posts"}],"about":[{"href":"https:\/\/radiorevelacionfm.cl\/index.php?rest_route=\/wp\/v2\/types\/post"}],"author":[{"embeddable":true,"href":"https:\/\/radiorevelacionfm.cl\/index.php?rest_route=\/wp\/v2\/users\/1"}],"replies":[{"embeddable":true,"href":"https:\/\/radiorevelacionfm.cl\/index.php?rest_route=%2Fwp%2Fv2%2Fcomments&post=35033"}],"version-history":[{"count":1,"href":"https:\/\/radiorevelacionfm.cl\/index.php?rest_route=\/wp\/v2\/posts\/35033\/revisions"}],"predecessor-version":[{"id":35036,"href":"https:\/\/radiorevelacionfm.cl\/index.php?rest_route=\/wp\/v2\/posts\/35033\/revisions\/35036"}],"wp:featuredmedia":[{"embeddable":true,"href":"https:\/\/radiorevelacionfm.cl\/index.php?rest_route=\/wp\/v2\/media\/35035"}],"wp:attachment":[{"href":"https:\/\/radiorevelacionfm.cl\/index.php?rest_route=%2Fwp%2Fv2%2Fmedia&parent=35033"}],"wp:term":[{"taxonomy":"category","embeddable":true,"href":"https:\/\/radiorevelacionfm.cl\/index.php?rest_route=%2Fwp%2Fv2%2Fcategories&post=35033"},{"taxonomy":"post_tag","embeddable":true,"href":"https:\/\/radiorevelacionfm.cl\/index.php?rest_route=%2Fwp%2Fv2%2Ftags&post=35033"}],"curies":[{"name":"wp","href":"https:\/\/api.w.org\/{rel}","templated":true}]}}