{"id":35030,"date":"2023-09-15T15:03:15","date_gmt":"2023-09-15T18:03:15","guid":{"rendered":"https:\/\/radiorevelacionfm.cl\/?p=35030"},"modified":"2023-09-15T15:03:15","modified_gmt":"2023-09-15T18:03:15","slug":"mineduc-extiende-proceso-participativo-por-congreso-pedagogico-y-curricular-hasta-el-30-de-septiembre","status":"publish","type":"post","link":"https:\/\/radiorevelacionfm.cl\/?p=35030","title":{"rendered":"Mineduc extiende proceso participativo por Congreso Pedag\u00f3gico y Curricular hasta el 30 de septiembre"},"content":{"rendered":"<div class=\"flex_column av_one_full  flex_column_div av-zero-column-padding first  avia-builder-el-0  el_before_av_one_full  avia-builder-el-first  \" style='border-radius:0px; '><div  class='avia-image-container  av-styling-    avia-builder-el-1  avia-builder-el-no-sibling  avia-align-center '  itemprop=\"image\" itemscope=\"itemscope\" itemtype=\"https:\/\/schema.org\/ImageObject\"  ><div class='avia-image-container-inner'><div class='avia-image-overlay-wrap'><img decoding=\"async\" class='wp-image-35031 avia-img-lazy-loading-not-35031 avia_image' src=\"https:\/\/radiorevelacionfm.cl\/wp-content\/uploads\/2023\/09\/img_2498-1_optimized.jpg\" alt='' title='img_2498-(1)_optimized' height=\"600\" width=\"800\"  itemprop=\"thumbnailUrl\" srcset=\"https:\/\/radiorevelacionfm.cl\/wp-content\/uploads\/2023\/09\/img_2498-1_optimized.jpg 800w, https:\/\/radiorevelacionfm.cl\/wp-content\/uploads\/2023\/09\/img_2498-1_optimized-300x225.jpg 300w, https:\/\/radiorevelacionfm.cl\/wp-content\/uploads\/2023\/09\/img_2498-1_optimized-768x576.jpg 768w, https:\/\/radiorevelacionfm.cl\/wp-content\/uploads\/2023\/09\/img_2498-1_optimized-705x529.jpg 705w, https:\/\/radiorevelacionfm.cl\/wp-content\/uploads\/2023\/09\/img_2498-1_optimized-450x338.jpg 450w, https:\/\/radiorevelacionfm.cl\/wp-content\/uploads\/2023\/09\/img_2498-1_optimized-600x450.jpg 600w\" sizes=\"(max-width: 800px) 100vw, 800px\" \/><\/div><\/div><\/div><\/div><div class=\"flex_column av_one_full  flex_column_div av-zero-column-padding first  avia-builder-el-2  el_after_av_one_full  el_before_av_one_full  column-top-margin\" style='border-radius:0px; '><section class=\"av_textblock_section \"  itemscope=\"itemscope\" itemtype=\"https:\/\/schema.org\/BlogPosting\" itemprop=\"blogPost\" ><div class='avia_textblock  '   itemprop=\"text\" ><p style=\"text-align: center;\"><span style=\"font-size: 18pt;\"><b>Mineduc extiende proceso participativo por Congreso Pedag\u00f3gico y Curricular hasta el 30 de septiembre<\/b><\/span><\/p>\n<div id=\"gtx-trans\" style=\"position: absolute; left: -50px; top: 4.31534px;\">\n<div class=\"gtx-trans-icon\"><\/div>\n<\/div>\n<\/div><\/section><\/div><div class=\"flex_column av_one_full  flex_column_div av-zero-column-padding first  avia-builder-el-4  el_after_av_one_full  el_before_av_hr  column-top-margin\" style='border-radius:0px; '><section class=\"av_textblock_section \"  itemscope=\"itemscope\" itemtype=\"https:\/\/schema.org\/BlogPosting\" itemprop=\"blogPost\" ><div class='avia_textblock  '   itemprop=\"text\" ><p class=\"v1MsoNormal\" style=\"text-align: justify;\"><i><span lang=\"ES\">La in\u00e9dita instancia, cuyo lema es \u201cLa Educaci\u00f3n es el Tema\u201d, pretende incorporar las opiniones de las comunidades educativas en la propuesta de actualizaci\u00f3n curricular escolar que se aplicar\u00e1 desde 1\u00b0 b\u00e1sico a II medio.<\/span><\/i><\/p>\n<p class=\"v1MsoNormal\" style=\"text-align: justify;\">Debido al inter\u00e9s de las comunidades educativas, el Ministerio de Educaci\u00f3n (Mineduc) anunci\u00f3 la extensi\u00f3n hasta el 30 de septiembre del proceso participativo del \u201cCongreso Pedag\u00f3gico y Curricular: La Educaci\u00f3n es el Tema\u201d, in\u00e9dita iniciativa dispuesta para que profesoras y profesores, asistentes de la educaci\u00f3n, apoderados y estudiantes sean parte de la construcci\u00f3n de las futuras pol\u00edticas educativas y que se materializar\u00e1 en la pr\u00f3xima propuesta de actualizaci\u00f3n curricular escolar para los niveles desde 1\u00b0 b\u00e1sico a II medio<i>.<\/i><\/p>\n<p class=\"v1MsoNormal\" style=\"text-align: justify;\">La instancia, coordinada por la Oficina Regional de Educaci\u00f3n para Am\u00e9rica Latina y el Caribe (OREALC\/UNESCO Santiago), y que responde al Plan de Reactivaci\u00f3n Educativa impulsada por Mineduc, formar\u00e1 parte de la mayor actualizaci\u00f3n curricular de los \u00faltimos ocho a\u00f1os e incidir\u00e1 en los contenidos de aprendizaje de 2,5 millones de escolares.<\/p>\n<p class=\"v1MsoNormal\" style=\"text-align: justify;\">Desde el comienzo de la etapa participativa en el mes de agosto, tres mil comunidades educativas han organizado jornadas de di\u00e1logo gracias a las cuales se ha contabilizado una participaci\u00f3n superior a las 500 mil personas.<\/p>\n<p class=\"v1MsoNormal\" style=\"text-align: justify;\">Una vez culminada esta etapa inicial, la informaci\u00f3n recopilada en los encuentros locales ser\u00e1 sistematizada y considerada en la propuesta de actualizaci\u00f3n curricular que el Mineduc presentar\u00e1 al Consejo Nacional de Educaci\u00f3n (CNED), previa etapa de consulta p\u00fablica. Desde la secretar\u00eda de Estado se proyecta que el proceso se extienda hasta 2026.<\/p>\n<p class=\"v1MsoNormal\" style=\"text-align: justify;\">La Seremi de Educaci\u00f3n de Ays\u00e9n Isabel Garrido Casassa destac\u00f3 la instancia de participaci\u00f3n abierta por el Mineduc. \u201cLa realizaci\u00f3n del Congreso Pedag\u00f3gico y Curricular es parte de los compromisos del programa de gobierno del Presidente Gabriel Boric y es una instancia de participaci\u00f3n transversal que estamos promoviendo como ministerio en conjunto con UNESCO para recoger las impresiones de la ciudadan\u00eda respecto a la educaci\u00f3n que necesitamos para el siglo XXI. La pandemia nos dej\u00f3 importantes aprendizajes, como la relevancia del \u00e1mbito socioemocional en el proceso pedag\u00f3gico, el uso del tiempo del tiempo educativo de una manera m\u00e1s integral. Queremos recoger esos aprendizajes e invitar a las comunidades educativas a sumarse y plasmar sus impresiones en espacios participativos, subir sus conversaciones y conclusiones\u00a0 a la p\u00e1gina web del proceso, las cuales ser\u00e1n sistematizadas para generar un insumo y un consenso para la reforma curricular que se debe realizar peri\u00f3dicamente de acuerdo a la ley, pero que en\u00a0 esta oportunidad se quiere hacer recogiendo la impresi\u00f3n de las comunidades educativas y de la ciudadan\u00eda toda\u201d.<\/p>\n<p class=\"v1MsoNormal\" style=\"text-align: justify;\"><b>Participaci\u00f3n<\/b><\/p>\n<p class=\"v1MsoNormal\" style=\"text-align: justify;\">Los encuentros participativos son desarrollados de forma voluntaria por las comunidades educativas, y para hacerlo, se debe solicitar el cambio en el calendario escolar a la Seremi de Educaci\u00f3n. Estas instancias est\u00e1n pensadas para abrir el di\u00e1logo al interior de cada establecimiento, con la participaci\u00f3n de estudiantes, docentes, profesionales de apoyo a la educaci\u00f3n, directivas, familias, apoderados y apoderadas. Asimismo, la sociedad civil puede organizar encuentros de manera aut\u00f3noma, mientras que en la web oficial del Congreso Pedag\u00f3gico y Curricular se ofreci\u00f3 una consulta individual para quienes quieran participar en este proceso.<\/p>\n<p class=\"v1MsoNormal\" style=\"text-align: justify;\">La informaci\u00f3n para ser parte de este proceso participativo est\u00e1 disponible en\u00a0<a href=\"https:\/\/congresopedagogico.mineduc.cl\/\" target=\"_blank\" rel=\"noopener noreferrer\">https:\/\/congresopedagogico.mineduc.cl\/<\/a>, desde donde se podr\u00e1n descargar las gu\u00edas de apoyo y los formularios de registro de actas que les permitir\u00e1n ingresar las ideas centrales del di\u00e1logo y los acuerdos logrados en cada encuentro.<\/p>\n<\/div><\/section><\/div><div  style='height:50px' class='hr hr-invisible   avia-builder-el-6  el_after_av_one_full  el_before_av_social_share '><span class='hr-inner ' ><span class='hr-inner-style'><\/span><\/span><\/div><\/p>\n<div  class='av-social-sharing-box  avia-builder-el-7  el_after_av_hr  el_before_av_hr  '><div class='av-share-box'><h5 class='av-share-link-description av-no-toc '>Compartir esta noticia<\/h5><ul class='av-share-box-list noLightbox'><li class='av-share-link av-social-link-facebook' ><a target=\"_blank\" aria-label=\"Compartir en Facebook\" href='https:\/\/www.facebook.com\/sharer.php?u=https:\/\/radiorevelacionfm.cl\/?p=35030&#038;t=Mineduc%20extiende%20proceso%20participativo%20por%20Congreso%20Pedag%C3%B3gico%20y%20Curricular%20hasta%20el%2030%20de%20septiembre' aria-hidden='false' data-av_icon='\ue8f3' data-av_iconfont='entypo-fontello' title='' data-avia-related-tooltip='Compartir en Facebook' rel=\"noopener\"><span class='avia_hidden_link_text'>Compartir en Facebook<\/span><\/a><\/li><li class='av-share-link av-social-link-twitter' ><a target=\"_blank\" aria-label=\"Compartir en Twitter\" href='https:\/\/twitter.com\/share?text=Mineduc%20extiende%20proceso%20participativo%20por%20Congreso%20Pedag%C3%B3gico%20y%20Curricular%20hasta%20el%2030%20de%20septiembre&#038;url=https:\/\/radiorevelacionfm.cl\/?p=35030' aria-hidden='false' data-av_icon='\ue8f1' data-av_iconfont='entypo-fontello' title='' data-avia-related-tooltip='Compartir en Twitter' rel=\"noopener\"><span class='avia_hidden_link_text'>Compartir en Twitter<\/span><\/a><\/li><li class='av-share-link av-social-link-whatsapp' ><a target=\"_blank\" aria-label=\"Compartir en Whatsapp\" href='https:\/\/api.whatsapp.com\/send?text=https:\/\/radiorevelacionfm.cl\/?p=35030' aria-hidden='false' data-av_icon='\uf232' data-av_iconfont='entypo-fontello' title='' data-avia-related-tooltip='Compartir en Whatsapp' rel=\"noopener\"><span class='avia_hidden_link_text'>Compartir en Whatsapp<\/span><\/a><\/li><li class='av-share-link av-social-link-linkedin' ><a target=\"_blank\" aria-label=\"Compartir en LinkedIn\" href='https:\/\/linkedin.com\/shareArticle?mini=true&#038;title=Mineduc%20extiende%20proceso%20participativo%20por%20Congreso%20Pedag%C3%B3gico%20y%20Curricular%20hasta%20el%2030%20de%20septiembre&#038;url=https:\/\/radiorevelacionfm.cl\/?p=35030' aria-hidden='false' data-av_icon='\ue8fc' data-av_iconfont='entypo-fontello' title='' data-avia-related-tooltip='Compartir en LinkedIn' rel=\"noopener\"><span class='avia_hidden_link_text'>Compartir en LinkedIn<\/span><\/a><\/li><li class='av-share-link av-social-link-mail' ><a  aria-label=\"Compartir por correo\" href='mailto:?subject=Mineduc%20extiende%20proceso%20participativo%20por%20Congreso%20Pedag%C3%B3gico%20y%20Curricular%20hasta%20el%2030%20de%20septiembre&#038;body=https:\/\/radiorevelacionfm.cl\/?p=35030' aria-hidden='false' data-av_icon='\ue805' data-av_iconfont='entypo-fontello' title='' data-avia-related-tooltip='Compartir por correo'><span class='avia_hidden_link_text'>Compartir por correo<\/span><\/a><\/li><\/ul><\/div><\/div>\n<div  style='height:50px' class='hr hr-invisible   avia-builder-el-8  el_after_av_social_share  el_before_av_comments_list '><span class='hr-inner ' ><span class='hr-inner-style'><\/span><\/span><\/div>\n<div  class='av-buildercomment  av-blog-meta-html-info-disabled av-blog-meta-tag-disabled  '><\/div>\n","protected":false},"excerpt":{"rendered":"","protected":false},"author":1,"featured_media":35031,"comment_status":"open","ping_status":"open","sticky":false,"template":"","format":"standard","meta":{"footnotes":""},"categories":[49],"tags":[],"class_list":["post-35030","post","type-post","status-publish","format-standard","has-post-thumbnail","hentry","category-educacion"],"jetpack_featured_media_url":"https:\/\/radiorevelacionfm.cl\/wp-content\/uploads\/2023\/09\/img_2498-1_optimized.jpg","_links":{"self":[{"href":"https:\/\/radiorevelacionfm.cl\/index.php?rest_route=\/wp\/v2\/posts\/35030","targetHints":{"allow":["GET"]}}],"collection":[{"href":"https:\/\/radiorevelacionfm.cl\/index.php?rest_route=\/wp\/v2\/posts"}],"about":[{"href":"https:\/\/radiorevelacionfm.cl\/index.php?rest_route=\/wp\/v2\/types\/post"}],"author":[{"embeddable":true,"href":"https:\/\/radiorevelacionfm.cl\/index.php?rest_route=\/wp\/v2\/users\/1"}],"replies":[{"embeddable":true,"href":"https:\/\/radiorevelacionfm.cl\/index.php?rest_route=%2Fwp%2Fv2%2Fcomments&post=35030"}],"version-history":[{"count":1,"href":"https:\/\/radiorevelacionfm.cl\/index.php?rest_route=\/wp\/v2\/posts\/35030\/revisions"}],"predecessor-version":[{"id":35032,"href":"https:\/\/radiorevelacionfm.cl\/index.php?rest_route=\/wp\/v2\/posts\/35030\/revisions\/35032"}],"wp:featuredmedia":[{"embeddable":true,"href":"https:\/\/radiorevelacionfm.cl\/index.php?rest_route=\/wp\/v2\/media\/35031"}],"wp:attachment":[{"href":"https:\/\/radiorevelacionfm.cl\/index.php?rest_route=%2Fwp%2Fv2%2Fmedia&parent=35030"}],"wp:term":[{"taxonomy":"category","embeddable":true,"href":"https:\/\/radiorevelacionfm.cl\/index.php?rest_route=%2Fwp%2Fv2%2Fcategories&post=35030"},{"taxonomy":"post_tag","embeddable":true,"href":"https:\/\/radiorevelacionfm.cl\/index.php?rest_route=%2Fwp%2Fv2%2Ftags&post=35030"}],"curies":[{"name":"wp","href":"https:\/\/api.w.org\/{rel}","templated":true}]}}