{"id":35027,"date":"2023-09-14T19:19:40","date_gmt":"2023-09-14T22:19:40","guid":{"rendered":"https:\/\/radiorevelacionfm.cl\/?p=35027"},"modified":"2023-09-14T19:19:40","modified_gmt":"2023-09-14T22:19:40","slug":"destacan-avances-en-desarrollo-de-obras-en-el-parque-nacional-queulat","status":"publish","type":"post","link":"https:\/\/radiorevelacionfm.cl\/?p=35027","title":{"rendered":"Destacan avances en desarrollo de obras en el Parque Nacional Queulat"},"content":{"rendered":"<div class=\"flex_column av_one_full  flex_column_div av-zero-column-padding first  avia-builder-el-0  el_before_av_one_full  avia-builder-el-first  \" style='border-radius:0px; '><div  class='avia-image-container  av-styling-    avia-builder-el-1  avia-builder-el-no-sibling  avia-align-center '  itemprop=\"image\" itemscope=\"itemscope\" itemtype=\"https:\/\/schema.org\/ImageObject\"  ><div class='avia-image-container-inner'><div class='avia-image-overlay-wrap'><img decoding=\"async\" class='wp-image-35028 avia-img-lazy-loading-not-35028 avia_image' src=\"https:\/\/radiorevelacionfm.cl\/wp-content\/uploads\/2023\/09\/pnq-1-1-1_optimized-1-1.jpeg\" alt='' title='pnq-1-(1)-(1)_optimized (1) (1)' height=\"600\" width=\"800\"  itemprop=\"thumbnailUrl\" srcset=\"https:\/\/radiorevelacionfm.cl\/wp-content\/uploads\/2023\/09\/pnq-1-1-1_optimized-1-1.jpeg 800w, https:\/\/radiorevelacionfm.cl\/wp-content\/uploads\/2023\/09\/pnq-1-1-1_optimized-1-1-300x225.jpeg 300w, https:\/\/radiorevelacionfm.cl\/wp-content\/uploads\/2023\/09\/pnq-1-1-1_optimized-1-1-768x576.jpeg 768w, https:\/\/radiorevelacionfm.cl\/wp-content\/uploads\/2023\/09\/pnq-1-1-1_optimized-1-1-705x529.jpeg 705w, https:\/\/radiorevelacionfm.cl\/wp-content\/uploads\/2023\/09\/pnq-1-1-1_optimized-1-1-450x338.jpeg 450w, https:\/\/radiorevelacionfm.cl\/wp-content\/uploads\/2023\/09\/pnq-1-1-1_optimized-1-1-600x450.jpeg 600w\" sizes=\"(max-width: 800px) 100vw, 800px\" \/><\/div><\/div><\/div><\/div><div class=\"flex_column av_one_full  flex_column_div av-zero-column-padding first  avia-builder-el-2  el_after_av_one_full  el_before_av_one_full  column-top-margin\" style='border-radius:0px; '><section class=\"av_textblock_section \"  itemscope=\"itemscope\" itemtype=\"https:\/\/schema.org\/BlogPosting\" itemprop=\"blogPost\" ><div class='avia_textblock  '   itemprop=\"text\" ><p style=\"text-align: center;\"><strong><span style=\"font-size: 18pt;\">Destacan avances en desarrollo de obras en el Parque Nacional Queulat<\/span><\/strong><\/p>\n<div id=\"gtx-trans\" style=\"position: absolute; left: -50px; top: 4.31534px;\">\n<div class=\"gtx-trans-icon\"><\/div>\n<\/div>\n<\/div><\/section><\/div><div class=\"flex_column av_one_full  flex_column_div av-zero-column-padding first  avia-builder-el-4  el_after_av_one_full  el_before_av_hr  column-top-margin\" style='border-radius:0px; '><section class=\"av_textblock_section \"  itemscope=\"itemscope\" itemtype=\"https:\/\/schema.org\/BlogPosting\" itemprop=\"blogPost\" ><div class='avia_textblock  '   itemprop=\"text\" ><p style=\"text-align: justify;\">Para dar a conocer los avances en las obras en la Red de Senderos del sector Ventisquero Colgante del Parque Nacional Queulat, y abordar el cierre espor\u00e1dico del recinto debido a los trabajos, recientemente fueron convocados a una reuni\u00f3n telem\u00e1tica los Secretarios Regionales Ministeriales de Agricultura Alan Espinoza Ortiz, del Ministerio de Obras P\u00fablicas Patricio Sanhueza Ulloa y de Medio Ambiente Yoal D\u00edaz Reyes; adem\u00e1s de representantes de Sernatur Ays\u00e9n, Per Turismo, Municipalidad de Cisnes y\u00a0 las AG de Turismo de Puyuhuapi, La Junta, Ra\u00fal Mar\u00edn Balmaceda, Coyhaique y Puerto Cisnes.<\/p>\n<p style=\"text-align: justify;\">El Secretario Regional Ministerial de Agricultura relev\u00f3 el proceso informativo, se\u00f1alando que \u201cdesde junio de este a\u00f1o y con el apoyo de la Direcci\u00f3n de Arquitectura del MOP, se est\u00e1n realizando trabajos en el Sector Ventisquero Colgante del Parque Nacional Queulat a trav\u00e9s de un proyecto apoyado por el Gobierno Regional y su Consejo.\u00a0 Nuestro objetivo como Gobierno ha sido mantener a las comunidades al tanto de los efectos que tendr\u00e1n estos trabajos en el funcionamiento del recinto a trav\u00e9s de un proceso informativo liderado por CONAF.\u201d<\/p>\n<p style=\"text-align: justify;\">Por su parte, el Secretario Regional Ministerial de Obras P\u00fablicas, Patricio Sanhueza Ulloa, indic\u00f3 que \u201cEl Parque Nacional Queulat recibe la mayor cantidad de visitantes que ingresan a la regi\u00f3n de Ays\u00e9n, por lo tanto como gobierno ha sido nuestra preocupaci\u00f3n desarrollar un trabajo intersectorial y coordinado con Conaf y el Ministerio de Agricultura, as\u00ed como tambi\u00e9n, con los operadores tur\u00edsticos con quienes hemos tenido reuniones informativas, de tal manera que la ejecuci\u00f3n de las obras, no afecte y de continuidad a su trabajo. En la reuni\u00f3n se inform\u00f3 la programaci\u00f3n de las fechas de cierre del Parque desde agosto a diciembre de este a\u00f1o, manteniendo abierto o con servicio especialmente los fines de semanas y los d\u00edas feriados, que es donde se concentra la mayor cantidad de las visitas. Los trabajos se han estado desarrollando en forma normal, alcanzando hasta este momento 38 % de avance en su ejecuci\u00f3n\u201d.<\/p>\n<p style=\"text-align: justify;\">La Directora Regional de Arquitectura del MOP Paola Azocar Betancur expres\u00f3 \u201cestamos coordinando la normal ejecuci\u00f3n de las obras y eso es lo que informamos en la reuni\u00f3n con los operadores tur\u00edsticos y comunidad, que estos trabajos se est\u00e1n desarrollando en forma conjunta con la operaci\u00f3n del Parque, para que el desarrollo de las obras posibilite dar continuidad a la actividad tur\u00edstica, por lo tanto la coordinaci\u00f3n con CONAF, con SERNATUR y con los operadores Tur\u00edsticos propiamente tal, para nosotros es vital. Nos hemos comprometido tambi\u00e9n, a entregar informaci\u00f3n continua respecto a las modificaciones que pudiera haber a este sistema de operaci\u00f3n, e informamos que est\u00e1 programado terminar estos trabajos a principios del pr\u00f3ximo a\u00f1o\u201d.<\/p>\n<p style=\"text-align: justify;\">En la oportunidad, la Directora Regional de CONAF Mar\u00eda Loreto Pedraza Manieu, relev\u00f3 la importancia de los trabajos que se est\u00e1n realizando con financiamiento del Gobierno Regional de Ays\u00e9n, para mejorar la infraestructura de uso p\u00fablico del Parque Nacional, habilitando y mejorando los senderos, estacionamientos y accesos vehiculares del sector Ventisquero Colgante del Parque Nacional Queulat.<\/p>\n<p style=\"text-align: justify;\">\u201cSabemos que estas obras pueden conllevar algunos efectos sobre el normal funcionamiento del Parque en el corto plazo, pero a la larga significar\u00e1n cambios sustantivos tanto en la experiencia del visitante, como en la conservaci\u00f3n y protecci\u00f3n de los mayores atractivos paisaj\u00edsticos y de los ecosistemas asociados\u201d, se\u00f1al\u00f3.<\/p>\n<p style=\"text-align: justify;\">En este Parque se ensanchar\u00e1n los caminos de acceso para los veh\u00edculos, se habilitar\u00e1n plataformas de miradores en distintos sectores y escalines en lugares que presenten grandes pendientes; as\u00ed como tambi\u00e9n, se mejorar\u00e1 -con el cambio de materialidades- sendero con accesibilidad universal; todo lo que\u00a0 apunta a tener una imagen espec\u00edfica en las \u00e1reas silvestres protegidas -como en los Parques Nacionales Queulat y Parque Patagonia con ciertos elementos configurados con materiales acordes a la realidad regional. Estas obras integran un proyecto m\u00e1s amplio, en donde se contempla en el futuro construir instalaciones para los Guardaparques, servicios higi\u00e9nicos y un centro de educaci\u00f3n ambiental que incluya sectores con exposici\u00f3n de la flora y fauna del lugar, as\u00ed como tambi\u00e9n habilitar de mejor forma la accesibilidad a los senderos, para que la experiencia del turista y de los visitantes regionales sea m\u00e1s confortable.<\/p>\n<p style=\"text-align: justify;\">\u201cComo Ministerio de Obras P\u00fablicas estamos impulsando una cartera de proyectos que van en la l\u00ednea de nuestro gobierno de poder dar mayor accesibilidad y entregar m\u00e1s seguridad a las personas que visitan estas \u00e1reas silvestres protegidas. Un \u00e1rea de trabajo de nuestra Direcci\u00f3n de Arquitectura, es el mejoramiento de la infraestructura que da acceso a las \u00e1reas silvestres protegidas, as\u00ed que el a\u00f1o pasado finalizaron el sendero y los miradores en el sector Parque Nacional Queulat, sector Rosselot, aleda\u00f1o a la localidad de La Junta y hoy, estamos trabajando en el mismo Parque pero en el sector Ventisquero Colgante. Otro de los Parques con trabajos en ejecuci\u00f3n es el Patagonia, sector Jeinimeni, en el que los trabajos tienen 34% de avance, todo esto va muy en l\u00ednea con la protecci\u00f3n de la naturaleza que como gobierno queremos impulsar\u201d, concluy\u00f3 Patricio Sanhueza.<\/p>\n<p style=\"text-align: justify;\">Cabe recordar que <strong>los d\u00edas de CIERRE \u00a0<\/strong>del sector Ventisquero Colgante ser\u00e1n los siguientes:<\/p>\n<p style=\"text-align: justify;\">Septiembre: 4 al 6, 11 al 13, y del 25 al 27.<\/p>\n<p style=\"text-align: justify;\">Octubre: 2 al 4, 9 al 11, 16 al 18, 23 al 25, y 30 y 31.<\/p>\n<p style=\"text-align: justify;\">Noviembre: 6 y 7, 13 y 14, 20 y 21, y\u00a0 27 y 28.<\/p>\n<p style=\"text-align: justify;\">Diciembre: 4 y 5, 11 y 12, 18 y 19, y 25 y 26.<\/p>\n<p style=\"text-align: justify;\">Los y las invitamos a informarse y planificar su visita con anticipaci\u00f3n.<\/p>\n<p style=\"text-align: justify;\">M\u00e1s informaci\u00f3n en <a href=\"http:\/\/www.conaf.cl\">www.conaf.cl<\/a> y <a href=\"https:\/\/aspticket.cl\">https:\/\/aspticket.cl<\/a><\/p>\n<\/div><\/section><\/div><div  style='height:50px' class='hr hr-invisible   avia-builder-el-6  el_after_av_one_full  el_before_av_social_share '><span class='hr-inner ' ><span class='hr-inner-style'><\/span><\/span><\/div><\/p>\n<div  class='av-social-sharing-box  avia-builder-el-7  el_after_av_hr  el_before_av_hr  '><div class='av-share-box'><h5 class='av-share-link-description av-no-toc '>Compartir esta noticia<\/h5><ul class='av-share-box-list noLightbox'><li class='av-share-link av-social-link-facebook' ><a target=\"_blank\" aria-label=\"Compartir en Facebook\" href='https:\/\/www.facebook.com\/sharer.php?u=https:\/\/radiorevelacionfm.cl\/?p=35027&#038;t=Destacan%20avances%20en%20desarrollo%20de%20obras%20en%20el%20Parque%20Nacional%20Queulat' aria-hidden='false' data-av_icon='\ue8f3' data-av_iconfont='entypo-fontello' title='' data-avia-related-tooltip='Compartir en Facebook' rel=\"noopener\"><span class='avia_hidden_link_text'>Compartir en Facebook<\/span><\/a><\/li><li class='av-share-link av-social-link-twitter' ><a target=\"_blank\" aria-label=\"Compartir en Twitter\" href='https:\/\/twitter.com\/share?text=Destacan%20avances%20en%20desarrollo%20de%20obras%20en%20el%20Parque%20Nacional%20Queulat&#038;url=https:\/\/radiorevelacionfm.cl\/?p=35027' aria-hidden='false' data-av_icon='\ue8f1' data-av_iconfont='entypo-fontello' title='' data-avia-related-tooltip='Compartir en Twitter' rel=\"noopener\"><span class='avia_hidden_link_text'>Compartir en Twitter<\/span><\/a><\/li><li class='av-share-link av-social-link-whatsapp' ><a target=\"_blank\" aria-label=\"Compartir en Whatsapp\" href='https:\/\/api.whatsapp.com\/send?text=https:\/\/radiorevelacionfm.cl\/?p=35027' aria-hidden='false' data-av_icon='\uf232' data-av_iconfont='entypo-fontello' title='' data-avia-related-tooltip='Compartir en Whatsapp' rel=\"noopener\"><span class='avia_hidden_link_text'>Compartir en Whatsapp<\/span><\/a><\/li><li class='av-share-link av-social-link-linkedin' ><a target=\"_blank\" aria-label=\"Compartir en LinkedIn\" href='https:\/\/linkedin.com\/shareArticle?mini=true&#038;title=Destacan%20avances%20en%20desarrollo%20de%20obras%20en%20el%20Parque%20Nacional%20Queulat&#038;url=https:\/\/radiorevelacionfm.cl\/?p=35027' aria-hidden='false' data-av_icon='\ue8fc' data-av_iconfont='entypo-fontello' title='' data-avia-related-tooltip='Compartir en LinkedIn' rel=\"noopener\"><span class='avia_hidden_link_text'>Compartir en LinkedIn<\/span><\/a><\/li><li class='av-share-link av-social-link-mail' ><a  aria-label=\"Compartir por correo\" href='mailto:?subject=Destacan%20avances%20en%20desarrollo%20de%20obras%20en%20el%20Parque%20Nacional%20Queulat&#038;body=https:\/\/radiorevelacionfm.cl\/?p=35027' aria-hidden='false' data-av_icon='\ue805' data-av_iconfont='entypo-fontello' title='' data-avia-related-tooltip='Compartir por correo'><span class='avia_hidden_link_text'>Compartir por correo<\/span><\/a><\/li><\/ul><\/div><\/div>\n<div  style='height:50px' class='hr hr-invisible   avia-builder-el-8  el_after_av_social_share  el_before_av_comments_list '><span class='hr-inner ' ><span class='hr-inner-style'><\/span><\/span><\/div>\n<div  class='av-buildercomment  av-blog-meta-html-info-disabled av-blog-meta-tag-disabled  '><\/div>\n","protected":false},"excerpt":{"rendered":"","protected":false},"author":1,"featured_media":35028,"comment_status":"open","ping_status":"open","sticky":false,"template":"","format":"standard","meta":{"footnotes":""},"categories":[54],"tags":[],"class_list":["post-35027","post","type-post","status-publish","format-standard","has-post-thumbnail","hentry","category-turismo"],"jetpack_featured_media_url":"https:\/\/radiorevelacionfm.cl\/wp-content\/uploads\/2023\/09\/pnq-1-1-1_optimized-1-1.jpeg","_links":{"self":[{"href":"https:\/\/radiorevelacionfm.cl\/index.php?rest_route=\/wp\/v2\/posts\/35027","targetHints":{"allow":["GET"]}}],"collection":[{"href":"https:\/\/radiorevelacionfm.cl\/index.php?rest_route=\/wp\/v2\/posts"}],"about":[{"href":"https:\/\/radiorevelacionfm.cl\/index.php?rest_route=\/wp\/v2\/types\/post"}],"author":[{"embeddable":true,"href":"https:\/\/radiorevelacionfm.cl\/index.php?rest_route=\/wp\/v2\/users\/1"}],"replies":[{"embeddable":true,"href":"https:\/\/radiorevelacionfm.cl\/index.php?rest_route=%2Fwp%2Fv2%2Fcomments&post=35027"}],"version-history":[{"count":1,"href":"https:\/\/radiorevelacionfm.cl\/index.php?rest_route=\/wp\/v2\/posts\/35027\/revisions"}],"predecessor-version":[{"id":35029,"href":"https:\/\/radiorevelacionfm.cl\/index.php?rest_route=\/wp\/v2\/posts\/35027\/revisions\/35029"}],"wp:featuredmedia":[{"embeddable":true,"href":"https:\/\/radiorevelacionfm.cl\/index.php?rest_route=\/wp\/v2\/media\/35028"}],"wp:attachment":[{"href":"https:\/\/radiorevelacionfm.cl\/index.php?rest_route=%2Fwp%2Fv2%2Fmedia&parent=35027"}],"wp:term":[{"taxonomy":"category","embeddable":true,"href":"https:\/\/radiorevelacionfm.cl\/index.php?rest_route=%2Fwp%2Fv2%2Fcategories&post=35027"},{"taxonomy":"post_tag","embeddable":true,"href":"https:\/\/radiorevelacionfm.cl\/index.php?rest_route=%2Fwp%2Fv2%2Ftags&post=35027"}],"curies":[{"name":"wp","href":"https:\/\/api.w.org\/{rel}","templated":true}]}}