{"id":35023,"date":"2023-09-14T16:45:44","date_gmt":"2023-09-14T19:45:44","guid":{"rendered":"https:\/\/radiorevelacionfm.cl\/?p=35023"},"modified":"2023-09-14T16:45:44","modified_gmt":"2023-09-14T19:45:44","slug":"seremi-de-salud-inspecciono-rellenos-sanitarios-y-coordino-implementacion-de-almacenes-farmaceuticos-en-zona-sur-de-la-region","status":"publish","type":"post","link":"https:\/\/radiorevelacionfm.cl\/?p=35023","title":{"rendered":"Seremi de Salud inspeccion\u00f3 rellenos sanitarios y coordin\u00f3 implementaci\u00f3n de Almacenes Farmac\u00e9uticos en zona sur de la regi\u00f3n"},"content":{"rendered":"<div class=\"flex_column av_one_full  flex_column_div av-zero-column-padding first  avia-builder-el-0  el_before_av_one_full  avia-builder-el-first  \" style='border-radius:0px; '><div  class='avia-image-container  av-styling-    avia-builder-el-1  avia-builder-el-no-sibling  avia-align-center '  itemprop=\"image\" itemscope=\"itemscope\" itemtype=\"https:\/\/schema.org\/ImageObject\"  ><div class='avia-image-container-inner'><div class='avia-image-overlay-wrap'><img decoding=\"async\" class='wp-image-35025 avia-img-lazy-loading-not-35025 avia_image' src=\"https:\/\/radiorevelacionfm.cl\/wp-content\/uploads\/2023\/09\/relleno-sanitario-villa-1-1_optimized-1.jpeg\" alt='' title='relleno-sanitario-villa-(1)-(1)_optimized (1)' height=\"600\" width=\"1067\"  itemprop=\"thumbnailUrl\" srcset=\"https:\/\/radiorevelacionfm.cl\/wp-content\/uploads\/2023\/09\/relleno-sanitario-villa-1-1_optimized-1.jpeg 1067w, https:\/\/radiorevelacionfm.cl\/wp-content\/uploads\/2023\/09\/relleno-sanitario-villa-1-1_optimized-1-300x169.jpeg 300w, https:\/\/radiorevelacionfm.cl\/wp-content\/uploads\/2023\/09\/relleno-sanitario-villa-1-1_optimized-1-1030x579.jpeg 1030w, https:\/\/radiorevelacionfm.cl\/wp-content\/uploads\/2023\/09\/relleno-sanitario-villa-1-1_optimized-1-768x432.jpeg 768w, https:\/\/radiorevelacionfm.cl\/wp-content\/uploads\/2023\/09\/relleno-sanitario-villa-1-1_optimized-1-705x396.jpeg 705w, https:\/\/radiorevelacionfm.cl\/wp-content\/uploads\/2023\/09\/relleno-sanitario-villa-1-1_optimized-1-450x253.jpeg 450w, https:\/\/radiorevelacionfm.cl\/wp-content\/uploads\/2023\/09\/relleno-sanitario-villa-1-1_optimized-1-600x337.jpeg 600w\" sizes=\"(max-width: 1067px) 100vw, 1067px\" \/><\/div><\/div><\/div><\/div><div class=\"flex_column av_one_full  flex_column_div av-zero-column-padding first  avia-builder-el-2  el_after_av_one_full  el_before_av_one_full  column-top-margin\" style='border-radius:0px; '><section class=\"av_textblock_section \"  itemscope=\"itemscope\" itemtype=\"https:\/\/schema.org\/BlogPosting\" itemprop=\"blogPost\" ><div class='avia_textblock  '   itemprop=\"text\" ><p style=\"text-align: center;\"><strong><span style=\"font-size: 18pt;\">Seremi de Salud inspeccion\u00f3 rellenos sanitarios y coordin\u00f3 implementaci\u00f3n de Almacenes Farmac\u00e9uticos en zona sur de la regi\u00f3n<\/span><\/strong><\/p>\n<div id=\"gtx-trans\" style=\"position: absolute; left: -50px; top: 4.31534px;\">\n<div class=\"gtx-trans-icon\"><\/div>\n<\/div>\n<\/div><\/section><\/div><div class=\"flex_column av_one_full  flex_column_div av-zero-column-padding first  avia-builder-el-4  el_after_av_one_full  el_before_av_hr  column-top-margin\" style='border-radius:0px; '><section class=\"av_textblock_section \"  itemscope=\"itemscope\" itemtype=\"https:\/\/schema.org\/BlogPosting\" itemprop=\"blogPost\" ><div class='avia_textblock  '   itemprop=\"text\" ><p style=\"text-align: justify;\">Una nutrida agenda de actividades fue la que desarroll\u00f3 por espacio de una semana la seremi de Salud Ays\u00e9n, junto a profesionales de Salud P\u00fablica y Acci\u00f3n Sanitaria, en las comunas de Cochrane, Tortel y Villa O&#8217;Higgins, comunas donde se efectuaron visitas inspectivas a rellenos sanitarios y sistemas de agua potable rural, adem\u00e1s de sostener reuniones con las autoridades comunales, organizaciones sociales y equipos de salud para reforzar la importancia de proyectos que permitan la implementaci\u00f3n de Almacenes Farmac\u00e9uticos en la zona sur de la regi\u00f3n.<\/p>\n<p style=\"text-align: justify;\">Trabajo con las municipalidades y las comunidades que fue destacado por la Seremi de Salud, Carmen Monsalve G\u00f3mez. \u201cUna de las cosas m\u00e1s importantes para esta administraci\u00f3n y nuestro Gobierno es el despliegue de sus autoridades en sus territorios, para conocer y escuchar las necesidades de las comunidades, es por eso que nos trasladamos a la zona sur visitando las comunas de Cochrane, Tortel y Villa O&#8217;Higgins, en las tres localidades nos reunimos con sus alcaldes para poder abordar con mucha pertinencia sus problem\u00e1ticas particulares donde vimos la instalaci\u00f3n de las mesas de trabajo para la prevenci\u00f3n de la Hidatidosis, tambi\u00e9n acordamos mantener la asesor\u00eda y asesoramiento para el funcionamiento de los rellenos sanitarios de Cochrane y Villa O&#8217;Higgins; en el caso de Cochrane, entregando orientaciones para poder ampliar la vida \u00fatil de ese relleno, resguardando las normativas ambientales y evitando el impacto en el sector, y en Villa O&#8217;Higgins, logramos compromisos para el mejoramiento de los trabajadores en ese lugar, adem\u00e1s del avance y compromiso para seguir manteniendo ese relleno como un ejemplo en el manejo de residuos en nuestra regi\u00f3n\u201d.<\/p>\n<p style=\"text-align: justify;\">Trabajo con las comunas de la zona sur de Ays\u00e9n que adem\u00e1s tuvo un elemento importante, como seguir avanzando en las acciones que permitan la materializaci\u00f3n de Almacenes Farmac\u00e9uticos que permitan acceso a medicamentos de calidad a bajo costo.\u00a0 \u201cAlgo muy relevante, son los almacenes farmac\u00e9uticos municipales, que es una iniciativa totalmente regional que no existe en otros lugares del pa\u00eds, que fue muy valorada por la Central Nacional de Abastecimiento (CENABAST) del MINSAL, y que hoy estamos trabajando en las comunas de Ib\u00e1\u00f1ez, Tortel y Villa O&#8217;Higgins, lo que sin duda tendr\u00e1 un impacto muy importante en el ahorro del bolsillo en cuanto al acceso a f\u00e1rmacos a un precio digno,\u201d puntualiz\u00f3 la Seremi Carmen Monsalve.<\/p>\n<p style=\"text-align: justify;\">Trabajo con Municipios<\/p>\n<p style=\"text-align: justify;\">Adem\u00e1s de inspeccionar los sistemas de Agua Potable Rural (APR) y los rellenos sanitarios, junto a funcionarios municipales, la Autoridad Sanitaria tambi\u00e9n desarroll\u00f3 reuniones de trabajo con los alcaldes de la zona sur para avanzar en la implementaci\u00f3n de Almacenes Farmac\u00e9uticos.<\/p>\n<p style=\"text-align: justify;\">En este contexto, el Administrador Municipal de Villa O&#8217;Higgins, Manuel Iduarte Cofr\u00e9, destac\u00f3 la relevancia de esta iniciativa. \u201cSiempre es importante ver a las autoridades regionales en la comunidad, especialmente a la seremi de salud que es un \u00e1rea de inter\u00e9s para comunidades aisladas como la nuestra, por lo que se agradece que la seremi se haya reunido con la comunidad a contestar sus dudas y escuchar sus planteamientos.\u00a0 Ac\u00e1 se visit\u00f3 el relleno sanitario donde se ha implementado un sistema de separaci\u00f3n de residuos domiciliarios, donde est\u00e1 presente el compromiso del alcalde por mejorar lo que se ha hecho. Otra medida importante que impulsa la seremi son los Almacenes Farmac\u00e9uticos, lo que es relevante para la comunidad de Villa O&#8217;Higgins para poder contar con la posibilidad de acceder a medicamentos de bajo costo a trav\u00e9s de la CENABAST, aqu\u00ed el municipio esta comprometido con la implementaci\u00f3n de esta iniciativa, lo m\u00e1s probable es que por los tiempos y presupuestos a considerar, esta iniciativa se vaya a implementar en la primera parte del pr\u00f3ximo a\u00f1o.\u201d<\/p>\n<p style=\"text-align: justify;\">Por su parte, el Alcalde de Tortel, Abel Becerra Vidal, tambi\u00e9n se refiri\u00f3 al trabajo desarrollado por el equipo de la seremi en esa comuna. \u201cNosotros est\u00e1bamos expectantes como administraci\u00f3n porque una de las iniciativas que tenemos es poder implementar en la comuna en el Almac\u00e9n Farmac\u00e9utico el cual ir\u00e1 en beneficio directo de nuestros pobladores, quienes van a tener acceso a medicamentos, en consideraci\u00f3n que la farmacia m\u00e1s cercana es la comuna de Cochrane a 2 horas y media, y 120 kil\u00f3metros de distancia, \u00a0prestaci\u00f3n de acceso a los medicamentos que cambia totalmente en situaciones de invierno, donde se nos hace muy complicado el traslado. Entonces, la idea es contar con este almac\u00e9n lo m\u00e1s pronto posible\u201d.<\/p>\n<p style=\"text-align: justify;\">Asimismo, el Alcalde de Cochrane, Jorge Calder\u00f3n N\u00fa\u00f1ez, destac\u00f3 las acciones en materia de prevenci\u00f3n de Hidatidosis y de resguardo medio ambiental. \u201cHemos sostenido una reuni\u00f3n con la Seremi Carmen Monsalve, funcionarios de la seremi y equipos municipales para poder ir avanzando en el trabajo conjunto en temas tan importantes como la prevenci\u00f3n de Hidatidosis, adem\u00e1s de materias ambientales como el relleno sanitario, donde se realiz\u00f3 una visita en terreno para ver su funcionamiento y, al mismo tiempo, ver las posibilidades de mejora continua de un servicio tan importante que nos permita adem\u00e1s generar acciones que siempre ser\u00e1n importantes para nuestra comunidad\u201d.<\/p>\n<p style=\"text-align: justify;\">Finalmente, la Autoridad Sanitaria agradeci\u00f3 la disposici\u00f3n e inter\u00e9s de los alcaldes, y sus concejos municipales, por abordar temas de Salud P\u00fablica, convirtiendo a las comunas de Cochrane, Tortel y Villa O&#8217;Higgins, se convierten en aliados estrat\u00e9gicos para seguir mejorando la salud de las familias de Ays\u00e9n.<\/p>\n<\/div><\/section><\/div><div  style='height:50px' class='hr hr-invisible   avia-builder-el-6  el_after_av_one_full  el_before_av_social_share '><span class='hr-inner ' ><span class='hr-inner-style'><\/span><\/span><\/div><\/p>\n<div  class='av-social-sharing-box  avia-builder-el-7  el_after_av_hr  el_before_av_hr  '><div class='av-share-box'><h5 class='av-share-link-description av-no-toc '>Compartir esta noticia<\/h5><ul class='av-share-box-list noLightbox'><li class='av-share-link av-social-link-facebook' ><a target=\"_blank\" aria-label=\"Compartir en Facebook\" href='https:\/\/www.facebook.com\/sharer.php?u=https:\/\/radiorevelacionfm.cl\/?p=35023&#038;t=Seremi%20de%20Salud%20inspeccion%C3%B3%20rellenos%20sanitarios%20y%20coordin%C3%B3%20implementaci%C3%B3n%20de%20Almacenes%20Farmac%C3%A9uticos%20en%20zona%20sur%20de%20la%20regi%C3%B3n' aria-hidden='false' data-av_icon='\ue8f3' data-av_iconfont='entypo-fontello' title='' data-avia-related-tooltip='Compartir en Facebook' rel=\"noopener\"><span class='avia_hidden_link_text'>Compartir en Facebook<\/span><\/a><\/li><li class='av-share-link av-social-link-twitter' ><a target=\"_blank\" aria-label=\"Compartir en Twitter\" href='https:\/\/twitter.com\/share?text=Seremi%20de%20Salud%20inspeccion%C3%B3%20rellenos%20sanitarios%20y%20coordin%C3%B3%20implementaci%C3%B3n%20de%20Almacenes%20Farmac%C3%A9uticos%20en%20zona%20sur%20de%20la%20regi%C3%B3n&#038;url=https:\/\/radiorevelacionfm.cl\/?p=35023' aria-hidden='false' data-av_icon='\ue8f1' data-av_iconfont='entypo-fontello' title='' data-avia-related-tooltip='Compartir en Twitter' rel=\"noopener\"><span class='avia_hidden_link_text'>Compartir en Twitter<\/span><\/a><\/li><li class='av-share-link av-social-link-whatsapp' ><a target=\"_blank\" aria-label=\"Compartir en Whatsapp\" href='https:\/\/api.whatsapp.com\/send?text=https:\/\/radiorevelacionfm.cl\/?p=35023' aria-hidden='false' data-av_icon='\uf232' data-av_iconfont='entypo-fontello' title='' data-avia-related-tooltip='Compartir en Whatsapp' rel=\"noopener\"><span class='avia_hidden_link_text'>Compartir en Whatsapp<\/span><\/a><\/li><li class='av-share-link av-social-link-linkedin' ><a target=\"_blank\" aria-label=\"Compartir en LinkedIn\" href='https:\/\/linkedin.com\/shareArticle?mini=true&#038;title=Seremi%20de%20Salud%20inspeccion%C3%B3%20rellenos%20sanitarios%20y%20coordin%C3%B3%20implementaci%C3%B3n%20de%20Almacenes%20Farmac%C3%A9uticos%20en%20zona%20sur%20de%20la%20regi%C3%B3n&#038;url=https:\/\/radiorevelacionfm.cl\/?p=35023' aria-hidden='false' data-av_icon='\ue8fc' data-av_iconfont='entypo-fontello' title='' data-avia-related-tooltip='Compartir en LinkedIn' rel=\"noopener\"><span class='avia_hidden_link_text'>Compartir en LinkedIn<\/span><\/a><\/li><li class='av-share-link av-social-link-mail' ><a  aria-label=\"Compartir por correo\" href='mailto:?subject=Seremi%20de%20Salud%20inspeccion%C3%B3%20rellenos%20sanitarios%20y%20coordin%C3%B3%20implementaci%C3%B3n%20de%20Almacenes%20Farmac%C3%A9uticos%20en%20zona%20sur%20de%20la%20regi%C3%B3n&#038;body=https:\/\/radiorevelacionfm.cl\/?p=35023' aria-hidden='false' data-av_icon='\ue805' data-av_iconfont='entypo-fontello' title='' data-avia-related-tooltip='Compartir por correo'><span class='avia_hidden_link_text'>Compartir por correo<\/span><\/a><\/li><\/ul><\/div><\/div>\n<div  style='height:50px' class='hr hr-invisible   avia-builder-el-8  el_after_av_social_share  el_before_av_comments_list '><span class='hr-inner ' ><span class='hr-inner-style'><\/span><\/span><\/div>\n<div  class='av-buildercomment  av-blog-meta-html-info-disabled av-blog-meta-tag-disabled  '><\/div>\n","protected":false},"excerpt":{"rendered":"","protected":false},"author":1,"featured_media":35025,"comment_status":"open","ping_status":"open","sticky":false,"template":"","format":"standard","meta":{"footnotes":""},"categories":[46],"tags":[],"class_list":["post-35023","post","type-post","status-publish","format-standard","has-post-thumbnail","hentry","category-salud"],"jetpack_featured_media_url":"https:\/\/radiorevelacionfm.cl\/wp-content\/uploads\/2023\/09\/relleno-sanitario-villa-1-1_optimized-1.jpeg","_links":{"self":[{"href":"https:\/\/radiorevelacionfm.cl\/index.php?rest_route=\/wp\/v2\/posts\/35023","targetHints":{"allow":["GET"]}}],"collection":[{"href":"https:\/\/radiorevelacionfm.cl\/index.php?rest_route=\/wp\/v2\/posts"}],"about":[{"href":"https:\/\/radiorevelacionfm.cl\/index.php?rest_route=\/wp\/v2\/types\/post"}],"author":[{"embeddable":true,"href":"https:\/\/radiorevelacionfm.cl\/index.php?rest_route=\/wp\/v2\/users\/1"}],"replies":[{"embeddable":true,"href":"https:\/\/radiorevelacionfm.cl\/index.php?rest_route=%2Fwp%2Fv2%2Fcomments&post=35023"}],"version-history":[{"count":1,"href":"https:\/\/radiorevelacionfm.cl\/index.php?rest_route=\/wp\/v2\/posts\/35023\/revisions"}],"predecessor-version":[{"id":35026,"href":"https:\/\/radiorevelacionfm.cl\/index.php?rest_route=\/wp\/v2\/posts\/35023\/revisions\/35026"}],"wp:featuredmedia":[{"embeddable":true,"href":"https:\/\/radiorevelacionfm.cl\/index.php?rest_route=\/wp\/v2\/media\/35025"}],"wp:attachment":[{"href":"https:\/\/radiorevelacionfm.cl\/index.php?rest_route=%2Fwp%2Fv2%2Fmedia&parent=35023"}],"wp:term":[{"taxonomy":"category","embeddable":true,"href":"https:\/\/radiorevelacionfm.cl\/index.php?rest_route=%2Fwp%2Fv2%2Fcategories&post=35023"},{"taxonomy":"post_tag","embeddable":true,"href":"https:\/\/radiorevelacionfm.cl\/index.php?rest_route=%2Fwp%2Fv2%2Ftags&post=35023"}],"curies":[{"name":"wp","href":"https:\/\/api.w.org\/{rel}","templated":true}]}}