{"id":3502,"date":"2021-04-25T18:58:29","date_gmt":"2021-04-25T21:58:29","guid":{"rendered":"https:\/\/radiorevelacionfm.cl\/?p=3502"},"modified":"2021-04-25T18:58:29","modified_gmt":"2021-04-25T21:58:29","slug":"en-el-mes-del-libro-biblioteca-de-chile-chico-realiza-concurso-de-comics-y-cuentos","status":"publish","type":"post","link":"https:\/\/radiorevelacionfm.cl\/?p=3502","title":{"rendered":"En el mes del Libro Biblioteca de Chile Chico realiza concurso de comics y cuentos"},"content":{"rendered":"<div class=\"flex_column av_one_full  flex_column_div av-zero-column-padding first  avia-builder-el-0  el_before_av_one_full  avia-builder-el-first  \" style='border-radius:0px; '><div  class='avia-image-container  av-styling-    avia-builder-el-1  avia-builder-el-no-sibling  avia-align-center '  itemprop=\"image\" itemscope=\"itemscope\" itemtype=\"https:\/\/schema.org\/ImageObject\"  ><div class='avia-image-container-inner'><div class='avia-image-overlay-wrap'><img decoding=\"async\" class='wp-image-0 avia-img-lazy-loading-not-0 avia_image' src=\"https:\/\/radiorevelacionfm.cl\/wp-content\/uploads\/2021\/04\/image-20_optimized.png\" alt='' title=''   itemprop=\"thumbnailUrl\"  \/><\/div><\/div><\/div><\/div><div class=\"flex_column av_one_full  flex_column_div av-zero-column-padding first  avia-builder-el-2  el_after_av_one_full  el_before_av_one_full  column-top-margin\" style='border-radius:0px; '><section class=\"av_textblock_section \"  itemscope=\"itemscope\" itemtype=\"https:\/\/schema.org\/BlogPosting\" itemprop=\"blogPost\" ><div class='avia_textblock  '   itemprop=\"text\" ><p style=\"text-align: center;\"><span style=\"font-size: 18pt;\"><strong>En el mes del Libro Biblioteca de Chile Chico realiza concurso de comics y cuentos <\/strong><\/span><\/p>\n<div id=\"gtx-trans\" style=\"position: absolute; left: -50px; top: 4.31534px;\">\n<div class=\"gtx-trans-icon\"><\/div>\n<\/div>\n<\/div><\/section><\/div><div class=\"flex_column av_one_full  flex_column_div av-zero-column-padding first  avia-builder-el-4  el_after_av_one_full  el_before_av_hr  column-top-margin\" style='border-radius:0px; '><section class=\"av_textblock_section \"  itemscope=\"itemscope\" itemtype=\"https:\/\/schema.org\/BlogPosting\" itemprop=\"blogPost\" ><div class='avia_textblock  '   itemprop=\"text\" ><p style=\"text-align: justify;\">No hay l\u00edmite de edad, hay interesantes premios y participan tambi\u00e9n las localidades del interior a trav\u00e9s de las delegaciones municipales. Hay plazo hasta el 6 de mayo.<\/p>\n<p style=\"text-align: justify;\">En el mes del libro se desarrollan varias iniciativas tanto en los colegios como en organizaciones dedicadas al rescate cultural, en Chile Chico la Biblioteca Municipal \u201cTehuelche\u201d, ha programado dos concursos, uno de comics y otro de cuentos, con tem\u00e1ticas libres y para todas las edades.<\/p>\n<p style=\"text-align: justify;\">Paola Gonz\u00e1lez, es la encargada del recinto y efectu\u00f3 una invitaci\u00f3n a todos quienes quieran ser parte de esta actividad.<\/p>\n<p style=\"text-align: justify;\">\u201cSon dos concursos, crea tu cuento y crea tu comics en oto\u00f1o, los dos en base al mes del libro y se puede participar hasta el d\u00eda 6 de mayo, las bases est\u00e1n disponibles en la biblioteca y en todas las delegaciones. Si es menor de edad, tiene que llenar una autorizaci\u00f3n para que el cuento o el comics sea publicado en la p\u00e1gina de Facebook del \u00e1rea de cultura\u201d.<\/p>\n<p style=\"text-align: justify;\">La encargada de la Biblioteca Municipal de Chile Chico, Paola Gonz\u00e1lez, enfatiz\u00f3 que no existe l\u00edmite de edad para participar, solo deben atreverse y adelant\u00f3 que existen premios muy interesantes.<\/p>\n<p style=\"text-align: justify;\">\u201cSon concursos para todas las edades, la idea es que todos participen. La verdad que en estos d\u00edas hay varios concursos y actividades por el mes del libro, pero eso es bueno, porque lleva a que todos participen y en este caso hay buenos premios. As\u00ed es que, invitamos a todos, tambi\u00e9n participar a trav\u00e9s de las delegaciones en el interior de la comuna. Vamos que todos pueden, sin l\u00edmite de edad\u201d.<\/p>\n<p style=\"text-align: justify;\">Quienes quieran utilizar la tecnolog\u00eda para enviar sus cuentos o comics, pueden hacerlo tambi\u00e9n a trav\u00e9s del correo <a href=\"mailto:paola.gonzalez@chilechico.cl\">paola.gonzalez@chilechico.cl<\/a>, adem\u00e1s, dejando sus trabajos en la Biblioteca \u201cTehuelche\u201d de Chile Chico o en las delegaciones municipales de Mall\u00edn Grande, Puerto Guadal y Puerto Bertrand. Luego las creaciones ser\u00e1n publicadas en la p\u00e1gina de Facebook del \u00e1rea de cultura \u201ccultura Ilustre Municipalidad de Chile Chico\u201d y ah\u00ed quien obtenga m\u00e1s me gusta ser\u00e1 el ganador o ganadora.<\/p>\n<\/div><\/section><\/div><div  style='height:50px' class='hr hr-invisible   avia-builder-el-6  el_after_av_one_full  el_before_av_social_share '><span class='hr-inner ' ><span class='hr-inner-style'><\/span><\/span><\/div><\/p>\n<div  class='av-social-sharing-box  avia-builder-el-7  el_after_av_hr  el_before_av_hr  '><div class='av-share-box'><h5 class='av-share-link-description av-no-toc '>Compartir esta noticia<\/h5><ul class='av-share-box-list noLightbox'><li class='av-share-link av-social-link-facebook' ><a target=\"_blank\" aria-label=\"Compartir en Facebook\" href='https:\/\/www.facebook.com\/sharer.php?u=https:\/\/radiorevelacionfm.cl\/?p=3502&#038;t=En%20el%20mes%20del%20Libro%20Biblioteca%20de%20Chile%20Chico%20realiza%20concurso%20de%20comics%20y%20cuentos' aria-hidden='false' data-av_icon='\ue8f3' data-av_iconfont='entypo-fontello' title='' data-avia-related-tooltip='Compartir en Facebook' rel=\"noopener\"><span class='avia_hidden_link_text'>Compartir en Facebook<\/span><\/a><\/li><li class='av-share-link av-social-link-twitter' ><a target=\"_blank\" aria-label=\"Compartir en Twitter\" href='https:\/\/twitter.com\/share?text=En%20el%20mes%20del%20Libro%20Biblioteca%20de%20Chile%20Chico%20realiza%20concurso%20de%20comics%20y%20cuentos&#038;url=https:\/\/radiorevelacionfm.cl\/?p=3502' aria-hidden='false' data-av_icon='\ue8f1' data-av_iconfont='entypo-fontello' title='' data-avia-related-tooltip='Compartir en Twitter' rel=\"noopener\"><span class='avia_hidden_link_text'>Compartir en Twitter<\/span><\/a><\/li><li class='av-share-link av-social-link-whatsapp' ><a target=\"_blank\" aria-label=\"Compartir en Whatsapp\" href='https:\/\/api.whatsapp.com\/send?text=https:\/\/radiorevelacionfm.cl\/?p=3502' aria-hidden='false' data-av_icon='\uf232' data-av_iconfont='entypo-fontello' title='' data-avia-related-tooltip='Compartir en Whatsapp' rel=\"noopener\"><span class='avia_hidden_link_text'>Compartir en Whatsapp<\/span><\/a><\/li><li class='av-share-link av-social-link-linkedin' ><a target=\"_blank\" aria-label=\"Compartir en LinkedIn\" href='https:\/\/linkedin.com\/shareArticle?mini=true&#038;title=En%20el%20mes%20del%20Libro%20Biblioteca%20de%20Chile%20Chico%20realiza%20concurso%20de%20comics%20y%20cuentos&#038;url=https:\/\/radiorevelacionfm.cl\/?p=3502' aria-hidden='false' data-av_icon='\ue8fc' data-av_iconfont='entypo-fontello' title='' data-avia-related-tooltip='Compartir en LinkedIn' rel=\"noopener\"><span class='avia_hidden_link_text'>Compartir en LinkedIn<\/span><\/a><\/li><li class='av-share-link av-social-link-mail' ><a  aria-label=\"Compartir por correo\" href='mailto:?subject=En%20el%20mes%20del%20Libro%20Biblioteca%20de%20Chile%20Chico%20realiza%20concurso%20de%20comics%20y%20cuentos&#038;body=https:\/\/radiorevelacionfm.cl\/?p=3502' aria-hidden='false' data-av_icon='\ue805' data-av_iconfont='entypo-fontello' title='' data-avia-related-tooltip='Compartir por correo'><span class='avia_hidden_link_text'>Compartir por correo<\/span><\/a><\/li><\/ul><\/div><\/div>\n<div  style='height:50px' class='hr hr-invisible   avia-builder-el-8  el_after_av_social_share  el_before_av_comments_list '><span class='hr-inner ' ><span class='hr-inner-style'><\/span><\/span><\/div>\n<div  class='av-buildercomment  av-blog-meta-html-info-disabled av-blog-meta-tag-disabled  '><\/div>\n","protected":false},"excerpt":{"rendered":"","protected":false},"author":1,"featured_media":0,"comment_status":"open","ping_status":"open","sticky":false,"template":"","format":"standard","meta":{"footnotes":""},"categories":[52],"tags":[],"class_list":["post-3502","post","type-post","status-publish","format-standard","hentry","category-cultura"],"jetpack_featured_media_url":"","_links":{"self":[{"href":"https:\/\/radiorevelacionfm.cl\/index.php?rest_route=\/wp\/v2\/posts\/3502","targetHints":{"allow":["GET"]}}],"collection":[{"href":"https:\/\/radiorevelacionfm.cl\/index.php?rest_route=\/wp\/v2\/posts"}],"about":[{"href":"https:\/\/radiorevelacionfm.cl\/index.php?rest_route=\/wp\/v2\/types\/post"}],"author":[{"embeddable":true,"href":"https:\/\/radiorevelacionfm.cl\/index.php?rest_route=\/wp\/v2\/users\/1"}],"replies":[{"embeddable":true,"href":"https:\/\/radiorevelacionfm.cl\/index.php?rest_route=%2Fwp%2Fv2%2Fcomments&post=3502"}],"version-history":[{"count":1,"href":"https:\/\/radiorevelacionfm.cl\/index.php?rest_route=\/wp\/v2\/posts\/3502\/revisions"}],"predecessor-version":[{"id":3504,"href":"https:\/\/radiorevelacionfm.cl\/index.php?rest_route=\/wp\/v2\/posts\/3502\/revisions\/3504"}],"wp:attachment":[{"href":"https:\/\/radiorevelacionfm.cl\/index.php?rest_route=%2Fwp%2Fv2%2Fmedia&parent=3502"}],"wp:term":[{"taxonomy":"category","embeddable":true,"href":"https:\/\/radiorevelacionfm.cl\/index.php?rest_route=%2Fwp%2Fv2%2Fcategories&post=3502"},{"taxonomy":"post_tag","embeddable":true,"href":"https:\/\/radiorevelacionfm.cl\/index.php?rest_route=%2Fwp%2Fv2%2Ftags&post=3502"}],"curies":[{"name":"wp","href":"https:\/\/api.w.org\/{rel}","templated":true}]}}