{"id":35018,"date":"2023-09-14T18:29:13","date_gmt":"2023-09-14T21:29:13","guid":{"rendered":"https:\/\/radiorevelacionfm.cl\/?p=35018"},"modified":"2023-09-14T18:29:13","modified_gmt":"2023-09-14T21:29:13","slug":"emprendedores-as-locales-concretan-sus-ideas-de-negocio-con-apoyo-del-fosis","status":"publish","type":"post","link":"https:\/\/radiorevelacionfm.cl\/?p=35018","title":{"rendered":"Emprendedores\/as locales concretan sus ideas de negocio con apoyo del FOSIS"},"content":{"rendered":"<div class=\"flex_column av_one_full  flex_column_div av-zero-column-padding first  avia-builder-el-0  el_before_av_one_full  avia-builder-el-first  \" style='border-radius:0px; '><div  class='avia-image-container  av-styling-    avia-builder-el-1  avia-builder-el-no-sibling  avia-align-center '  itemprop=\"image\" itemscope=\"itemscope\" itemtype=\"https:\/\/schema.org\/ImageObject\"  ><div class='avia-image-container-inner'><div class='avia-image-overlay-wrap'><img decoding=\"async\" class='wp-image-35019 avia-img-lazy-loading-not-35019 avia_image' src=\"https:\/\/radiorevelacionfm.cl\/wp-content\/uploads\/2023\/09\/certificacion-emprendamos-semilla-coyhaique-aysen-y-chile-chico-1_optimized-1.jpeg\" alt='' title='certificaci\u00f3n-emprendamos-semilla-coyhaique,-ays\u00e9n-y-chile-chico-(1)_optimized (1)' height=\"600\" width=\"1162\"  itemprop=\"thumbnailUrl\" srcset=\"https:\/\/radiorevelacionfm.cl\/wp-content\/uploads\/2023\/09\/certificacion-emprendamos-semilla-coyhaique-aysen-y-chile-chico-1_optimized-1.jpeg 1162w, https:\/\/radiorevelacionfm.cl\/wp-content\/uploads\/2023\/09\/certificacion-emprendamos-semilla-coyhaique-aysen-y-chile-chico-1_optimized-1-300x155.jpeg 300w, https:\/\/radiorevelacionfm.cl\/wp-content\/uploads\/2023\/09\/certificacion-emprendamos-semilla-coyhaique-aysen-y-chile-chico-1_optimized-1-1030x532.jpeg 1030w, https:\/\/radiorevelacionfm.cl\/wp-content\/uploads\/2023\/09\/certificacion-emprendamos-semilla-coyhaique-aysen-y-chile-chico-1_optimized-1-768x397.jpeg 768w, https:\/\/radiorevelacionfm.cl\/wp-content\/uploads\/2023\/09\/certificacion-emprendamos-semilla-coyhaique-aysen-y-chile-chico-1_optimized-1-705x364.jpeg 705w, https:\/\/radiorevelacionfm.cl\/wp-content\/uploads\/2023\/09\/certificacion-emprendamos-semilla-coyhaique-aysen-y-chile-chico-1_optimized-1-450x232.jpeg 450w, https:\/\/radiorevelacionfm.cl\/wp-content\/uploads\/2023\/09\/certificacion-emprendamos-semilla-coyhaique-aysen-y-chile-chico-1_optimized-1-600x310.jpeg 600w\" sizes=\"(max-width: 1162px) 100vw, 1162px\" \/><\/div><\/div><\/div><\/div><div class=\"flex_column av_one_full  flex_column_div av-zero-column-padding first  avia-builder-el-2  el_after_av_one_full  el_before_av_one_full  column-top-margin\" style='border-radius:0px; '><section class=\"av_textblock_section \"  itemscope=\"itemscope\" itemtype=\"https:\/\/schema.org\/BlogPosting\" itemprop=\"blogPost\" ><div class='avia_textblock  '   itemprop=\"text\" ><p style=\"text-align: center;\"><strong><span style=\"font-size: 18pt;\">Emprendedores\/as locales concretan sus ideas de negocio con apoyo del FOSIS<\/span><\/strong><\/p>\n<div id=\"gtx-trans\" style=\"position: absolute; left: -50px; top: 4.31534px;\">\n<div class=\"gtx-trans-icon\"><\/div>\n<\/div>\n<\/div><\/section><\/div><div class=\"flex_column av_one_full  flex_column_div av-zero-column-padding first  avia-builder-el-4  el_after_av_one_full  el_before_av_hr  column-top-margin\" style='border-radius:0px; '><section class=\"av_textblock_section \"  itemscope=\"itemscope\" itemtype=\"https:\/\/schema.org\/BlogPosting\" itemprop=\"blogPost\" ><div class='avia_textblock  '   itemprop=\"text\" ><p style=\"text-align: justify;\">Los usuarios y usuarias que participaron del programa financiado por el Fondo de Solidaridad e Inversi\u00f3n Social, FOSIS, pudieron concretar sus ideas de negocio o fortalecer un emprendimiento incipiente a trav\u00e9s de la capacitaci\u00f3n, asesor\u00eda t\u00e9cnica, y el financiamiento de un plan de negocios que permite la adquisici\u00f3n de herramientas e insumos para potenciar el funcionamiento de sus actividades productivas y aumentar sus ingresos.<\/p>\n<p style=\"text-align: justify;\">La ceremonia de certificaci\u00f3n se llev\u00f3 a cabo en Coyhaique y cont\u00f3 con la participaci\u00f3n de la Directora Regional del FOSIS en Ays\u00e9n, Fernanda Leiva, quien comparti\u00f3 con parte de los 70 emprendedores y emprendedoras de las comunas de Coyhaique, Ays\u00e9n y Chile Chico; quienes finalizaron exitosamente las distintas etapas comprendidas por el programa Emprendamos Semilla.<\/p>\n<p style=\"text-align: justify;\">Fernanda Leiva, Directora Regional del FOSIS en Ays\u00e9n, destac\u00f3 que \u201cnos pone muy contentos porque estos emprendedores y emprendedoras est\u00e1n partiendo con sus negocios y desde ah\u00ed que el acompa\u00f1amiento es muy importante en todas las etapas de la ejecuci\u00f3n de estos proyectos. Este programa en particular fue muy especial ya que se enmarca en el llamado extraordinario que hubo el a\u00f1o pasado para impulsar la reactivaci\u00f3n econ\u00f3mica post pandemia que quiso dar nuestro Gobierno. Nos alegramos de que hayan llegado al final y de ver tambi\u00e9n c\u00f3mo van a seguir avanzando en sus negocios, emprendimientos y en su crecimiento\u201d.<\/p>\n<p style=\"text-align: justify;\">Johana Rivera tiene un emprendimiento donde vende pan con chicharrones, ensaladas y colaciones en Coyhaique. \u201cEs de gran apoyo porque esto me ayud\u00f3 en el tema de las maquinarias y herramientas que hoy en d\u00eda era dif\u00edcil obtenerlas, as\u00ed que para m\u00ed es de demasiada ayuda el poder haber entrado a este proyecto del FOSIS. Yo postul\u00e9 hace a\u00f1os atr\u00e1s y no qued\u00e9, despu\u00e9s qued\u00e9 en lista de espera y me llamaron cuando se baj\u00f3 una persona; por eso es muy importante ser perseverante, insistir e informarse para seguir hasta obtener buenos resultados\u201d.<\/p>\n<p style=\"text-align: justify;\">El programa Emprendamos Semilla entrega apoyo para desarrollar un negocio o trabajo independiente que permita generar o aumentar ingresos y est\u00e1 dirigido principalmente a personas que tienen o quieren empezar un emprendimiento y que no tienen trabajo o tienen un trabajo precario.<\/p>\n<\/div><\/section><\/div><div  style='height:50px' class='hr hr-invisible   avia-builder-el-6  el_after_av_one_full  el_before_av_social_share '><span class='hr-inner ' ><span class='hr-inner-style'><\/span><\/span><\/div><\/p>\n<div  class='av-social-sharing-box  avia-builder-el-7  el_after_av_hr  el_before_av_hr  '><div class='av-share-box'><h5 class='av-share-link-description av-no-toc '>Compartir esta noticia<\/h5><ul class='av-share-box-list noLightbox'><li class='av-share-link av-social-link-facebook' ><a target=\"_blank\" aria-label=\"Compartir en Facebook\" href='https:\/\/www.facebook.com\/sharer.php?u=https:\/\/radiorevelacionfm.cl\/?p=35018&#038;t=Emprendedores%2Fas%20locales%20concretan%20sus%20ideas%20de%20negocio%20con%20apoyo%20del%20FOSIS' aria-hidden='false' data-av_icon='\ue8f3' data-av_iconfont='entypo-fontello' title='' data-avia-related-tooltip='Compartir en Facebook' rel=\"noopener\"><span class='avia_hidden_link_text'>Compartir en Facebook<\/span><\/a><\/li><li class='av-share-link av-social-link-twitter' ><a target=\"_blank\" aria-label=\"Compartir en Twitter\" href='https:\/\/twitter.com\/share?text=Emprendedores%2Fas%20locales%20concretan%20sus%20ideas%20de%20negocio%20con%20apoyo%20del%20FOSIS&#038;url=https:\/\/radiorevelacionfm.cl\/?p=35018' aria-hidden='false' data-av_icon='\ue8f1' data-av_iconfont='entypo-fontello' title='' data-avia-related-tooltip='Compartir en Twitter' rel=\"noopener\"><span class='avia_hidden_link_text'>Compartir en Twitter<\/span><\/a><\/li><li class='av-share-link av-social-link-whatsapp' ><a target=\"_blank\" aria-label=\"Compartir en Whatsapp\" href='https:\/\/api.whatsapp.com\/send?text=https:\/\/radiorevelacionfm.cl\/?p=35018' aria-hidden='false' data-av_icon='\uf232' data-av_iconfont='entypo-fontello' title='' data-avia-related-tooltip='Compartir en Whatsapp' rel=\"noopener\"><span class='avia_hidden_link_text'>Compartir en Whatsapp<\/span><\/a><\/li><li class='av-share-link av-social-link-linkedin' ><a target=\"_blank\" aria-label=\"Compartir en LinkedIn\" href='https:\/\/linkedin.com\/shareArticle?mini=true&#038;title=Emprendedores%2Fas%20locales%20concretan%20sus%20ideas%20de%20negocio%20con%20apoyo%20del%20FOSIS&#038;url=https:\/\/radiorevelacionfm.cl\/?p=35018' aria-hidden='false' data-av_icon='\ue8fc' data-av_iconfont='entypo-fontello' title='' data-avia-related-tooltip='Compartir en LinkedIn' rel=\"noopener\"><span class='avia_hidden_link_text'>Compartir en LinkedIn<\/span><\/a><\/li><li class='av-share-link av-social-link-mail' ><a  aria-label=\"Compartir por correo\" href='mailto:?subject=Emprendedores%2Fas%20locales%20concretan%20sus%20ideas%20de%20negocio%20con%20apoyo%20del%20FOSIS&#038;body=https:\/\/radiorevelacionfm.cl\/?p=35018' aria-hidden='false' data-av_icon='\ue805' data-av_iconfont='entypo-fontello' title='' data-avia-related-tooltip='Compartir por correo'><span class='avia_hidden_link_text'>Compartir por correo<\/span><\/a><\/li><\/ul><\/div><\/div>\n<div  style='height:50px' class='hr hr-invisible   avia-builder-el-8  el_after_av_social_share  el_before_av_comments_list '><span class='hr-inner ' ><span class='hr-inner-style'><\/span><\/span><\/div>\n<div  class='av-buildercomment  av-blog-meta-html-info-disabled av-blog-meta-tag-disabled  '><\/div>\n","protected":false},"excerpt":{"rendered":"","protected":false},"author":1,"featured_media":35019,"comment_status":"open","ping_status":"open","sticky":false,"template":"","format":"standard","meta":{"footnotes":""},"categories":[38],"tags":[],"class_list":["post-35018","post","type-post","status-publish","format-standard","has-post-thumbnail","hentry","category-regional"],"jetpack_featured_media_url":"https:\/\/radiorevelacionfm.cl\/wp-content\/uploads\/2023\/09\/certificacion-emprendamos-semilla-coyhaique-aysen-y-chile-chico-1_optimized-1.jpeg","_links":{"self":[{"href":"https:\/\/radiorevelacionfm.cl\/index.php?rest_route=\/wp\/v2\/posts\/35018","targetHints":{"allow":["GET"]}}],"collection":[{"href":"https:\/\/radiorevelacionfm.cl\/index.php?rest_route=\/wp\/v2\/posts"}],"about":[{"href":"https:\/\/radiorevelacionfm.cl\/index.php?rest_route=\/wp\/v2\/types\/post"}],"author":[{"embeddable":true,"href":"https:\/\/radiorevelacionfm.cl\/index.php?rest_route=\/wp\/v2\/users\/1"}],"replies":[{"embeddable":true,"href":"https:\/\/radiorevelacionfm.cl\/index.php?rest_route=%2Fwp%2Fv2%2Fcomments&post=35018"}],"version-history":[{"count":1,"href":"https:\/\/radiorevelacionfm.cl\/index.php?rest_route=\/wp\/v2\/posts\/35018\/revisions"}],"predecessor-version":[{"id":35020,"href":"https:\/\/radiorevelacionfm.cl\/index.php?rest_route=\/wp\/v2\/posts\/35018\/revisions\/35020"}],"wp:featuredmedia":[{"embeddable":true,"href":"https:\/\/radiorevelacionfm.cl\/index.php?rest_route=\/wp\/v2\/media\/35019"}],"wp:attachment":[{"href":"https:\/\/radiorevelacionfm.cl\/index.php?rest_route=%2Fwp%2Fv2%2Fmedia&parent=35018"}],"wp:term":[{"taxonomy":"category","embeddable":true,"href":"https:\/\/radiorevelacionfm.cl\/index.php?rest_route=%2Fwp%2Fv2%2Fcategories&post=35018"},{"taxonomy":"post_tag","embeddable":true,"href":"https:\/\/radiorevelacionfm.cl\/index.php?rest_route=%2Fwp%2Fv2%2Ftags&post=35018"}],"curies":[{"name":"wp","href":"https:\/\/api.w.org\/{rel}","templated":true}]}}