{"id":35014,"date":"2023-09-14T14:46:29","date_gmt":"2023-09-14T17:46:29","guid":{"rendered":"https:\/\/radiorevelacionfm.cl\/?p=35014"},"modified":"2023-09-14T14:46:29","modified_gmt":"2023-09-14T17:46:29","slug":"ministra-rojas-entrego-certificacion-ambiental-de-excelencia-a-escuela-gabriela-mistral-de-puerto-aysen","status":"publish","type":"post","link":"https:\/\/radiorevelacionfm.cl\/?p=35014","title":{"rendered":"Ministra Rojas entreg\u00f3 Certificaci\u00f3n Ambiental de Excelencia a escuela Gabriela Mistral de Puerto Ays\u00e9n"},"content":{"rendered":"<div class=\"flex_column av_one_full  flex_column_div av-zero-column-padding first  avia-builder-el-0  el_before_av_one_full  avia-builder-el-first  \" style='border-radius:0px; '><div  class='avia-image-container  av-styling-    avia-builder-el-1  avia-builder-el-no-sibling  avia-align-center '  itemprop=\"image\" itemscope=\"itemscope\" itemtype=\"https:\/\/schema.org\/ImageObject\"  ><div class='avia-image-container-inner'><div class='avia-image-overlay-wrap'><img decoding=\"async\" class='wp-image-35016 avia-img-lazy-loading-not-35016 avia_image' src=\"https:\/\/radiorevelacionfm.cl\/wp-content\/uploads\/2023\/09\/certificaciOn-gabriela-mistral-1-1_optimized-1.jpg\" alt='' title='certificaci\u00d3n-gabriela-mistral-1-(1)_optimized (1)' height=\"600\" width=\"1067\"  itemprop=\"thumbnailUrl\" srcset=\"https:\/\/radiorevelacionfm.cl\/wp-content\/uploads\/2023\/09\/certificaciOn-gabriela-mistral-1-1_optimized-1.jpg 1067w, https:\/\/radiorevelacionfm.cl\/wp-content\/uploads\/2023\/09\/certificaciOn-gabriela-mistral-1-1_optimized-1-300x169.jpg 300w, https:\/\/radiorevelacionfm.cl\/wp-content\/uploads\/2023\/09\/certificaciOn-gabriela-mistral-1-1_optimized-1-1030x579.jpg 1030w, https:\/\/radiorevelacionfm.cl\/wp-content\/uploads\/2023\/09\/certificaciOn-gabriela-mistral-1-1_optimized-1-768x432.jpg 768w, https:\/\/radiorevelacionfm.cl\/wp-content\/uploads\/2023\/09\/certificaciOn-gabriela-mistral-1-1_optimized-1-705x396.jpg 705w, https:\/\/radiorevelacionfm.cl\/wp-content\/uploads\/2023\/09\/certificaciOn-gabriela-mistral-1-1_optimized-1-450x253.jpg 450w, https:\/\/radiorevelacionfm.cl\/wp-content\/uploads\/2023\/09\/certificaciOn-gabriela-mistral-1-1_optimized-1-600x337.jpg 600w\" sizes=\"(max-width: 1067px) 100vw, 1067px\" \/><\/div><\/div><\/div><\/div><div class=\"flex_column av_one_full  flex_column_div av-zero-column-padding first  avia-builder-el-2  el_after_av_one_full  el_before_av_one_full  column-top-margin\" style='border-radius:0px; '><section class=\"av_textblock_section \"  itemscope=\"itemscope\" itemtype=\"https:\/\/schema.org\/BlogPosting\" itemprop=\"blogPost\" ><div class='avia_textblock  '   itemprop=\"text\" ><p style=\"text-align: center;\"><strong><span style=\"font-size: 18pt;\">Ministra Rojas entreg\u00f3 Certificaci\u00f3n Ambiental de Excelencia a escuela Gabriela Mistral de Puerto Ays\u00e9n<\/span><\/strong><\/p>\n<div id=\"gtx-trans\" style=\"position: absolute; left: -50px; top: 4.31534px;\">\n<div class=\"gtx-trans-icon\"><\/div>\n<\/div>\n<\/div><\/section><\/div><div class=\"flex_column av_one_full  flex_column_div av-zero-column-padding first  avia-builder-el-4  el_after_av_one_full  el_before_av_hr  column-top-margin\" style='border-radius:0px; '><section class=\"av_textblock_section \"  itemscope=\"itemscope\" itemtype=\"https:\/\/schema.org\/BlogPosting\" itemprop=\"blogPost\" ><div class='avia_textblock  '   itemprop=\"text\" ><p style=\"text-align: justify;\">Mediante un significativo acto, la comunidad educativa de la escuela Poetisa Gabriela Mistral de Puerto Ays\u00e9n recibi\u00f3 a la Ministra del Medio Ambiente, Maisa Rojas, autoridades regionales, provinciales y comunales, a quienes expusieron el trabajo que han realizado en el tiempo en base al cuidado del entorno, potenciando, entre otras cosas, una alimentaci\u00f3n saludable.<\/p>\n<p style=\"text-align: justify;\">Fue en la misma ceremonia, donde la autoridad del nivel central hizo entrega de la bandera, color verde, evidencia de la certificaci\u00f3n obtenida por la escuela E \u2013 7, donde, adem\u00e1s, pudo constatar el avance en el desarrollo de un proyecto adjudicado a trav\u00e9s del Fondo de Protecci\u00f3n Ambiental.<\/p>\n<p style=\"text-align: justify;\">\u201cEstoy muy contenta de ver el avance de este fondo de protecci\u00f3n ambiental que se gan\u00f3 este colegio, para tener un huerto y una lombricera, donde la idea es poder usar los residuos org\u00e1nicos del colegio para transformarlos en compost y poder plantar. Es una muy bonita idea de educaci\u00f3n ambiental y va a complementar el trabajo ambiental que ya desarrolla este colegio\u201d, indic\u00f3 la Ministra Maisa Rojas.<\/p>\n<p style=\"text-align: justify;\">Es de gran importancia inculcar en los ni\u00f1os el cuidado al medio ambiente, algo en lo que destaca la escuela Gabriela Mistral. \u201cEs algo muy rico para nuestros ni\u00f1os, que crezcan en este trabajo de proteger la naturaleza. Creo que uno de los temas m\u00e1s importantes durante el crecimiento es el inter\u00e9s de cuidar el medio ambiente, as\u00ed es que, muy feliz de que la Ministra haya estado en la escuela Gabriela Mistral conociendo el trabajo que realizan en esa \u00e1rea\u201d, se\u00f1al\u00f3 el Alcalde, Julio Uribe.<\/p>\n<p style=\"text-align: justify;\">Este es el segundo a\u00f1o consecutivo en que la escuela Poetisa Gabriela Mistral de Puerto Ays\u00e9n, obtiene la Certificaci\u00f3n Medio Ambiental de Excelencia. Tal como lo destac\u00f3 el director del establecimiento, Marcelo Marchant.<\/p>\n<p style=\"text-align: justify;\">\u201cNos vienen a entregar la bandera de la Certificaci\u00f3n Ambiental de Excelencia, la ratificamos por segunda vez, lo cual, nos dice que estamos en el \u00e1rea correcta como establecimiento en lo relacionado al Medio Ambiente. Nuestro proyecto educativo tiene un sello medio ambiental muy potente, con este hito lo reafirmamos y que vengan desde el nivel central a hacernos saber, a felicitarnos, a conocer nuestro proyecto FPA que nos adjudicamos, todo toma sentido y nos sentimos muy orgullosos como comunidad educativa\u201d.<\/p>\n<p style=\"text-align: justify;\">La visita de la Ministra de Medio Ambiente a la escuela Gabriela Mistral, finaliz\u00f3 con un recorrido por el establecimiento hasta llegar al espacio donde se construye un invernadero, para el trabajo y cultivo de verduras bajo pl\u00e1stico.<\/p>\n<\/div><\/section><\/div><div  style='height:50px' class='hr hr-invisible   avia-builder-el-6  el_after_av_one_full  el_before_av_social_share '><span class='hr-inner ' ><span class='hr-inner-style'><\/span><\/span><\/div><\/p>\n<div  class='av-social-sharing-box  avia-builder-el-7  el_after_av_hr  el_before_av_hr  '><div class='av-share-box'><h5 class='av-share-link-description av-no-toc '>Compartir esta noticia<\/h5><ul class='av-share-box-list noLightbox'><li class='av-share-link av-social-link-facebook' ><a target=\"_blank\" aria-label=\"Compartir en Facebook\" href='https:\/\/www.facebook.com\/sharer.php?u=https:\/\/radiorevelacionfm.cl\/?p=35014&#038;t=Ministra%20Rojas%20entreg%C3%B3%20Certificaci%C3%B3n%20Ambiental%20de%20Excelencia%20a%20escuela%20Gabriela%20Mistral%20de%20Puerto%20Ays%C3%A9n' aria-hidden='false' data-av_icon='\ue8f3' data-av_iconfont='entypo-fontello' title='' data-avia-related-tooltip='Compartir en Facebook' rel=\"noopener\"><span class='avia_hidden_link_text'>Compartir en Facebook<\/span><\/a><\/li><li class='av-share-link av-social-link-twitter' ><a target=\"_blank\" aria-label=\"Compartir en Twitter\" href='https:\/\/twitter.com\/share?text=Ministra%20Rojas%20entreg%C3%B3%20Certificaci%C3%B3n%20Ambiental%20de%20Excelencia%20a%20escuela%20Gabriela%20Mistral%20de%20Puerto%20Ays%C3%A9n&#038;url=https:\/\/radiorevelacionfm.cl\/?p=35014' aria-hidden='false' data-av_icon='\ue8f1' data-av_iconfont='entypo-fontello' title='' data-avia-related-tooltip='Compartir en Twitter' rel=\"noopener\"><span class='avia_hidden_link_text'>Compartir en Twitter<\/span><\/a><\/li><li class='av-share-link av-social-link-whatsapp' ><a target=\"_blank\" aria-label=\"Compartir en Whatsapp\" href='https:\/\/api.whatsapp.com\/send?text=https:\/\/radiorevelacionfm.cl\/?p=35014' aria-hidden='false' data-av_icon='\uf232' data-av_iconfont='entypo-fontello' title='' data-avia-related-tooltip='Compartir en Whatsapp' rel=\"noopener\"><span class='avia_hidden_link_text'>Compartir en Whatsapp<\/span><\/a><\/li><li class='av-share-link av-social-link-linkedin' ><a target=\"_blank\" aria-label=\"Compartir en LinkedIn\" href='https:\/\/linkedin.com\/shareArticle?mini=true&#038;title=Ministra%20Rojas%20entreg%C3%B3%20Certificaci%C3%B3n%20Ambiental%20de%20Excelencia%20a%20escuela%20Gabriela%20Mistral%20de%20Puerto%20Ays%C3%A9n&#038;url=https:\/\/radiorevelacionfm.cl\/?p=35014' aria-hidden='false' data-av_icon='\ue8fc' data-av_iconfont='entypo-fontello' title='' data-avia-related-tooltip='Compartir en LinkedIn' rel=\"noopener\"><span class='avia_hidden_link_text'>Compartir en LinkedIn<\/span><\/a><\/li><li class='av-share-link av-social-link-mail' ><a  aria-label=\"Compartir por correo\" href='mailto:?subject=Ministra%20Rojas%20entreg%C3%B3%20Certificaci%C3%B3n%20Ambiental%20de%20Excelencia%20a%20escuela%20Gabriela%20Mistral%20de%20Puerto%20Ays%C3%A9n&#038;body=https:\/\/radiorevelacionfm.cl\/?p=35014' aria-hidden='false' data-av_icon='\ue805' data-av_iconfont='entypo-fontello' title='' data-avia-related-tooltip='Compartir por correo'><span class='avia_hidden_link_text'>Compartir por correo<\/span><\/a><\/li><\/ul><\/div><\/div>\n<div  style='height:50px' class='hr hr-invisible   avia-builder-el-8  el_after_av_social_share  el_before_av_comments_list '><span class='hr-inner ' ><span class='hr-inner-style'><\/span><\/span><\/div>\n<div  class='av-buildercomment  av-blog-meta-html-info-disabled av-blog-meta-tag-disabled  '><\/div>\n","protected":false},"excerpt":{"rendered":"","protected":false},"author":1,"featured_media":35016,"comment_status":"open","ping_status":"open","sticky":false,"template":"","format":"standard","meta":{"footnotes":""},"categories":[38],"tags":[],"class_list":["post-35014","post","type-post","status-publish","format-standard","has-post-thumbnail","hentry","category-regional"],"jetpack_featured_media_url":"https:\/\/radiorevelacionfm.cl\/wp-content\/uploads\/2023\/09\/certificaciOn-gabriela-mistral-1-1_optimized-1.jpg","_links":{"self":[{"href":"https:\/\/radiorevelacionfm.cl\/index.php?rest_route=\/wp\/v2\/posts\/35014","targetHints":{"allow":["GET"]}}],"collection":[{"href":"https:\/\/radiorevelacionfm.cl\/index.php?rest_route=\/wp\/v2\/posts"}],"about":[{"href":"https:\/\/radiorevelacionfm.cl\/index.php?rest_route=\/wp\/v2\/types\/post"}],"author":[{"embeddable":true,"href":"https:\/\/radiorevelacionfm.cl\/index.php?rest_route=\/wp\/v2\/users\/1"}],"replies":[{"embeddable":true,"href":"https:\/\/radiorevelacionfm.cl\/index.php?rest_route=%2Fwp%2Fv2%2Fcomments&post=35014"}],"version-history":[{"count":1,"href":"https:\/\/radiorevelacionfm.cl\/index.php?rest_route=\/wp\/v2\/posts\/35014\/revisions"}],"predecessor-version":[{"id":35017,"href":"https:\/\/radiorevelacionfm.cl\/index.php?rest_route=\/wp\/v2\/posts\/35014\/revisions\/35017"}],"wp:featuredmedia":[{"embeddable":true,"href":"https:\/\/radiorevelacionfm.cl\/index.php?rest_route=\/wp\/v2\/media\/35016"}],"wp:attachment":[{"href":"https:\/\/radiorevelacionfm.cl\/index.php?rest_route=%2Fwp%2Fv2%2Fmedia&parent=35014"}],"wp:term":[{"taxonomy":"category","embeddable":true,"href":"https:\/\/radiorevelacionfm.cl\/index.php?rest_route=%2Fwp%2Fv2%2Fcategories&post=35014"},{"taxonomy":"post_tag","embeddable":true,"href":"https:\/\/radiorevelacionfm.cl\/index.php?rest_route=%2Fwp%2Fv2%2Ftags&post=35014"}],"curies":[{"name":"wp","href":"https:\/\/api.w.org\/{rel}","templated":true}]}}