{"id":35011,"date":"2023-09-14T11:10:35","date_gmt":"2023-09-14T14:10:35","guid":{"rendered":"https:\/\/radiorevelacionfm.cl\/?p=35011"},"modified":"2023-09-14T19:39:56","modified_gmt":"2023-09-14T22:39:56","slug":"ejercito-conmemora-con-desfile-civico-militar-en-localidades-un-nuevo-aniversario-patrio-y-glorias-del-ejercito","status":"publish","type":"post","link":"https:\/\/radiorevelacionfm.cl\/?p=35011","title":{"rendered":"Ej\u00e9rcito conmemora con desfile c\u00edvico \u2013 militar en localidades un nuevo Aniversario Patrio y Glorias del Ej\u00e9rcito"},"content":{"rendered":"<div class=\"flex_column av_one_full  flex_column_div av-zero-column-padding first  avia-builder-el-0  el_before_av_one_full  avia-builder-el-first  \" style='border-radius:0px; '><div  class='avia-image-container  av-styling-    avia-builder-el-1  avia-builder-el-no-sibling  avia-align-center '  itemprop=\"image\" itemscope=\"itemscope\" itemtype=\"https:\/\/schema.org\/ImageObject\"  ><div class='avia-image-container-inner'><div class='avia-image-overlay-wrap'><img decoding=\"async\" class='wp-image-35012 avia-img-lazy-loading-not-35012 avia_image' src=\"https:\/\/radiorevelacionfm.cl\/wp-content\/uploads\/2023\/09\/img-20230913-wa0061-1_optimized-1.jpg\" alt='' title='img-20230913-wa0061-(1)_optimized (1)' height=\"600\" width=\"900\"  itemprop=\"thumbnailUrl\" srcset=\"https:\/\/radiorevelacionfm.cl\/wp-content\/uploads\/2023\/09\/img-20230913-wa0061-1_optimized-1.jpg 900w, https:\/\/radiorevelacionfm.cl\/wp-content\/uploads\/2023\/09\/img-20230913-wa0061-1_optimized-1-300x200.jpg 300w, https:\/\/radiorevelacionfm.cl\/wp-content\/uploads\/2023\/09\/img-20230913-wa0061-1_optimized-1-768x512.jpg 768w, https:\/\/radiorevelacionfm.cl\/wp-content\/uploads\/2023\/09\/img-20230913-wa0061-1_optimized-1-705x470.jpg 705w, https:\/\/radiorevelacionfm.cl\/wp-content\/uploads\/2023\/09\/img-20230913-wa0061-1_optimized-1-450x300.jpg 450w, https:\/\/radiorevelacionfm.cl\/wp-content\/uploads\/2023\/09\/img-20230913-wa0061-1_optimized-1-600x400.jpg 600w\" sizes=\"(max-width: 900px) 100vw, 900px\" \/><\/div><\/div><\/div><\/div>\n<div class=\"flex_column av_one_full  flex_column_div av-zero-column-padding first  avia-builder-el-2  el_after_av_one_full  el_before_av_one_full  column-top-margin\" style='border-radius:0px; '><section class=\"av_textblock_section \"  itemscope=\"itemscope\" itemtype=\"https:\/\/schema.org\/BlogPosting\" itemprop=\"blogPost\" ><div class='avia_textblock  '   itemprop=\"text\" ><p style=\"text-align: center;\"><strong><span style=\"font-size: 18pt;\">Ej\u00e9rcito conmemora con desfile c\u00edvico \u2013 militar en localidades un nuevo Aniversario Patrio y Glorias del Ej\u00e9rcito<\/span><\/strong><\/p>\n<div id=\"gtx-trans\" style=\"position: absolute; left: -50px; top: 4.31534px;\">\n<div class=\"gtx-trans-icon\"><\/div>\n<\/div>\n<\/div><\/section><\/div><div class=\"flex_column av_one_full  flex_column_div av-zero-column-padding first  avia-builder-el-4  el_after_av_one_full  el_before_av_hr  column-top-margin\" style='border-radius:0px; '><section class=\"av_textblock_section \"  itemscope=\"itemscope\" itemtype=\"https:\/\/schema.org\/BlogPosting\" itemprop=\"blogPost\" ><div class='avia_textblock  '   itemprop=\"text\" ><p style=\"text-align: justify;\">En las localidades de Puerto R\u00edo Tranquilo, Bah\u00eda Murta, Puerto Ingeniero Ib\u00e1\u00f1ez y Villa Cerro Castillo se llev\u00f3 a cabo la ceremonia conmemorativa por un nuevo aniversario patrio, actividad que cont\u00f3 con la presencia de autoridades comunales, el Alcalde de R\u00edo Ib\u00e1\u00f1ez Marcelo Santana Vargas y en representaci\u00f3n de la IV Divisi\u00f3n de Ej\u00e9rcito, Teniente Coronel Salvador Aparicio Matamala, quien en su alocuci\u00f3n destac\u00f3 la importancia hist\u00f3rica de esta fechas y resalt\u00f3 la contribuci\u00f3n del Ej\u00e9rcito en esta desmembrada regi\u00f3n.<\/p>\n<p style=\"text-align: justify;\">En la actividad se premi\u00f3 a los alumnos de los establecimientos educacionales de las localidades, ganadores del concurso literario y pict\u00f3rico, para posteriormente continuar con una muestra de bailes folcl\u00f3ricos.<\/p>\n<p style=\"text-align: justify;\">Finalmente, se dio inicio al desfile encabezado por la Unidad de Formaci\u00f3n del Destacamento Motorizado N\u00b014 \u201cAys\u00e9n\u201d y la Banda Instrumental de la IV Divisi\u00f3n de Ej\u00e9rcito, desfilando frente a un gran marco de p\u00fablico Bomberos, alumnos de las Escuelas de las localidades y el Club de Huasos.<\/p>\n<\/div><\/section><\/div><\/p>\n<div  style='height:50px' class='hr hr-invisible   avia-builder-el-6  el_after_av_one_full  el_before_av_social_share '><span class='hr-inner ' ><span class='hr-inner-style'><\/span><\/span><\/div>\n<div  class='av-social-sharing-box  avia-builder-el-7  el_after_av_hr  el_before_av_hr  '><div class='av-share-box'><h5 class='av-share-link-description av-no-toc '>Compartir esta noticia<\/h5><ul class='av-share-box-list noLightbox'><li class='av-share-link av-social-link-facebook' ><a target=\"_blank\" aria-label=\"Compartir en Facebook\" href='https:\/\/www.facebook.com\/sharer.php?u=https:\/\/radiorevelacionfm.cl\/?p=35011&#038;t=Ej%C3%A9rcito%20conmemora%20con%20desfile%20c%C3%ADvico%20%E2%80%93%20militar%20en%20localidades%20un%20nuevo%20Aniversario%20Patrio%20y%20Glorias%20del%20Ej%C3%A9rcito' aria-hidden='false' data-av_icon='\ue8f3' data-av_iconfont='entypo-fontello' title='' data-avia-related-tooltip='Compartir en Facebook' rel=\"noopener\"><span class='avia_hidden_link_text'>Compartir en Facebook<\/span><\/a><\/li><li class='av-share-link av-social-link-twitter' ><a target=\"_blank\" aria-label=\"Compartir en Twitter\" href='https:\/\/twitter.com\/share?text=Ej%C3%A9rcito%20conmemora%20con%20desfile%20c%C3%ADvico%20%E2%80%93%20militar%20en%20localidades%20un%20nuevo%20Aniversario%20Patrio%20y%20Glorias%20del%20Ej%C3%A9rcito&#038;url=https:\/\/radiorevelacionfm.cl\/?p=35011' aria-hidden='false' data-av_icon='\ue8f1' data-av_iconfont='entypo-fontello' title='' data-avia-related-tooltip='Compartir en Twitter' rel=\"noopener\"><span class='avia_hidden_link_text'>Compartir en Twitter<\/span><\/a><\/li><li class='av-share-link av-social-link-whatsapp' ><a target=\"_blank\" aria-label=\"Compartir en Whatsapp\" href='https:\/\/api.whatsapp.com\/send?text=https:\/\/radiorevelacionfm.cl\/?p=35011' aria-hidden='false' data-av_icon='\uf232' data-av_iconfont='entypo-fontello' title='' data-avia-related-tooltip='Compartir en Whatsapp' rel=\"noopener\"><span class='avia_hidden_link_text'>Compartir en Whatsapp<\/span><\/a><\/li><li class='av-share-link av-social-link-linkedin' ><a target=\"_blank\" aria-label=\"Compartir en LinkedIn\" href='https:\/\/linkedin.com\/shareArticle?mini=true&#038;title=Ej%C3%A9rcito%20conmemora%20con%20desfile%20c%C3%ADvico%20%E2%80%93%20militar%20en%20localidades%20un%20nuevo%20Aniversario%20Patrio%20y%20Glorias%20del%20Ej%C3%A9rcito&#038;url=https:\/\/radiorevelacionfm.cl\/?p=35011' aria-hidden='false' data-av_icon='\ue8fc' data-av_iconfont='entypo-fontello' title='' data-avia-related-tooltip='Compartir en LinkedIn' rel=\"noopener\"><span class='avia_hidden_link_text'>Compartir en LinkedIn<\/span><\/a><\/li><li class='av-share-link av-social-link-mail' ><a  aria-label=\"Compartir por correo\" href='mailto:?subject=Ej%C3%A9rcito%20conmemora%20con%20desfile%20c%C3%ADvico%20%E2%80%93%20militar%20en%20localidades%20un%20nuevo%20Aniversario%20Patrio%20y%20Glorias%20del%20Ej%C3%A9rcito&#038;body=https:\/\/radiorevelacionfm.cl\/?p=35011' aria-hidden='false' data-av_icon='\ue805' data-av_iconfont='entypo-fontello' title='' data-avia-related-tooltip='Compartir por correo'><span class='avia_hidden_link_text'>Compartir por correo<\/span><\/a><\/li><\/ul><\/div><\/div>\n<div  style='height:50px' class='hr hr-invisible   avia-builder-el-8  el_after_av_social_share  el_before_av_comments_list '><span class='hr-inner ' ><span class='hr-inner-style'><\/span><\/span><\/div>\n<div  class='av-buildercomment  av-blog-meta-html-info-disabled av-blog-meta-tag-disabled  '><\/div>\n","protected":false},"excerpt":{"rendered":"","protected":false},"author":1,"featured_media":35012,"comment_status":"open","ping_status":"open","sticky":false,"template":"","format":"standard","meta":{"footnotes":""},"categories":[38],"tags":[],"class_list":["post-35011","post","type-post","status-publish","format-standard","has-post-thumbnail","hentry","category-regional"],"jetpack_featured_media_url":"https:\/\/radiorevelacionfm.cl\/wp-content\/uploads\/2023\/09\/img-20230913-wa0061-1_optimized-1.jpg","_links":{"self":[{"href":"https:\/\/radiorevelacionfm.cl\/index.php?rest_route=\/wp\/v2\/posts\/35011","targetHints":{"allow":["GET"]}}],"collection":[{"href":"https:\/\/radiorevelacionfm.cl\/index.php?rest_route=\/wp\/v2\/posts"}],"about":[{"href":"https:\/\/radiorevelacionfm.cl\/index.php?rest_route=\/wp\/v2\/types\/post"}],"author":[{"embeddable":true,"href":"https:\/\/radiorevelacionfm.cl\/index.php?rest_route=\/wp\/v2\/users\/1"}],"replies":[{"embeddable":true,"href":"https:\/\/radiorevelacionfm.cl\/index.php?rest_route=%2Fwp%2Fv2%2Fcomments&post=35011"}],"version-history":[{"count":3,"href":"https:\/\/radiorevelacionfm.cl\/index.php?rest_route=\/wp\/v2\/posts\/35011\/revisions"}],"predecessor-version":[{"id":35062,"href":"https:\/\/radiorevelacionfm.cl\/index.php?rest_route=\/wp\/v2\/posts\/35011\/revisions\/35062"}],"wp:featuredmedia":[{"embeddable":true,"href":"https:\/\/radiorevelacionfm.cl\/index.php?rest_route=\/wp\/v2\/media\/35012"}],"wp:attachment":[{"href":"https:\/\/radiorevelacionfm.cl\/index.php?rest_route=%2Fwp%2Fv2%2Fmedia&parent=35011"}],"wp:term":[{"taxonomy":"category","embeddable":true,"href":"https:\/\/radiorevelacionfm.cl\/index.php?rest_route=%2Fwp%2Fv2%2Fcategories&post=35011"},{"taxonomy":"post_tag","embeddable":true,"href":"https:\/\/radiorevelacionfm.cl\/index.php?rest_route=%2Fwp%2Fv2%2Ftags&post=35011"}],"curies":[{"name":"wp","href":"https:\/\/api.w.org\/{rel}","templated":true}]}}