{"id":35001,"date":"2023-09-14T11:28:29","date_gmt":"2023-09-14T14:28:29","guid":{"rendered":"https:\/\/radiorevelacionfm.cl\/?p=35001"},"modified":"2023-09-14T11:28:29","modified_gmt":"2023-09-14T14:28:29","slug":"aysen-mesa-comunal-de-turismo-se-coordina-ad-portas-del-inicio-de-temporada-de-cruceros-2023-2024","status":"publish","type":"post","link":"https:\/\/radiorevelacionfm.cl\/?p=35001","title":{"rendered":"Ays\u00e9n: Mesa Comunal de Turismo se coordina ad portas del inicio de temporada de Cruceros 2023 \u2013 2024"},"content":{"rendered":"<div class=\"flex_column av_one_full  flex_column_div av-zero-column-padding first  avia-builder-el-0  el_before_av_one_full  avia-builder-el-first  \" style='border-radius:0px; '><div  class='avia-image-container  av-styling-    avia-builder-el-1  avia-builder-el-no-sibling  avia-align-center '  itemprop=\"image\" itemscope=\"itemscope\" itemtype=\"https:\/\/schema.org\/ImageObject\"  ><div class='avia-image-container-inner'><div class='avia-image-overlay-wrap'><img decoding=\"async\" class='wp-image-35002 avia-img-lazy-loading-not-35002 avia_image' src=\"https:\/\/radiorevelacionfm.cl\/wp-content\/uploads\/2023\/09\/mesa-turismo-1-1_optimized.jpg\" alt='' title='mesa-turismo-1-(1)_optimized' height=\"600\" width=\"1067\"  itemprop=\"thumbnailUrl\" srcset=\"https:\/\/radiorevelacionfm.cl\/wp-content\/uploads\/2023\/09\/mesa-turismo-1-1_optimized.jpg 1067w, https:\/\/radiorevelacionfm.cl\/wp-content\/uploads\/2023\/09\/mesa-turismo-1-1_optimized-300x169.jpg 300w, https:\/\/radiorevelacionfm.cl\/wp-content\/uploads\/2023\/09\/mesa-turismo-1-1_optimized-1030x579.jpg 1030w, https:\/\/radiorevelacionfm.cl\/wp-content\/uploads\/2023\/09\/mesa-turismo-1-1_optimized-768x432.jpg 768w, https:\/\/radiorevelacionfm.cl\/wp-content\/uploads\/2023\/09\/mesa-turismo-1-1_optimized-705x396.jpg 705w, https:\/\/radiorevelacionfm.cl\/wp-content\/uploads\/2023\/09\/mesa-turismo-1-1_optimized-450x253.jpg 450w, https:\/\/radiorevelacionfm.cl\/wp-content\/uploads\/2023\/09\/mesa-turismo-1-1_optimized-600x337.jpg 600w\" sizes=\"(max-width: 1067px) 100vw, 1067px\" \/><\/div><\/div><\/div><\/div><div class=\"flex_column av_one_full  flex_column_div av-zero-column-padding first  avia-builder-el-2  el_after_av_one_full  el_before_av_one_full  column-top-margin\" style='border-radius:0px; '><section class=\"av_textblock_section \"  itemscope=\"itemscope\" itemtype=\"https:\/\/schema.org\/BlogPosting\" itemprop=\"blogPost\" ><div class='avia_textblock  '   itemprop=\"text\" ><p style=\"text-align: center;\"><strong><span style=\"font-size: 18pt;\">Ays\u00e9n: Mesa Comunal de Turismo se coordina ad portas del inicio de temporada de Cruceros 2023 \u2013 2024<\/span><\/strong><\/p>\n<div id=\"gtx-trans\" style=\"position: absolute; left: -50px; top: 4.31534px;\">\n<div class=\"gtx-trans-icon\"><\/div>\n<\/div>\n<\/div><\/section><\/div><div class=\"flex_column av_one_full  flex_column_div av-zero-column-padding first  avia-builder-el-4  el_after_av_one_full  el_before_av_hr  column-top-margin\" style='border-radius:0px; '><section class=\"av_textblock_section \"  itemscope=\"itemscope\" itemtype=\"https:\/\/schema.org\/BlogPosting\" itemprop=\"blogPost\" ><div class='avia_textblock  '   itemprop=\"text\" ><p style=\"text-align: justify;\">En el tercer piso de la Ilustre Municipalidad de Ays\u00e9n, se llev\u00f3 a cabo la segunda reuni\u00f3n de la mesa comunal del turismo, la que est\u00e1 presidida por el Alcalde Julio Uribe Alvarado y en esta oportunidad cont\u00f3 con la presencia del nuevo director regional de Sernatur Claudio Montecinos.<\/p>\n<p style=\"text-align: justify;\">A la jornada tambi\u00e9n llegaron representantes de servicios p\u00fablicos, Carabineros, organizaciones ligadas al turismo en Puerto Ays\u00e9n, Chacabuco y Villa Ma\u00f1ihuales. La idea principal fue analizar los acuerdos fijados en la primera instancia y fortalecer el trabajo colaborativo con miras a la temporada de cruceros 2023 \u2013 2024.<\/p>\n<p style=\"text-align: justify;\">El Alcalde de la comuna de Ays\u00e9n, Julio Uribe Alvarado, manifest\u00f3 que este tipo de reuniones buscan soluci\u00f3n a temas relativos a un \u00e1rea productiva importante como el turismo y lograr la coordinaci\u00f3n entre todos los actores vinculados al sector.<\/p>\n<p style=\"text-align: justify;\">\u201cDonde est\u00e1n convocados desde operadores tur\u00edsticos, los artesanos, hay diferentes entidades que se suman a trabajar en el desarrollo del turismo. Tenemos enfoques tendientes a solucionar problemas a la brevedad, pero tambi\u00e9n, enfocarlo en los dise\u00f1os estrat\u00e9gicos pensando en diez a\u00f1os m\u00e1s, pensando tambi\u00e9n en los 100 a\u00f1os de la comuna, como vamos a enfrentar todos estos desaf\u00edos. As\u00ed es que, estuvo muy interesante la reuni\u00f3n, estuvo el Director Regional de Sernatur Claudio Montecinos y representantes de Ma\u00f1ihuales, Chacabuco, por lo tanto, creo que es un trabajo serio, creo que es un trabajo que va a rendir frutos\u201d.<\/p>\n<p style=\"text-align: justify;\">En tanto, el Director Regional de Sernatur, Claudio Montecinos, destac\u00f3 el trabajo que ha estado desarrollando el Municipio de Ays\u00e9n, con el fin de prepararse para la reciente temporada.<\/p>\n<p style=\"text-align: justify;\">\u201cHa sido una jornada muy provechosa, donde se ha dado cuenta de los compromisos y acuerdos que se tomaron en la \u00faltima reuni\u00f3n que se realiz\u00f3 en el mes de mayo. Por otro lado, la Municipalidad dio cuenta de algunas actividades y acciones que tiene planificada desarrollar en los pr\u00f3ximos meses. Quiero relevar en esta oportunidad el trabajo realizado por la Municipalidad de Ays\u00e9n y particularmente por la oficina de turismo, con respecto principalmente a la preparaci\u00f3n que se est\u00e1 realizando para poder abordar y enfrentar la temporada de cruceros 2023 \u2013 2024\u201d.<\/p>\n<p style=\"text-align: justify;\">Los distintos organismos, encabezados por la Municipalidad de Ays\u00e9n, acordaron continuar trabajando mancomunadamente con el fin de mostrar nuevas rutas y espacios de la comuna de Ays\u00e9n, a quienes nos visitan desde otros puntos del pa\u00eds y del extranjero.<\/p>\n<\/div><\/section><\/div><div  style='height:50px' class='hr hr-invisible   avia-builder-el-6  el_after_av_one_full  el_before_av_social_share '><span class='hr-inner ' ><span class='hr-inner-style'><\/span><\/span><\/div><\/p>\n<div  class='av-social-sharing-box  avia-builder-el-7  el_after_av_hr  el_before_av_hr  '><div class='av-share-box'><h5 class='av-share-link-description av-no-toc '>Compartir esta noticia<\/h5><ul class='av-share-box-list noLightbox'><li class='av-share-link av-social-link-facebook' ><a target=\"_blank\" aria-label=\"Compartir en Facebook\" href='https:\/\/www.facebook.com\/sharer.php?u=https:\/\/radiorevelacionfm.cl\/?p=35001&#038;t=Ays%C3%A9n%3A%20Mesa%20Comunal%20de%20Turismo%20se%20coordina%20ad%20portas%20del%20inicio%20de%20temporada%20de%20Cruceros%202023%20%E2%80%93%202024' aria-hidden='false' data-av_icon='\ue8f3' data-av_iconfont='entypo-fontello' title='' data-avia-related-tooltip='Compartir en Facebook' rel=\"noopener\"><span class='avia_hidden_link_text'>Compartir en Facebook<\/span><\/a><\/li><li class='av-share-link av-social-link-twitter' ><a target=\"_blank\" aria-label=\"Compartir en Twitter\" href='https:\/\/twitter.com\/share?text=Ays%C3%A9n%3A%20Mesa%20Comunal%20de%20Turismo%20se%20coordina%20ad%20portas%20del%20inicio%20de%20temporada%20de%20Cruceros%202023%20%E2%80%93%202024&#038;url=https:\/\/radiorevelacionfm.cl\/?p=35001' aria-hidden='false' data-av_icon='\ue8f1' data-av_iconfont='entypo-fontello' title='' data-avia-related-tooltip='Compartir en Twitter' rel=\"noopener\"><span class='avia_hidden_link_text'>Compartir en Twitter<\/span><\/a><\/li><li class='av-share-link av-social-link-whatsapp' ><a target=\"_blank\" aria-label=\"Compartir en Whatsapp\" href='https:\/\/api.whatsapp.com\/send?text=https:\/\/radiorevelacionfm.cl\/?p=35001' aria-hidden='false' data-av_icon='\uf232' data-av_iconfont='entypo-fontello' title='' data-avia-related-tooltip='Compartir en Whatsapp' rel=\"noopener\"><span class='avia_hidden_link_text'>Compartir en Whatsapp<\/span><\/a><\/li><li class='av-share-link av-social-link-linkedin' ><a target=\"_blank\" aria-label=\"Compartir en LinkedIn\" href='https:\/\/linkedin.com\/shareArticle?mini=true&#038;title=Ays%C3%A9n%3A%20Mesa%20Comunal%20de%20Turismo%20se%20coordina%20ad%20portas%20del%20inicio%20de%20temporada%20de%20Cruceros%202023%20%E2%80%93%202024&#038;url=https:\/\/radiorevelacionfm.cl\/?p=35001' aria-hidden='false' data-av_icon='\ue8fc' data-av_iconfont='entypo-fontello' title='' data-avia-related-tooltip='Compartir en LinkedIn' rel=\"noopener\"><span class='avia_hidden_link_text'>Compartir en LinkedIn<\/span><\/a><\/li><li class='av-share-link av-social-link-mail' ><a  aria-label=\"Compartir por correo\" href='mailto:?subject=Ays%C3%A9n%3A%20Mesa%20Comunal%20de%20Turismo%20se%20coordina%20ad%20portas%20del%20inicio%20de%20temporada%20de%20Cruceros%202023%20%E2%80%93%202024&#038;body=https:\/\/radiorevelacionfm.cl\/?p=35001' aria-hidden='false' data-av_icon='\ue805' data-av_iconfont='entypo-fontello' title='' data-avia-related-tooltip='Compartir por correo'><span class='avia_hidden_link_text'>Compartir por correo<\/span><\/a><\/li><\/ul><\/div><\/div>\n<div  style='height:50px' class='hr hr-invisible   avia-builder-el-8  el_after_av_social_share  el_before_av_comments_list '><span class='hr-inner ' ><span class='hr-inner-style'><\/span><\/span><\/div>\n<div  class='av-buildercomment  av-blog-meta-html-info-disabled av-blog-meta-tag-disabled  '><\/div>\n","protected":false},"excerpt":{"rendered":"","protected":false},"author":1,"featured_media":35002,"comment_status":"open","ping_status":"open","sticky":false,"template":"","format":"standard","meta":{"footnotes":""},"categories":[54],"tags":[],"class_list":["post-35001","post","type-post","status-publish","format-standard","has-post-thumbnail","hentry","category-turismo"],"jetpack_featured_media_url":"https:\/\/radiorevelacionfm.cl\/wp-content\/uploads\/2023\/09\/mesa-turismo-1-1_optimized.jpg","_links":{"self":[{"href":"https:\/\/radiorevelacionfm.cl\/index.php?rest_route=\/wp\/v2\/posts\/35001","targetHints":{"allow":["GET"]}}],"collection":[{"href":"https:\/\/radiorevelacionfm.cl\/index.php?rest_route=\/wp\/v2\/posts"}],"about":[{"href":"https:\/\/radiorevelacionfm.cl\/index.php?rest_route=\/wp\/v2\/types\/post"}],"author":[{"embeddable":true,"href":"https:\/\/radiorevelacionfm.cl\/index.php?rest_route=\/wp\/v2\/users\/1"}],"replies":[{"embeddable":true,"href":"https:\/\/radiorevelacionfm.cl\/index.php?rest_route=%2Fwp%2Fv2%2Fcomments&post=35001"}],"version-history":[{"count":1,"href":"https:\/\/radiorevelacionfm.cl\/index.php?rest_route=\/wp\/v2\/posts\/35001\/revisions"}],"predecessor-version":[{"id":35003,"href":"https:\/\/radiorevelacionfm.cl\/index.php?rest_route=\/wp\/v2\/posts\/35001\/revisions\/35003"}],"wp:featuredmedia":[{"embeddable":true,"href":"https:\/\/radiorevelacionfm.cl\/index.php?rest_route=\/wp\/v2\/media\/35002"}],"wp:attachment":[{"href":"https:\/\/radiorevelacionfm.cl\/index.php?rest_route=%2Fwp%2Fv2%2Fmedia&parent=35001"}],"wp:term":[{"taxonomy":"category","embeddable":true,"href":"https:\/\/radiorevelacionfm.cl\/index.php?rest_route=%2Fwp%2Fv2%2Fcategories&post=35001"},{"taxonomy":"post_tag","embeddable":true,"href":"https:\/\/radiorevelacionfm.cl\/index.php?rest_route=%2Fwp%2Fv2%2Ftags&post=35001"}],"curies":[{"name":"wp","href":"https:\/\/api.w.org\/{rel}","templated":true}]}}