{"id":34998,"date":"2023-09-15T10:00:52","date_gmt":"2023-09-15T13:00:52","guid":{"rendered":"https:\/\/radiorevelacionfm.cl\/?p=34998"},"modified":"2023-09-15T10:00:52","modified_gmt":"2023-09-15T13:00:52","slug":"dos-generaciones-y-un-mismo-valor-democracia-siempre","status":"publish","type":"post","link":"https:\/\/radiorevelacionfm.cl\/?p=34998","title":{"rendered":"Dos generaciones y un mismo valor: Democracia Siempre"},"content":{"rendered":"<div class=\"flex_column av_one_full  flex_column_div av-zero-column-padding first  avia-builder-el-0  el_before_av_one_full  avia-builder-el-first  \" style='border-radius:0px; '><div  class='avia-image-container  av-styling-    avia-builder-el-1  avia-builder-el-no-sibling  avia-align-center '  itemprop=\"image\" itemscope=\"itemscope\" itemtype=\"https:\/\/schema.org\/ImageObject\"  ><div class='avia-image-container-inner'><div class='avia-image-overlay-wrap'><img decoding=\"async\" class='wp-image-34999 avia-img-lazy-loading-not-34999 avia_image' src=\"https:\/\/radiorevelacionfm.cl\/wp-content\/uploads\/2023\/09\/nota-injuv-1-1.jpg\" alt='' title='nota injuv (1) (1)' height=\"600\" width=\"900\"  itemprop=\"thumbnailUrl\" srcset=\"https:\/\/radiorevelacionfm.cl\/wp-content\/uploads\/2023\/09\/nota-injuv-1-1.jpg 900w, https:\/\/radiorevelacionfm.cl\/wp-content\/uploads\/2023\/09\/nota-injuv-1-1-300x200.jpg 300w, https:\/\/radiorevelacionfm.cl\/wp-content\/uploads\/2023\/09\/nota-injuv-1-1-768x512.jpg 768w, https:\/\/radiorevelacionfm.cl\/wp-content\/uploads\/2023\/09\/nota-injuv-1-1-705x470.jpg 705w, https:\/\/radiorevelacionfm.cl\/wp-content\/uploads\/2023\/09\/nota-injuv-1-1-450x300.jpg 450w, https:\/\/radiorevelacionfm.cl\/wp-content\/uploads\/2023\/09\/nota-injuv-1-1-600x400.jpg 600w\" sizes=\"(max-width: 900px) 100vw, 900px\" \/><\/div><\/div><\/div><\/div><div class=\"flex_column av_one_full  flex_column_div av-zero-column-padding first  avia-builder-el-2  el_after_av_one_full  el_before_av_one_full  column-top-margin\" style='border-radius:0px; '><section class=\"av_textblock_section \"  itemscope=\"itemscope\" itemtype=\"https:\/\/schema.org\/BlogPosting\" itemprop=\"blogPost\" ><div class='avia_textblock  '   itemprop=\"text\" ><p style=\"text-align: center;\"><span style=\"font-size: 18pt;\"><b>Dos generaciones y un mismo valor: Democracia Siempre<\/b><\/span><\/p>\n<div id=\"gtx-trans\" style=\"position: absolute; left: -50px; top: 4.31534px;\">\n<div class=\"gtx-trans-icon\"><\/div>\n<\/div>\n<\/div><\/section><\/div><div class=\"flex_column av_one_full  flex_column_div av-zero-column-padding first  avia-builder-el-4  el_after_av_one_full  el_before_av_hr  column-top-margin\" style='border-radius:0px; '><section class=\"av_textblock_section \"  itemscope=\"itemscope\" itemtype=\"https:\/\/schema.org\/BlogPosting\" itemprop=\"blogPost\" ><div class='avia_textblock  '   itemprop=\"text\" ><p class=\"v1MsoNormal\" style=\"text-align: justify;\">En el contexto de la conmemoraci\u00f3n de los 50 a\u00f1os del Golpe Militar, hecho ocurrido el 11 de septiembre de 1973, el Gobierno realiz\u00f3 una serie de actividades para promover esta fecha, reflexionando en torno a valores fundamentales como la Democracia, la Memoria y el Futuro.<\/p>\n<p class=\"v1MsoNormal\" style=\"text-align: justify;\">Tatiana Pl\u00e1 \u00c1lvarez, Seremi de Gobierno regi\u00f3n de Ays\u00e9n, destac\u00f3: \u00abComo Gobierno del Presidente Gabriel Boric, participamos en varias actividades el d\u00eda 11 de septiembre, tanto en actividades organizadas por servicios p\u00fablicos como de organizaciones de Derechos Humanos, sin embargo me quedo con una excelente impresi\u00f3n de dos de ellas, una fue la inauguraci\u00f3n de la Exposici\u00f3n \u00ab50 a\u00f1os, 50 recuerdos, 50 motivos para no olvidar\u00bb, organizado por INDH y Seremi de Justicia y Derechos Humanos, en donde se realiz\u00f3 un reconocimiento a defensoras y defensores de derechos humanos y el otro encuentro que destaco es el Acto \u00abJuventudes y Memoria\u00bb, actividad organizada por Injuv, que nos dej\u00f3 con la grata sensaci\u00f3n de que las futuras generaciones y quienes no nacieron en Dictadura, est\u00e1n conscientes de que valores como Democracia, Memoria y Futuro, deben primar en nuestra sociedad\u00bb.<\/p>\n<p class=\"v1MsoNormal\" style=\"text-align: justify;\">La inauguraci\u00f3n de la Exposici\u00f3n Audiovisual \u00ab50 a\u00f1os, 50 recuerdos, 50 motivos para no olvidar\u00bb y la Ceremonia de Reconocimiento se realizaron en el Centro Cultural de Coyhaique, en donde se hizo un reconocimiento a defensoras y defensores de derechos humanos, mujeres y hombres valientes que han trabajado durante 50 a\u00f1os por la b\u00fasqueda de la verdad y la justicia teniendo un rol fundamental en la recuperaci\u00f3n de la democracia en el pa\u00eds y en la regi\u00f3n.<\/p>\n<p class=\"v1MsoNormal\" style=\"text-align: justify;\">Joaqu\u00edn Bizama Tiznado, jefe regional del Instituto Nacional de Derechos Humanos, indic\u00f3: \u00abLa actividad tuvo por objeto conmemorar los 50 a\u00f1os del Golpe de Estado y tambi\u00e9n reconocer la labor de defensoras y defensores de Derechos Humanos de la regi\u00f3n, que en tiempos oscuros y dif\u00edciles de la Dictadura pudieron entregar su trabajo, su labor para poder defender los Derechos Humanos, en especial de aquellas personas que se encontraban en situaciones mucho m\u00e1s complejas de persecuci\u00f3n, detenci\u00f3n o tortura, por parte de agentes del Estado. Asimismo hicimos un lanzamiento de una exposici\u00f3n fotogr\u00e1fica en la que se muestran distintos momentos de la historia del pa\u00eds, desde el Gobierno del Presidente Allende, el Golpe de Estado y la Dictadura c\u00edvico-militar, tambi\u00e9n all\u00ed se relevan distintas organizaciones e instituciones que colaboraron en momento muy complejos como: el bar l\u00e1cteo, la guarder\u00eda La Paz, secci\u00f3n femenina del sindicato de la Construcci\u00f3n, que ayudaron a personas que se encontraban en situaciones de vulnerabilidad, como ni\u00f1os, ni\u00f1as y adolescentes que en aquellos tiempos no ten\u00edan qu\u00e9 comer o a personas mayores y a trabajadoras cuyos maridos se encontraban detenidos\u00bb.<\/p>\n<p class=\"v1MsoNormal\" style=\"text-align: justify;\">La Exposici\u00f3n Audiovisual se est\u00e1 presentando en el hall del Centro Cultural en Coyhaique, en el Sal\u00f3n Ohri Donoso -quien tambi\u00e9n fue una destacada defensora de los Derechos Humanos- hasta este jueves 14 de septiembre.<\/p>\n<p class=\"v1MsoNormal\" style=\"text-align: justify;\">Mar\u00eda In\u00e9s Co\u00f1uecar, una de las defensoras de los Derechos Humanos homenajeada en la Ceremonia, se\u00f1al\u00f3: \u00abQuiero agradecer al INDH y a la SEREMI de Justicia y DDHH que haya un reconocimiento en mi persona, siento que esto recae tambi\u00e9n en muchas mujeres que de una u otra manera,\u00a0represento. En momentos dif\u00edciles en Dictadura, donde tuvimos que sacar fuerzas de donde no las ten\u00edamos, para luchar para recuperar nuestra democracia. Creo que es fundamental hoy d\u00eda que Nunca\u00a0M\u00e1s en nuestro pa\u00eds vuelvan a ocurrir los horrendos actos de hacer desaparecer a personas porque pensaban diferente, por su pensamiento pol\u00edtico, no puede ser que todav\u00eda hayan personas cuyos cuerpos a\u00fan no aparecen. Creo que en este pa\u00eds vamos a estar m\u00e1s tranquilos cuando haya verdad y justicia. No puede haber olvido, no podemos olvidarnos. Un pa\u00eds sin memoria no puede avanzar\u00bb.<\/p>\n<p class=\"v1MsoNormal\" style=\"text-align: justify;\"><b>Juventud y Memoria<\/b><\/p>\n<p class=\"v1MsoNormal\" style=\"text-align: justify;\">En tanto, el Instituto Nacional de la Juventud de Ays\u00e9n (INJUV) realiz\u00f3 una actividad\u00a0 en Coyhaique, el Acto \u00abJuventudes y Memoria\u00bb, actividad que tuvo por objetivo conmemorar los 50 a\u00f1os del Golpe de Estado, reflexionando sobre el rol de las juventudes en torno a su pasado, presente y futuro, adem\u00e1s de sensibilizar a la poblaci\u00f3n\u00a0 juvenil, a trav\u00e9s de testimonios\u00a0 de familiares de detenidos desaparecidos en Dictadura y poder acercar la informaci\u00f3n a una generaci\u00f3n que no vivi\u00f3 este hecho hist\u00f3rico que fractur\u00f3 la Democracia y la institucionalidad en el pa\u00eds.<\/p>\n<p class=\"v1MsoNormal\" style=\"text-align: justify;\">\u00abEsta instancia denominada \u00abJuventudes y Memoria\u00bb la quisimos realizar porque sabemos que los testimonios ayudan a la comprensi\u00f3n del pasado y a los proyectos del futuro, sobre todo aquellos testimonios de personas que vivieron de forma directa o indirecta los efectos de la dictadura. Remontarnos a lo sucedido el 11 de septiembre de 1973 y los a\u00f1os venideros pareciera ser algo muy lejano, pero lo sucedido en nuestro pa\u00eds es necesario de situar en el plano hoy en d\u00eda, abord\u00e1ndolo desde una mirada intergeneracional, que permita la confluencia de estas visiones y generando acuerdos sociales para que dichas vulneraciones sufridas jam\u00e1s vuelvan a repetirse, por nuestras juventudes del ayer y hoy\u00bb, sostuvo el director regional de INJUV Ays\u00e9n, Camilo Trivi\u00f1o Urtubia.<\/p>\n<p class=\"v1MsoNormal\" style=\"text-align: justify;\">Camila Lemari, nieta de detenido desaparecido y asistente al encuentro organizado por INJUV Ays\u00e9n, destac\u00f3: \u00abLa actividad estaba enfocada en dar testimonio, en este caso de los familiares. Se hizo un conversatorio con las autoridades dentro de la actividad para rescatar diversas vivencias y opiniones. Yo soy nieta de un detenido desaparecido y los que asistimos pudimos conocer lo que sucedi\u00f3 en esos a\u00f1os, cu\u00e1l es el rol de la juventud, c\u00f3mo se para la juventud ante la Historia de nuestro pa\u00eds y lo que podemos hacer de aqu\u00ed al futuro\u00bb.<\/p>\n<\/div><\/section><\/div><div  style='height:50px' class='hr hr-invisible   avia-builder-el-6  el_after_av_one_full  el_before_av_social_share '><span class='hr-inner ' ><span class='hr-inner-style'><\/span><\/span><\/div><\/p>\n<div  class='av-social-sharing-box  avia-builder-el-7  el_after_av_hr  el_before_av_hr  '><div class='av-share-box'><h5 class='av-share-link-description av-no-toc '>Compartir esta noticia<\/h5><ul class='av-share-box-list noLightbox'><li class='av-share-link av-social-link-facebook' ><a target=\"_blank\" aria-label=\"Compartir en Facebook\" href='https:\/\/www.facebook.com\/sharer.php?u=https:\/\/radiorevelacionfm.cl\/?p=34998&#038;t=Dos%20generaciones%20y%20un%20mismo%20valor%3A%20Democracia%20Siempre' aria-hidden='false' data-av_icon='\ue8f3' data-av_iconfont='entypo-fontello' title='' data-avia-related-tooltip='Compartir en Facebook' rel=\"noopener\"><span class='avia_hidden_link_text'>Compartir en Facebook<\/span><\/a><\/li><li class='av-share-link av-social-link-twitter' ><a target=\"_blank\" aria-label=\"Compartir en Twitter\" href='https:\/\/twitter.com\/share?text=Dos%20generaciones%20y%20un%20mismo%20valor%3A%20Democracia%20Siempre&#038;url=https:\/\/radiorevelacionfm.cl\/?p=34998' aria-hidden='false' data-av_icon='\ue8f1' data-av_iconfont='entypo-fontello' title='' data-avia-related-tooltip='Compartir en Twitter' rel=\"noopener\"><span class='avia_hidden_link_text'>Compartir en Twitter<\/span><\/a><\/li><li class='av-share-link av-social-link-whatsapp' ><a target=\"_blank\" aria-label=\"Compartir en Whatsapp\" href='https:\/\/api.whatsapp.com\/send?text=https:\/\/radiorevelacionfm.cl\/?p=34998' aria-hidden='false' data-av_icon='\uf232' data-av_iconfont='entypo-fontello' title='' data-avia-related-tooltip='Compartir en Whatsapp' rel=\"noopener\"><span class='avia_hidden_link_text'>Compartir en Whatsapp<\/span><\/a><\/li><li class='av-share-link av-social-link-linkedin' ><a target=\"_blank\" aria-label=\"Compartir en LinkedIn\" href='https:\/\/linkedin.com\/shareArticle?mini=true&#038;title=Dos%20generaciones%20y%20un%20mismo%20valor%3A%20Democracia%20Siempre&#038;url=https:\/\/radiorevelacionfm.cl\/?p=34998' aria-hidden='false' data-av_icon='\ue8fc' data-av_iconfont='entypo-fontello' title='' data-avia-related-tooltip='Compartir en LinkedIn' rel=\"noopener\"><span class='avia_hidden_link_text'>Compartir en LinkedIn<\/span><\/a><\/li><li class='av-share-link av-social-link-mail' ><a  aria-label=\"Compartir por correo\" href='mailto:?subject=Dos%20generaciones%20y%20un%20mismo%20valor%3A%20Democracia%20Siempre&#038;body=https:\/\/radiorevelacionfm.cl\/?p=34998' aria-hidden='false' data-av_icon='\ue805' data-av_iconfont='entypo-fontello' title='' data-avia-related-tooltip='Compartir por correo'><span class='avia_hidden_link_text'>Compartir por correo<\/span><\/a><\/li><\/ul><\/div><\/div>\n<div  style='height:50px' class='hr hr-invisible   avia-builder-el-8  el_after_av_social_share  el_before_av_comments_list '><span class='hr-inner ' ><span class='hr-inner-style'><\/span><\/span><\/div>\n<div  class='av-buildercomment  av-blog-meta-html-info-disabled av-blog-meta-tag-disabled  '><\/div>\n","protected":false},"excerpt":{"rendered":"","protected":false},"author":1,"featured_media":34999,"comment_status":"open","ping_status":"open","sticky":false,"template":"","format":"standard","meta":{"footnotes":""},"categories":[38],"tags":[],"class_list":["post-34998","post","type-post","status-publish","format-standard","has-post-thumbnail","hentry","category-regional"],"jetpack_featured_media_url":"https:\/\/radiorevelacionfm.cl\/wp-content\/uploads\/2023\/09\/nota-injuv-1-1.jpg","_links":{"self":[{"href":"https:\/\/radiorevelacionfm.cl\/index.php?rest_route=\/wp\/v2\/posts\/34998","targetHints":{"allow":["GET"]}}],"collection":[{"href":"https:\/\/radiorevelacionfm.cl\/index.php?rest_route=\/wp\/v2\/posts"}],"about":[{"href":"https:\/\/radiorevelacionfm.cl\/index.php?rest_route=\/wp\/v2\/types\/post"}],"author":[{"embeddable":true,"href":"https:\/\/radiorevelacionfm.cl\/index.php?rest_route=\/wp\/v2\/users\/1"}],"replies":[{"embeddable":true,"href":"https:\/\/radiorevelacionfm.cl\/index.php?rest_route=%2Fwp%2Fv2%2Fcomments&post=34998"}],"version-history":[{"count":1,"href":"https:\/\/radiorevelacionfm.cl\/index.php?rest_route=\/wp\/v2\/posts\/34998\/revisions"}],"predecessor-version":[{"id":35000,"href":"https:\/\/radiorevelacionfm.cl\/index.php?rest_route=\/wp\/v2\/posts\/34998\/revisions\/35000"}],"wp:featuredmedia":[{"embeddable":true,"href":"https:\/\/radiorevelacionfm.cl\/index.php?rest_route=\/wp\/v2\/media\/34999"}],"wp:attachment":[{"href":"https:\/\/radiorevelacionfm.cl\/index.php?rest_route=%2Fwp%2Fv2%2Fmedia&parent=34998"}],"wp:term":[{"taxonomy":"category","embeddable":true,"href":"https:\/\/radiorevelacionfm.cl\/index.php?rest_route=%2Fwp%2Fv2%2Fcategories&post=34998"},{"taxonomy":"post_tag","embeddable":true,"href":"https:\/\/radiorevelacionfm.cl\/index.php?rest_route=%2Fwp%2Fv2%2Ftags&post=34998"}],"curies":[{"name":"wp","href":"https:\/\/api.w.org\/{rel}","templated":true}]}}